{"id":57560,"date":"2016-09-24T15:33:40","date_gmt":"2016-09-24T12:33:40","guid":{"rendered":"https:\/\/www.enerjigazetesi.ist\/?p=57560"},"modified":"2016-09-24T15:35:07","modified_gmt":"2016-09-24T12:35:07","slug":"libya-iki-yil-aradan-sonra-ilk-petrol-sevkiyatini-gerceklestirdi","status":"publish","type":"post","link":"https:\/\/www.enerjigazetesi.ist\/en\/libya-iki-yil-aradan-sonra-ilk-petrol-sevkiyatini-gerceklestirdi\/","title":{"rendered":"(Turkish) Libya \u0130ki Y\u0131l Aradan Sonra \u0130lk Petrol Sevkiyat\u0131n\u0131 Ger\u00e7ekle\u015ftirdi!"},"content":{"rendered":"<p class=\"qtranxs-available-languages-message qtranxs-available-languages-message-en\">Sorry, this entry is only available in <a href=\"https:\/\/www.enerjigazetesi.ist\/tr\/wp-json\/wp\/v2\/posts\/57560\" class=\"qtranxs-available-language-link qtranxs-available-language-link-tr\" title=\"Turkish\">Turkish<\/a>. For the sake of viewer convenience, the content is shown below in the alternative language. You may click the link to switch the active language.<\/p><p><\/p>\n<p class=\"selectionShareable\" style=\"color: #0a0a0a;\"><strong>Libya taraf\u0131ndan \u00e7at\u0131\u015fmalar\u0131n azalmas\u0131ndan iki y\u0131l sonra ilk petrol sevkiyat\u0131 ger\u00e7ekle\u015ftirildi.<\/strong><span id=\"more-83858\"><\/span><\/p>\n<p class=\"selectionShareable\" style=\"color: #0a0a0a;\">Libya\u2019dan 781 bin varil petrol ta\u015f\u0131yan Seadelta tankerinin Ras Lanuf Liman\u0131\u2019ndan sal\u0131\u00a0gecesi \u0130talya\u2019ya do\u011fru yola \u00e7\u0131kt\u0131\u011f\u0131 belirtildi. Sevkiyat\u0131n Viyan<a href=\"https:\/\/www.enerjigazetesi.ist\/wp-content\/uploads\/2014\/07\/kurt-petrolu-sevkiyati-depolarin-dolmasi-sebebiyle-durdu.jpg\"><img loading=\"lazy\" class=\"alignleft size-medium wp-image-29843\" src=\"https:\/\/www.enerjigazetesi.ist\/wp-content\/uploads\/2014\/07\/kurt-petrolu-sevkiyati-depolarin-dolmasi-sebebiyle-durdu-300x194.jpg\" alt=\"petrol-sevkiyati\" width=\"300\" height=\"194\" srcset=\"https:\/\/www.enerjigazetesi.ist\/wp-content\/uploads\/2014\/07\/kurt-petrolu-sevkiyati-depolarin-dolmasi-sebebiyle-durdu-300x194.jpg 300w, https:\/\/www.enerjigazetesi.ist\/wp-content\/uploads\/2014\/07\/kurt-petrolu-sevkiyati-depolarin-dolmasi-sebebiyle-durdu-500x324.jpg 500w, https:\/\/www.enerjigazetesi.ist\/wp-content\/uploads\/2014\/07\/kurt-petrolu-sevkiyati-depolarin-dolmasi-sebebiyle-durdu-77x50.jpg 77w, https:\/\/www.enerjigazetesi.ist\/wp-content\/uploads\/2014\/07\/kurt-petrolu-sevkiyati-depolarin-dolmasi-sebebiyle-durdu.jpg 521w\" sizes=\"(max-width: 300px) 100vw, 300px\" \/><\/a>a merkezli OMV AG \u015firketi taraf\u0131ndan ger\u00e7ekle\u015ftirildi\u011fi\u00a0ifade edildi.<\/p>\n<p class=\"selectionShareable\" style=\"color: #0a0a0a;\">Gemi daha \u00f6nce \u00e7at\u0131\u015fmalar nedeniyle y\u00fckleme tamamlanmadan denize a\u00e7\u0131lmak zorunda kalm\u0131\u015ft\u0131. 600 bin varil ta\u015f\u0131yan ikinci geminin de iki g\u00fcn i\u00e7inde yola \u00e7\u0131kaca\u011f\u0131 belirtildi. 2011\u2019deki NATO m\u00fcdahalesinin ard\u0131ndan istikrarl\u0131 bir merkezi h\u00fck\u00fcmetin bulunmad\u0131\u011f\u0131 Libya\u2019da, be\u015f y\u0131ld\u0131r s\u00fcren \u00e7at\u0131\u015fmalar nedeniyle petrol \u00fcretimi ve sevkiyat\u0131nda ciddi sorunlar meydana gelmekteydi.<\/p>\n<p class=\"selectionShareable\" style=\"color: #0a0a0a;\">Afrika\u2019n\u0131n en b\u00fcy\u00fck petrol rezervine sahip olan ancak petrol sekt\u00f6r\u00fcn\u00fcn \u00e7at\u0131\u015fmalardan etkilenmesi nedeniyle ekonominin b\u00fcy\u00fck darbe ald\u0131\u011f\u0131 \u00fclkede, devlete ba\u011fl\u0131 petrol \u015firketi bu ay ba\u015f\u0131nda petrol sevkiyat\u0131n\u0131 engelleyen \u00f6nlemleri ask\u0131ya alaca\u011f\u0131n\u0131 duyurmu\u015ftu. A\u011fustos ay\u0131ndan itibaren\u00a0baz\u0131 petrol tesislerinin yeniden a\u00e7\u0131lmas\u0131 ile petrol \u00fcretiminin y\u00fczde 70 oran\u0131nda artt\u0131\u011f\u0131 da belirtildi.<\/p>\n<p><\/p>","protected":false},"excerpt":{"rendered":"<p>Sorry, this entry is only available in Turkish. For the sake of viewer convenience, the content is shown below in the alternative language. You may click the link to switch the active language. Libya taraf\u0131ndan \u00e7at\u0131\u015fmalar\u0131n azalmas\u0131ndan iki y\u0131l sonra ilk petrol sevkiyat\u0131 ger\u00e7ekle\u015ftirildi. Libya\u2019dan 781 bin varil petrol ta\u015f\u0131yan Seadelta tankerinin Ras Lanuf Liman\u0131\u2019ndan [&hellip;]<\/p>\n","protected":false},"author":1,"featured_media":29843,"comment_status":"open","ping_status":"open","sticky":false,"template":"","format":"standard","meta":[],"categories":[53,44],"tags":[25848,63,67,1009,2698,165,9207,16870,59,79,2388,887,2522,5791,20460],"views":1070,"_links":{"self":[{"href":"https:\/\/www.enerjigazetesi.ist\/en\/wp-json\/wp\/v2\/posts\/57560"}],"collection":[{"href":"https:\/\/www.enerjigazetesi.ist\/en\/wp-json\/wp\/v2\/posts"}],"about":[{"href":"https:\/\/www.enerjigazetesi.ist\/en\/wp-json\/wp\/v2\/types\/post"}],"author":[{"embeddable":true,"href":"https:\/\/www.enerjigazetesi.ist\/en\/wp-json\/wp\/v2\/users\/1"}],"replies":[{"embeddable":true,"href":"https:\/\/www.enerjigazetesi.ist\/en\/wp-json\/wp\/v2\/comments?post=57560"}],"version-history":[{"count":3,"href":"https:\/\/www.enerjigazetesi.ist\/en\/wp-json\/wp\/v2\/posts\/57560\/revisions"}],"predecessor-version":[{"id":57563,"href":"https:\/\/www.enerjigazetesi.ist\/en\/wp-json\/wp\/v2\/posts\/57560\/revisions\/57563"}],"wp:featuredmedia":[{"embeddable":true,"href":"https:\/\/www.enerjigazetesi.ist\/en\/wp-json\/wp\/v2\/media\/29843"}],"wp:attachment":[{"href":"https:\/\/www.enerjigazetesi.ist\/en\/wp-json\/wp\/v2\/media?parent=57560"}],"wp:term":[{"taxonomy":"category","embeddable":true,"href":"https:\/\/www.enerjigazetesi.ist\/en\/wp-json\/wp\/v2\/categories?post=57560"},{"taxonomy":"post_tag","embeddable":true,"href":"https:\/\/www.enerjigazetesi.ist\/en\/wp-json\/wp\/v2\/tags?post=57560"}],"curies":[{"name":"wp","href":"https:\/\/api.w.org\/{rel}","templated":true}]}}