{"id":57553,"date":"2016-09-24T15:09:33","date_gmt":"2016-09-24T12:09:33","guid":{"rendered":"https:\/\/www.enerjigazetesi.ist\/?p=57553"},"modified":"2016-09-24T15:09:33","modified_gmt":"2016-09-24T12:09:33","slug":"albayrak-2400-kisilik-9-yeni-cagri-merkezi-hizmete-girecek","status":"publish","type":"post","link":"https:\/\/www.enerjigazetesi.ist\/en\/albayrak-2400-kisilik-9-yeni-cagri-merkezi-hizmete-girecek\/","title":{"rendered":"(Turkish) Albayrak: \u201c2400 Ki\u015filik 9 Yeni \u00c7a\u011fr\u0131 Merkezi Hizmete Girecek&#8230;\u201d"},"content":{"rendered":"<p class=\"qtranxs-available-languages-message qtranxs-available-languages-message-en\">Sorry, this entry is only available in <a href=\"https:\/\/www.enerjigazetesi.ist\/tr\/wp-json\/wp\/v2\/posts\/57553\" class=\"qtranxs-available-language-link qtranxs-available-language-link-tr\" title=\"Turkish\">Turkish<\/a>. For the sake of viewer convenience, the content is shown below in the alternative language. You may click the link to switch the active language.<\/p><p><\/p>\n<p class=\"selectionShareable\" style=\"color: #0a0a0a;\"><strong>Enerji ve Tabii Kaynaklar Bakan\u0131 Berat Albayrak\u2019\u0131n, m\u00fc\u015fteri memnuniyetini art\u0131rrarak\u00a0istihdam yaratmak i\u00e7in b\u00fcy\u00fck \u00f6nem verdi\u011fi elektrik da\u011f\u0131t\u0131m \u015firketleri taraf\u0131ndan kurulacak \u00e7a\u011fr\u0131 merkezlerinde son\u00a0a\u015famalara gelinmi\u015ftir.<\/strong><\/p>\n<p class=\"selectionShareable\" style=\"color: #0a0a0a;\">2 bin 400 ki\u015fiye yeni istihdam sa\u011flayacak olan 9 \u00e7a\u011fr\u0131 merkezi, ekimden itibaren iki ay i\u00e7inde hizmete gir<a href=\"https:\/\/www.enerjigazetesi.ist\/wp-content\/uploads\/2016\/09\/albayrak-2400-kisilik-9-yeni-cagri-merkezi-hizmete-girecek.jpg\"><img loading=\"lazy\" class=\"alignright size-medium wp-image-57554\" src=\"https:\/\/www.enerjigazetesi.ist\/wp-content\/uploads\/2016\/09\/albayrak-2400-kisilik-9-yeni-cagri-merkezi-hizmete-girecek-300x200.jpg\" alt=\"C\" width=\"300\" height=\"200\" srcset=\"https:\/\/www.enerjigazetesi.ist\/wp-content\/uploads\/2016\/09\/albayrak-2400-kisilik-9-yeni-cagri-merkezi-hizmete-girecek-300x200.jpg 300w, https:\/\/www.enerjigazetesi.ist\/wp-content\/uploads\/2016\/09\/albayrak-2400-kisilik-9-yeni-cagri-merkezi-hizmete-girecek-1024x682.jpg 1024w, https:\/\/www.enerjigazetesi.ist\/wp-content\/uploads\/2016\/09\/albayrak-2400-kisilik-9-yeni-cagri-merkezi-hizmete-girecek-500x333.jpg 500w, https:\/\/www.enerjigazetesi.ist\/wp-content\/uploads\/2016\/09\/albayrak-2400-kisilik-9-yeni-cagri-merkezi-hizmete-girecek-75x50.jpg 75w, https:\/\/www.enerjigazetesi.ist\/wp-content\/uploads\/2016\/09\/albayrak-2400-kisilik-9-yeni-cagri-merkezi-hizmete-girecek.jpg 1404w\" sizes=\"(max-width: 300px) 100vw, 300px\" \/><\/a>ecektir. Albayrak\u2019\u0131n, bu \u00e7a\u011fr\u0131 merkezlerinin a\u00e7\u0131l\u0131\u015f\u0131na bizzat kat\u0131lmak istedi\u011fi de ifade edildi.<\/p>\n<p class=\"selectionShareable\" style=\"color: #0a0a0a;\">Bakanl\u0131k, a\u011fustos ay\u0131 ba\u015f\u0131nda \u00e7a\u011fr\u0131 merkezi yat\u0131r\u0131mlar\u0131n\u0131n ekim ay\u0131na kadar tamamlanmas\u0131n\u0131 istemi\u015fti. Bu kapsamda \u00e7al\u0131\u015fmalarda son a\u015famaya gelindi. Da\u011f\u0131t\u0131m \u015firketlerinin halen bin dolay\u0131nda olan \u00e7a\u011fr\u0131 merkezi \u00e7al\u0131\u015fan say\u0131s\u0131 da 3 bin 400\u2019e \u00e7\u0131kacakt\u0131r. Sekt\u00f6r\u00fcn, \u00e7a\u011fr\u0131 merkezlerinin yarataca\u011f\u0131 ek maliyet nedeniyle endi\u015feli oldu\u011fu da bilinmektedir. Enerji Bakanl\u0131\u011f\u0131\u2019n\u0131n da\u011f\u0131t\u0131m \u015firketlerine verdi\u011fi \u201chizmet kalite karnesi\u201d do\u011frultusunda ar\u0131zalara daha h\u0131zl\u0131 m\u00fcdahale edilmesi i\u00e7in de 5 bin teknik eleman istihdam edilecektir.<\/p>\n<p class=\"selectionShareable\" style=\"color: #0a0a0a;\">24 saat kesintisiz hizmet verecek \u015fekilde \u00e7a\u011fr\u0131 merkezi kurulup m\u00fc\u015fteriler 20 saniyede sorunlar\u0131n\u0131 aktarabilecektir.<\/p>\n<p class=\"selectionShareable\" style=\"color: #0a0a0a;\">T\u00fcrkiye\u2019nin farkl\u0131 illerinde 9 yeni \u00e7a\u011fr\u0131 merkezi a\u00e7\u0131lacakt\u0131r. Ekim ay\u0131nda ba\u015flayacak \u00e7a\u011fr\u0131 merkezi a\u00e7\u0131l\u0131\u015flar\u0131, iki ay i\u00e7inde tamamlanacakt\u0131r. Y\u0131l bitmeden \u00e7a\u011fr\u0131 merkezlerinin tamam\u0131 a\u00e7\u0131lm\u0131\u015f olacakt\u0131r. Enerji Bakan\u0131 Albayrak\u2019\u0131n \u00e7a\u011fr\u0131 merkezi a\u00e7\u0131l\u0131\u015flar\u0131n\u0131 bizzat\u00a0kendisinin yapmak istedi\u011fi ifadelerine de yer verildi.<\/p>\n<p><\/p>","protected":false},"excerpt":{"rendered":"<p>Sorry, this entry is only available in Turkish. For the sake of viewer convenience, the content is shown below in the alternative language. You may click the link to switch the active language. Enerji ve Tabii Kaynaklar Bakan\u0131 Berat Albayrak\u2019\u0131n, m\u00fc\u015fteri memnuniyetini art\u0131rrarak\u00a0istihdam yaratmak i\u00e7in b\u00fcy\u00fck \u00f6nem verdi\u011fi elektrik da\u011f\u0131t\u0131m \u015firketleri taraf\u0131ndan kurulacak \u00e7a\u011fr\u0131 merkezlerinde [&hellip;]<\/p>\n","protected":false},"author":1,"featured_media":57554,"comment_status":"open","ping_status":"open","sticky":false,"template":"","format":"standard","meta":[],"categories":[51,53],"tags":[27051,68,1079,61,19638,1451,2873,63,963,67,1009,2698,165,1389,6600,31615],"views":1821,"_links":{"self":[{"href":"https:\/\/www.enerjigazetesi.ist\/en\/wp-json\/wp\/v2\/posts\/57553"}],"collection":[{"href":"https:\/\/www.enerjigazetesi.ist\/en\/wp-json\/wp\/v2\/posts"}],"about":[{"href":"https:\/\/www.enerjigazetesi.ist\/en\/wp-json\/wp\/v2\/types\/post"}],"author":[{"embeddable":true,"href":"https:\/\/www.enerjigazetesi.ist\/en\/wp-json\/wp\/v2\/users\/1"}],"replies":[{"embeddable":true,"href":"https:\/\/www.enerjigazetesi.ist\/en\/wp-json\/wp\/v2\/comments?post=57553"}],"version-history":[{"count":1,"href":"https:\/\/www.enerjigazetesi.ist\/en\/wp-json\/wp\/v2\/posts\/57553\/revisions"}],"predecessor-version":[{"id":57555,"href":"https:\/\/www.enerjigazetesi.ist\/en\/wp-json\/wp\/v2\/posts\/57553\/revisions\/57555"}],"wp:featuredmedia":[{"embeddable":true,"href":"https:\/\/www.enerjigazetesi.ist\/en\/wp-json\/wp\/v2\/media\/57554"}],"wp:attachment":[{"href":"https:\/\/www.enerjigazetesi.ist\/en\/wp-json\/wp\/v2\/media?parent=57553"}],"wp:term":[{"taxonomy":"category","embeddable":true,"href":"https:\/\/www.enerjigazetesi.ist\/en\/wp-json\/wp\/v2\/categories?post=57553"},{"taxonomy":"post_tag","embeddable":true,"href":"https:\/\/www.enerjigazetesi.ist\/en\/wp-json\/wp\/v2\/tags?post=57553"}],"curies":[{"name":"wp","href":"https:\/\/api.w.org\/{rel}","templated":true}]}}