{"id":57504,"date":"2016-09-22T11:03:44","date_gmt":"2016-09-22T08:03:44","guid":{"rendered":"https:\/\/www.enerjigazetesi.ist\/?p=57504"},"modified":"2016-09-22T11:03:44","modified_gmt":"2016-09-22T08:03:44","slug":"yenilenebilir-enerjiye-5-milyon-liralik-ar-ge-destegi-verilecek","status":"publish","type":"post","link":"https:\/\/www.enerjigazetesi.ist\/en\/yenilenebilir-enerjiye-5-milyon-liralik-ar-ge-destegi-verilecek\/","title":{"rendered":"(Turkish) Yenilenebilir Enerjiye 5 milyon Liral\u0131k Ar-Ge Deste\u011fi Verilecek&#8230;"},"content":{"rendered":"<p class=\"qtranxs-available-languages-message qtranxs-available-languages-message-en\">Sorry, this entry is only available in <a href=\"https:\/\/www.enerjigazetesi.ist\/tr\/wp-json\/wp\/v2\/posts\/57504\" class=\"qtranxs-available-language-link qtranxs-available-language-link-tr\" title=\"Turkish\">Turkish<\/a>. For the sake of viewer convenience, the content is shown below in the alternative language. You may click the link to switch the active language.<\/p><p><\/p>\n<p class=\"selectionShareable\" style=\"color: #0a0a0a;\"><strong>Enerji ve Tabii Kaynaklar Bakan\u0131 Berat Albayrak, yenilenebilir enerji projelerine Ar-Ge deste\u011fi sa\u011flad\u0131klar\u0131n\u0131 belirterek, \u201cBakanl\u0131\u011f\u0131m\u0131z, bunun i\u00e7in 2016 y\u0131l\u0131 yat\u0131r\u0131m program\u0131nda toplam 5 milyon 70 bin lira \u00f6denek ay\u0131rm\u0131\u015ft\u0131r. Ayr\u0131ca Karap\u0131nar\u2019\u0131n yan\u0131 s\u0131ra, \u00f6n\u00fcm\u00fczdeki d\u00f6nemlerde \u00f6nemli potansiyele sahip yeni alanlar\u0131n da Yenilenebilir Enerji Kaynak Alan\u0131 (YEKA) ilan edilmesi planlanmaktad\u0131r.\u201d dedi.<\/strong><span id=\"more-83843\"><\/span><\/p>\n<p class=\"selectionShareable\" style=\"color: #0a0a0a;\">Bakan Albayrak, muhalefet taraf\u0131ndan TBMM\u2019ye iletilen baz\u0131 soru \u00f6nergelerine verdi\u011fi yaz\u0131l\u0131 cevapta, T\u00fcrkiye\u2019de yenilenebilir enerji kaynaklar\u0131ndan elektrik \u00fcretimine al\u0131m garantisi sa\u011fland\u0131\u011f\u0131n\u0131 ve bu kaynaklara dayal\u0131 elektrik<a href=\"https:\/\/www.enerjigazetesi.ist\/wp-content\/uploads\/2015\/12\/bakan-albayrak-rusyayla-dogalgaz-sorunu-olmayacak.jpg\"><img loading=\"lazy\" class=\"alignright size-medium wp-image-48373\" src=\"https:\/\/www.enerjigazetesi.ist\/wp-content\/uploads\/2015\/12\/bakan-albayrak-rusyayla-dogalgaz-sorunu-olmayacak-300x165.jpg\" alt=\"bakan-albayrak\" width=\"300\" height=\"165\" srcset=\"https:\/\/www.enerjigazetesi.ist\/wp-content\/uploads\/2015\/12\/bakan-albayrak-rusyayla-dogalgaz-sorunu-olmayacak-300x165.jpg 300w, https:\/\/www.enerjigazetesi.ist\/wp-content\/uploads\/2015\/12\/bakan-albayrak-rusyayla-dogalgaz-sorunu-olmayacak-500x276.jpg 500w, https:\/\/www.enerjigazetesi.ist\/wp-content\/uploads\/2015\/12\/bakan-albayrak-rusyayla-dogalgaz-sorunu-olmayacak-80x44.jpg 80w, https:\/\/www.enerjigazetesi.ist\/wp-content\/uploads\/2015\/12\/bakan-albayrak-rusyayla-dogalgaz-sorunu-olmayacak.jpg 696w\" sizes=\"(max-width: 300px) 100vw, 300px\" \/><\/a> \u00fcretimi ger\u00e7ekle\u015ftiren yat\u0131r\u0131mc\u0131lar\u0131n desteklendi\u011fini a\u00e7\u0131klad\u0131.<\/p>\n<p class=\"selectionShareable\" style=\"color: #0a0a0a;\">Bu deste\u011fin 2020 y\u0131l\u0131 sonuna kadar i\u015fletmeye girecek tesisler i\u00e7in uygulanmakta oldu\u011funu hat\u0131rlatan Albayrak, Bakanl\u0131k b\u00fcnyesinde yenilenebilir enerji kaynaklar\u0131ndan azami d\u00fczeyde faydalanmaya y\u00f6nelik politika ve mevzuat g\u00fcncellemelerinin ger\u00e7ekle\u015ftirildi\u011fini\u00a0belirtti.<\/p>\n<p class=\"selectionShareable\" style=\"color: #0a0a0a;\">Albayrak, bu kapsamda Bakanl\u0131\u011f\u0131n yenilenebilir enerji projelerine Ar-Ge deste\u011fi verdi\u011fine dikkati \u00e7ekerek, \u015funlar\u0131 ifade etti:<\/p>\n<p class=\"selectionShareable\" style=\"color: #0a0a0a;\">\u201c\u00dclkemizin hidrolik, r\u00fczgar, jeotermal, g\u00fcne\u015f, biyok\u00fctle ve di\u011fer yenilenebilir enerji kaynaklar\u0131n\u0131n yat\u0131r\u0131ma d\u00f6n\u00fc\u015ft\u00fcr\u00fclmesi amac\u0131yla y\u00fcr\u00fct\u00fclen projeler \u00f6zel sekt\u00f6r marifetiyle olmaktad\u0131r. Bakanl\u0131\u011f\u0131m\u0131z bu projelere Ar-Ge deste\u011fi vermekte olup, bunun i\u00e7in 2016 y\u0131l\u0131 yat\u0131r\u0131m program\u0131nda toplam 5 milyon 70 bin lira \u00f6denek ay\u0131rm\u0131\u015ft\u0131r. D\u00fcnya Bankas\u0131, Avrupa \u0130mar ve Kalk\u0131nma Bankas\u0131 gibi uluslararas\u0131 finans kurulu\u015flar\u0131 proje yat\u0131r\u0131m maliyetinin b\u00fcy\u00fckl\u00fc\u011f\u00fcne g\u00f6re yenilenebilir enerji kaynaklar\u0131na dayal\u0131 yat\u0131r\u0131mlara do\u011frudan veya \u00fclkemizdeki bankalar arac\u0131l\u0131\u011f\u0131yla finansman sa\u011flayabilmektedir. \u00d6te yandan, \u00f6zel sekt\u00f6r jeotermal enerji yat\u0131r\u0131mlar\u0131n\u0131n artt\u0131r\u0131lmas\u0131 amac\u0131yla kaynak arama a\u015famas\u0131nda risklerin azalt\u0131lmas\u0131 i\u00e7in Risk Payla\u015f\u0131m Mekanizmas\u0131 ve kaynak geli\u015ftirme faaliyetlerine y\u00f6nelik kredi imkan\u0131 i\u00e7eren Jeotermal Enerji Geli\u015ftirme Projesi geli\u015ftirilmi\u015ftir. Proje, D\u00fcnya Bankas\u0131ndan sa\u011flanan 250 milyon dolar tutar\u0131ndaki kredi ve Temiz Teknoloji Fonu\u2019ndan 39,8 milyon dolar tutar\u0131ndaki hibe ile finanse edilecektir.\u201d<\/p>\n<p class=\"selectionShareable\" style=\"color: #0a0a0a;\">Gelecek d\u00f6nemde yenilenebilir enerji kaynaklar\u0131 a\u00e7\u0131s\u0131ndan potansiyeli y\u00fcksek ve nispeten daha az potansiyele sahip b\u00f6lgelerde de yat\u0131r\u0131mlar\u0131n ger\u00e7ekle\u015ftirilece\u011fini belirten Albayrak, g\u00fcne\u015f enerjisi potansiyeli bak\u0131m\u0131ndan zengin ve g\u00fcne\u015f panellerini kurma a\u00e7\u0131s\u0131ndan elveri\u015fli bir b\u00f6lge olan Konya Karap\u0131nar\u2019da Yenilenebilir Enerji Kaynak Alan\u0131 (YEKA) ilan edildi\u011fini\u00a0s\u00f6yledi.<\/p>\n<p class=\"selectionShareable\" style=\"color: #0a0a0a;\">Bakan Albayrak, s\u00f6z konusu YEKA ilan\u0131 ile bu b\u00f6lgede b\u00fcy\u00fck \u00f6l\u00e7ekli g\u00fcne\u015f santrallerinin projelendirilece\u011fini belirterek, \u201c\u00d6n\u00fcm\u00fczdeki d\u00f6nemlerde yenilenebilir enerji kaynaklar\u0131n\u0131n korunmas\u0131 ve bunlardan daha \u00e7ok faydalanabilmek amac\u0131yla Karap\u0131nar\u2019\u0131n yan\u0131 s\u0131ra, \u00f6nemli potansiyeline sahip yeni alanlar\u0131n da YEKA ilan edilmesi planlanmaktad\u0131r.\u201d\u00a0ifadelerine yer verdi.<\/p>\n<p class=\"selectionShareable\" style=\"color: #0a0a0a;\">Kaynak: Enerji Enstit\u00fcs\u00fc<\/p>\n<p><\/p>","protected":false},"excerpt":{"rendered":"<p>Sorry, this entry is only available in Turkish. For the sake of viewer convenience, the content is shown below in the alternative language. You may click the link to switch the active language. Enerji ve Tabii Kaynaklar Bakan\u0131 Berat Albayrak, yenilenebilir enerji projelerine Ar-Ge deste\u011fi sa\u011flad\u0131klar\u0131n\u0131 belirterek, \u201cBakanl\u0131\u011f\u0131m\u0131z, bunun i\u00e7in 2016 y\u0131l\u0131 yat\u0131r\u0131m program\u0131nda toplam [&hellip;]<\/p>\n","protected":false},"author":1,"featured_media":48373,"comment_status":"open","ping_status":"open","sticky":false,"template":"","format":"standard","meta":[],"categories":[53],"tags":[7257,1678,63,963,67,1009,2698,165,227,8310,58,69,105,508],"views":906,"_links":{"self":[{"href":"https:\/\/www.enerjigazetesi.ist\/en\/wp-json\/wp\/v2\/posts\/57504"}],"collection":[{"href":"https:\/\/www.enerjigazetesi.ist\/en\/wp-json\/wp\/v2\/posts"}],"about":[{"href":"https:\/\/www.enerjigazetesi.ist\/en\/wp-json\/wp\/v2\/types\/post"}],"author":[{"embeddable":true,"href":"https:\/\/www.enerjigazetesi.ist\/en\/wp-json\/wp\/v2\/users\/1"}],"replies":[{"embeddable":true,"href":"https:\/\/www.enerjigazetesi.ist\/en\/wp-json\/wp\/v2\/comments?post=57504"}],"version-history":[{"count":1,"href":"https:\/\/www.enerjigazetesi.ist\/en\/wp-json\/wp\/v2\/posts\/57504\/revisions"}],"predecessor-version":[{"id":57505,"href":"https:\/\/www.enerjigazetesi.ist\/en\/wp-json\/wp\/v2\/posts\/57504\/revisions\/57505"}],"wp:featuredmedia":[{"embeddable":true,"href":"https:\/\/www.enerjigazetesi.ist\/en\/wp-json\/wp\/v2\/media\/48373"}],"wp:attachment":[{"href":"https:\/\/www.enerjigazetesi.ist\/en\/wp-json\/wp\/v2\/media?parent=57504"}],"wp:term":[{"taxonomy":"category","embeddable":true,"href":"https:\/\/www.enerjigazetesi.ist\/en\/wp-json\/wp\/v2\/categories?post=57504"},{"taxonomy":"post_tag","embeddable":true,"href":"https:\/\/www.enerjigazetesi.ist\/en\/wp-json\/wp\/v2\/tags?post=57504"}],"curies":[{"name":"wp","href":"https:\/\/api.w.org\/{rel}","templated":true}]}}