{"id":57488,"date":"2016-09-21T18:09:01","date_gmt":"2016-09-21T15:09:01","guid":{"rendered":"https:\/\/www.enerjigazetesi.ist\/?p=57488"},"modified":"2016-09-21T18:09:01","modified_gmt":"2016-09-21T15:09:01","slug":"iranda-yaptirimlarin-kaldirilmasiyla-petrolde-eski-ihracat-hacmine-ulasildi","status":"publish","type":"post","link":"https:\/\/www.enerjigazetesi.ist\/en\/iranda-yaptirimlarin-kaldirilmasiyla-petrolde-eski-ihracat-hacmine-ulasildi\/","title":{"rendered":"(Turkish) \u0130ran&#8217;da Yapt\u0131r\u0131mlar\u0131n Kald\u0131r\u0131lmas\u0131yla Petrolde Eski \u0130hracat Hacmine Ula\u015f\u0131ld\u0131&#8230;"},"content":{"rendered":"<p class=\"qtranxs-available-languages-message qtranxs-available-languages-message-en\">Sorry, this entry is only available in <a href=\"https:\/\/www.enerjigazetesi.ist\/tr\/wp-json\/wp\/v2\/posts\/57488\" class=\"qtranxs-available-language-link qtranxs-available-language-link-tr\" title=\"Turkish\">Turkish<\/a>. For the sake of viewer convenience, the content is shown below in the alternative language. You may click the link to switch the active language.<\/p><p><\/p>\n<p class=\"selectionShareable\"><strong>\u0130ran\u2019\u0131n kendisine uygulanan yapt\u0131r\u0131mlar\u0131n kald\u0131r\u0131lmas\u0131 sonras\u0131nda petrol \u00fcretiminde eski ihracat hacmine yeniden ula\u015f\u0131ld\u0131.<\/strong><\/p>\n<p class=\"selectionShareable\">A\u011fustos ay\u0131nda, \u0130ran\u2019\u0131n g\u00fcnl\u00fck petrol ihracat\u0131n\u0131 y\u00fczde 15 art\u0131rarak kendisine uygulanan yapt\u0131r\u0131mlar \u00f6ncesi d\u00f6nemde g\u00fcnde 2 <a href=\"https:\/\/www.enerjigazetesi.ist\/wp-content\/uploads\/2015\/12\/iran-petrol-yapt\u0131r\u0131m-90345-696x385.jpg\"><img loading=\"lazy\" class=\"alignright size-medium wp-image-48237\" src=\"https:\/\/www.enerjigazetesi.ist\/wp-content\/uploads\/2015\/12\/iran-petrol-yapt\u0131r\u0131m-90345-696x385-300x165.jpg\" alt=\"iran-petrol-yapt\u0131r\u0131m-90345-696x385\" width=\"300\" height=\"165\" srcset=\"https:\/\/www.enerjigazetesi.ist\/wp-content\/uploads\/2015\/12\/iran-petrol-yapt\u0131r\u0131m-90345-696x385-300x165.jpg 300w, https:\/\/www.enerjigazetesi.ist\/wp-content\/uploads\/2015\/12\/iran-petrol-yapt\u0131r\u0131m-90345-696x385-500x276.jpg 500w, https:\/\/www.enerjigazetesi.ist\/wp-content\/uploads\/2015\/12\/iran-petrol-yapt\u0131r\u0131m-90345-696x385-80x44.jpg 80w, https:\/\/www.enerjigazetesi.ist\/wp-content\/uploads\/2015\/12\/iran-petrol-yapt\u0131r\u0131m-90345-696x385.jpg 696w\" sizes=\"(max-width: 300px) 100vw, 300px\" \/><\/a>milyon varil petrol \u00fcretimi yakaland\u0131\u011f\u0131 a\u00e7\u0131kland\u0131.<\/p>\n<p class=\"selectionShareable\">2012 y\u0131l\u0131nda, OPEC \u00fclkeleri \u0130ran petrol\u00fcne ambargo uygulamaya\u00a0ba\u015flayarak ayn\u0131 d\u00f6nemde Avrupa da kendi ambargosunu Tahran\u2019\u0131 n\u00fckleer silahlar\u0131n\u0131 azaltmaya y\u00f6nelik zorlama olarak a\u00e7\u0131klam\u0131\u015ft\u0131.<\/p>\n<p class=\"selectionShareable\">N\u00fckleer program\u0131n\u0131 ortadan kald\u0131rmay\u0131 reddeden \u0130ran\u2019a kar\u015f\u0131 ABD, \u00a0AB ve ortaklar\u0131 kapsaml\u0131 ticaret k\u0131s\u0131tlamalar\u0131 2012 y\u0131l Ocak ay\u0131nda uygulamaya konulmu\u015ftu. Bu yasak \u00f6ncelikle petrol ve petrol \u00fcr\u00fcnleri ihracat\u0131 \u00f6ng\u00f6r\u00fclmektedir.<\/p>\n<p><\/p>","protected":false},"excerpt":{"rendered":"<p>Sorry, this entry is only available in Turkish. For the sake of viewer convenience, the content is shown below in the alternative language. You may click the link to switch the active language. \u0130ran\u2019\u0131n kendisine uygulanan yapt\u0131r\u0131mlar\u0131n kald\u0131r\u0131lmas\u0131 sonras\u0131nda petrol \u00fcretiminde eski ihracat hacmine yeniden ula\u015f\u0131ld\u0131. A\u011fustos ay\u0131nda, \u0130ran\u2019\u0131n g\u00fcnl\u00fck petrol ihracat\u0131n\u0131 y\u00fczde 15 art\u0131rarak [&hellip;]<\/p>\n","protected":false},"author":1,"featured_media":48237,"comment_status":"open","ping_status":"open","sticky":false,"template":"","format":"standard","meta":[],"categories":[53,44],"tags":[63,67,1009,2698,165,1333,10201,28736,59,79,2388,628,887,2522,1369,24591],"views":731,"_links":{"self":[{"href":"https:\/\/www.enerjigazetesi.ist\/en\/wp-json\/wp\/v2\/posts\/57488"}],"collection":[{"href":"https:\/\/www.enerjigazetesi.ist\/en\/wp-json\/wp\/v2\/posts"}],"about":[{"href":"https:\/\/www.enerjigazetesi.ist\/en\/wp-json\/wp\/v2\/types\/post"}],"author":[{"embeddable":true,"href":"https:\/\/www.enerjigazetesi.ist\/en\/wp-json\/wp\/v2\/users\/1"}],"replies":[{"embeddable":true,"href":"https:\/\/www.enerjigazetesi.ist\/en\/wp-json\/wp\/v2\/comments?post=57488"}],"version-history":[{"count":1,"href":"https:\/\/www.enerjigazetesi.ist\/en\/wp-json\/wp\/v2\/posts\/57488\/revisions"}],"predecessor-version":[{"id":57489,"href":"https:\/\/www.enerjigazetesi.ist\/en\/wp-json\/wp\/v2\/posts\/57488\/revisions\/57489"}],"wp:featuredmedia":[{"embeddable":true,"href":"https:\/\/www.enerjigazetesi.ist\/en\/wp-json\/wp\/v2\/media\/48237"}],"wp:attachment":[{"href":"https:\/\/www.enerjigazetesi.ist\/en\/wp-json\/wp\/v2\/media?parent=57488"}],"wp:term":[{"taxonomy":"category","embeddable":true,"href":"https:\/\/www.enerjigazetesi.ist\/en\/wp-json\/wp\/v2\/categories?post=57488"},{"taxonomy":"post_tag","embeddable":true,"href":"https:\/\/www.enerjigazetesi.ist\/en\/wp-json\/wp\/v2\/tags?post=57488"}],"curies":[{"name":"wp","href":"https:\/\/api.w.org\/{rel}","templated":true}]}}