{"id":57481,"date":"2016-09-21T09:37:25","date_gmt":"2016-09-21T06:37:25","guid":{"rendered":"https:\/\/www.enerjigazetesi.ist\/?p=57481"},"modified":"2016-09-21T09:37:25","modified_gmt":"2016-09-21T06:37:25","slug":"is-dunyasi-paris-anlasmasina-hazirlik-yapiyor","status":"publish","type":"post","link":"https:\/\/www.enerjigazetesi.ist\/en\/is-dunyasi-paris-anlasmasina-hazirlik-yapiyor\/","title":{"rendered":"(Turkish) \u0130\u015f D\u00fcnyas\u0131 Paris Anla\u015fmas\u0131na Haz\u0131rl\u0131k Yap\u0131yor!"},"content":{"rendered":"<p class=\"qtranxs-available-languages-message qtranxs-available-languages-message-en\">Sorry, this entry is only available in <a href=\"https:\/\/www.enerjigazetesi.ist\/tr\/wp-json\/wp\/v2\/posts\/57481\" class=\"qtranxs-available-language-link qtranxs-available-language-link-tr\" title=\"Turkish\">Turkish<\/a>. For the sake of viewer convenience, the content is shown below in the alternative language. You may click the link to switch the active language.<\/p><p><\/p>\n<p class=\"selectionShareable\" style=\"color: #0a0a0a;\"><strong>D\u00fcnyan\u0131n en b\u00fcy\u00fck 600 \u015firketi, i\u015f planlar\u0131n\u0131 BM \u0130klim Anla\u015fmas\u0131 kapsam\u0131nda g\u00f6zden ge\u00e7irilmektedir.<\/strong><\/p>\n<p class=\"selectionShareable\" style=\"color: #0a0a0a;\"><strong>20 Eyl\u00fcl 2016<\/strong>: Carbon Disclosure Project\u2019in (CDP)\u2019nin 600 \u015firket hakk\u0131nda yapt\u0131\u011f\u0131detayl\u0131 analiz, Paris Anla\u015fmas\u0131\u2019n\u0131n i\u015f d\u00fcnyas\u0131n\u0131 d\u00f6n\u00fc\u015ft\u00fcrmeye ba\u015flad\u0131\u011f\u0131n\u0131 g\u00f6zler \u00f6n\u00fcne seriyor. Paris Anla\u015fmas\u0131\u2019n\u0131n uluslararas\u0131 bir yasa olarak y\u00fcr\u00fcrl\u00fc\u011f\u00fcne girmesine az bir zaman kala, <a href=\"https:\/\/www.enerjigazetesi.ist\/wp-content\/uploads\/2015\/12\/paris-iklim-degisikligi-anlasmasinda-hukuki-yaptirim-eksikligi-zayifligi.jpg\"><img loading=\"lazy\" class=\"alignleft  wp-image-48012\" src=\"https:\/\/www.enerjigazetesi.ist\/wp-content\/uploads\/2015\/12\/paris-iklim-degisikligi-anlasmasinda-hukuki-yaptirim-eksikligi-zayifligi-300x165.jpg\" alt=\"paris-iklim-degisikligi-anlasmasi\" width=\"300\" height=\"217\" \/><\/a>uluslararas\u0131 \u015firketler, Paris anla\u015fmas\u0131n\u0131n, operasyonlar\u0131na, mal varl\u0131klar\u0131na ve giderlerine dair etkilerini hesaplamaya ve i\u015f planlar\u0131na iklim anla\u015fmas\u0131n\u0131 yans\u0131tmaya ba\u015flad\u0131lar.<span id=\"more-83826\"><\/span><\/p>\n<p class=\"selectionShareable\" style=\"color: #0a0a0a;\">CDP Paris Anla\u015fmas\u0131n\u0131n onayland\u0131\u011f\u0131 Birle\u015fmi\u015f Milletler \u0130klim De\u011fi\u015fikli\u011fi Taraflar Konferans\u0131 (COP21) tarihinden itibaren toplad\u0131\u011f\u0131 \u00f6zel sekt\u00f6r verileri \u00e7arp\u0131c\u0131 sonu\u00e7lar i\u00e7eriyor. Verilere g\u00f6re, toplam de\u011feri 12 Trilyon Dolar olan 600 k\u00fcresel b\u00fcy\u00fck \u00f6l\u00e7ekli \u015firket, i\u015f planlar\u0131n\u0131 Paris Anla\u015fmas\u0131 do\u011frultusunda d\u00fczenlemeye ba\u015flad\u0131. \u015eirketler aras\u0131nda Nestle, Nike, L\u2019Oreal, Anglo Amerian, Lufthansa, AkzoNobel, BHP Billiton, E.ON ve Iberdrola gibi \u015firketler bulunmaktad\u0131r.<\/p>\n<p class=\"selectionShareable\" style=\"color: #0a0a0a;\">CDP, 827 kurum ve kurulu\u015fu kapsayan kapsaml\u0131 bir iklim de\u011fi\u015fikli\u011fi analizi ve anketi y\u00fcr\u00fct\u00fcyor[1]. Kurumlara sorular sorular i\u00e7erisinde, \u015firketlere, operasyonlar\u0131nda, mal varl\u0131klar\u0131nda ve harcamalar\u0131nda de\u011fi\u015fikli\u011fe yol a\u00e7abilecek, iklim de\u011fi\u015fikli\u011fi ile ilgili her hangi bir risk ve \/ veya f\u0131rsatlar olup olmad\u0131\u011f\u0131 da soruldu.<\/p>\n<p class=\"selectionShareable\" style=\"color: #0a0a0a;\">Y\u00fcksek emisyonlu kamu hizmetleri sekt\u00f6r\u00fcnde \u00e7al\u0131\u015fan \u015firketlerin \u00f6nemli bir k\u0131sm\u0131 (%47), iklim de\u011fi\u015fikli\u011finin i\u015flerini etkiledi\u011fini ifade ediyor. Enerji gibi di\u011fer y\u00fcksek emisyonlu sekt\u00f6rler de k\u00fcresel iklim anla\u015fmas\u0131n\u0131n sonu\u00e7lar\u0131n\u0131 risk ve zorluk olarak belirtiyor. Ayr\u0131ca, anla\u015fmay\u0131 f\u0131rsat olarak nitelendiren \u015firketlerin say\u0131s\u0131 (341) risk olarak nitelendiren \u015firket say\u0131s\u0131ndan (272) daha fazlad\u0131r.<\/p>\n<p class=\"selectionShareable\" style=\"color: #0a0a0a;\"><strong>CDP\u2019nin CEO\u2019su Paul Simpson \u201c<\/strong><em>Anla\u015fman\u0131n resmi olarak y\u00fcr\u00fcrl\u00fc\u011fe girmesi, k\u00fcresel \u015firketler i\u00e7in bir d\u00f6n\u00fcm noktas\u0131 olacak; Anla\u015fma i\u015f d\u00fcnyas\u0131n\u0131n art\u0131k eski \u00e7al\u0131\u015fma ile devam edemeyece\u011fini ve d\u00fc\u015f\u00fck karbonlu gelece\u011fin ka\u00e7\u0131n\u0131lmaz oldu\u011funu ortaya koyuyor. Toplad\u0131\u011f\u0131m\u0131z veriler, bir\u00e7ok \u015firketin, bu yeni ger\u00e7ekli\u011fin hali haz\u0131rda fark\u0131na var\u0131ld\u0131\u011f\u0131n\u0131, anla\u015fman\u0131n ticari faaliyetlerini etkileyece\u011finin kabul edildi\u011fini ortaya koymaktad\u0131r.\u201d<\/em><\/p>\n<p class=\"selectionShareable\" style=\"color: #0a0a0a;\">\u00dclkelerin Paris Anla\u015fmas\u0131\u2019na verdikleri azalt\u0131m hedeflerinin yasal olarak ba\u011flay\u0131c\u0131 olacak olmas\u0131yla, t\u00fcm sekt\u00f6rlerdeki \u015firketlerin ticari faaliyetleri etkilenecek. Do\u011fal olarak y\u00fcksek emisyon \u00fcreten sekt\u00f6rlerde faaliyet g\u00f6steren \u015firketler en \u00e7ok etkilenecek olanlar. \u00d6rne\u011fin, k\u00fcresel emisyonlar\u0131n y\u00fczde 5\u2019inden sorumlu olan \u00e7imento sekt\u00f6r\u00fc, d\u00fc\u015f\u00fck karbon fiyat\u0131nda bile (ton ba\u015f\u0131na 10 dolar) y\u0131ll\u0131k ortalama 4.5 Trilyon dolar daha az kazan\u00e7 elde etme riski ile kar\u015f\u0131 kar\u015f\u0131ya[2].<\/p>\n<p class=\"selectionShareable\" style=\"color: #0a0a0a;\">[1]\u00a0CDP\u2019nin 2016 K\u00fcresel \u0130klim De\u011fi\u015fikli\u011fi Raporu, 25 Ekim 2016\u2019da yay\u0131nlanacak, bu analiz \u00e7er\u00e7evesinde t\u00fcm \u015firketlerin detayl\u0131 verileri kamuoyu ile payla\u015f\u0131lacakt\u0131r.<\/p>\n<p class=\"selectionShareable\" style=\"color: #0a0a0a;\"><a style=\"color: #1e73be;\" href=\"http:\/\/enerjienstitusu.com\/2016\/09\/21\/is-dunyasi-paris-anlasmasina-hazirlaniyor\/#_ftnref2\" target=\"_blank\" name=\"_ftn2\">[2]<\/a>\u00a0<a style=\"color: #1e73be;\" href=\"https:\/\/www.cdp.net\/en\/reports\/downloads\/1132\" target=\"_blank\">CDP\u2019s 2016 Global Carbon Price report<\/a><\/p>\n<p><\/p>","protected":false},"excerpt":{"rendered":"<p>Sorry, this entry is only available in Turkish. For the sake of viewer convenience, the content is shown below in the alternative language. You may click the link to switch the active language. D\u00fcnyan\u0131n en b\u00fcy\u00fck 600 \u015firketi, i\u015f planlar\u0131n\u0131 BM \u0130klim Anla\u015fmas\u0131 kapsam\u0131nda g\u00f6zden ge\u00e7irilmektedir. 20 Eyl\u00fcl 2016: Carbon Disclosure Project\u2019in (CDP)\u2019nin 600 \u015firket [&hellip;]<\/p>\n","protected":false},"author":1,"featured_media":48012,"comment_status":"open","ping_status":"open","sticky":false,"template":"","format":"standard","meta":[],"categories":[53,52],"tags":[63,67,1009,2698,165,1999,27427],"views":698,"_links":{"self":[{"href":"https:\/\/www.enerjigazetesi.ist\/en\/wp-json\/wp\/v2\/posts\/57481"}],"collection":[{"href":"https:\/\/www.enerjigazetesi.ist\/en\/wp-json\/wp\/v2\/posts"}],"about":[{"href":"https:\/\/www.enerjigazetesi.ist\/en\/wp-json\/wp\/v2\/types\/post"}],"author":[{"embeddable":true,"href":"https:\/\/www.enerjigazetesi.ist\/en\/wp-json\/wp\/v2\/users\/1"}],"replies":[{"embeddable":true,"href":"https:\/\/www.enerjigazetesi.ist\/en\/wp-json\/wp\/v2\/comments?post=57481"}],"version-history":[{"count":1,"href":"https:\/\/www.enerjigazetesi.ist\/en\/wp-json\/wp\/v2\/posts\/57481\/revisions"}],"predecessor-version":[{"id":57482,"href":"https:\/\/www.enerjigazetesi.ist\/en\/wp-json\/wp\/v2\/posts\/57481\/revisions\/57482"}],"wp:featuredmedia":[{"embeddable":true,"href":"https:\/\/www.enerjigazetesi.ist\/en\/wp-json\/wp\/v2\/media\/48012"}],"wp:attachment":[{"href":"https:\/\/www.enerjigazetesi.ist\/en\/wp-json\/wp\/v2\/media?parent=57481"}],"wp:term":[{"taxonomy":"category","embeddable":true,"href":"https:\/\/www.enerjigazetesi.ist\/en\/wp-json\/wp\/v2\/categories?post=57481"},{"taxonomy":"post_tag","embeddable":true,"href":"https:\/\/www.enerjigazetesi.ist\/en\/wp-json\/wp\/v2\/tags?post=57481"}],"curies":[{"name":"wp","href":"https:\/\/api.w.org\/{rel}","templated":true}]}}