{"id":57479,"date":"2016-09-21T09:32:35","date_gmt":"2016-09-21T06:32:35","guid":{"rendered":"https:\/\/www.enerjigazetesi.ist\/?p=57479"},"modified":"2016-09-21T09:32:35","modified_gmt":"2016-09-21T06:32:35","slug":"venezuelaya-gore-petrolde-anlasma-yakin-zamanda-gerceklesecek","status":"publish","type":"post","link":"https:\/\/www.enerjigazetesi.ist\/en\/venezuelaya-gore-petrolde-anlasma-yakin-zamanda-gerceklesecek\/","title":{"rendered":"(Turkish) Venezuela\u2019ya G\u00f6re Petrolde Anla\u015fma Yak\u0131n Zamanda Ger\u00e7ekle\u015fecek&#8230;"},"content":{"rendered":"<p class=\"qtranxs-available-languages-message qtranxs-available-languages-message-en\">Sorry, this entry is only available in <a href=\"https:\/\/www.enerjigazetesi.ist\/tr\/wp-json\/wp\/v2\/posts\/57479\" class=\"qtranxs-available-language-link qtranxs-available-language-link-tr\" title=\"Turkish\">Turkish<\/a>. For the sake of viewer convenience, the content is shown below in the alternative language. You may click the link to switch the active language.<\/p><p><\/p>\n<p class=\"selectionShareable\" style=\"color: #0a0a0a;\"><strong>Venezuela Devlet Ba\u015fkan\u0131 Nicolas Maduro, OPEC ve OPEC \u00fcyesi olmayan \u00fclkelerin petrol piyasas\u0131nda istikrar\u0131 sa\u011flayacak bir anla\u015fmaya yakla\u015ft\u0131klar\u0131n\u0131\u00a0belirtti.<\/strong><span id=\"more-83815\"><\/span><\/p>\n<p class=\"selectionShareable\" style=\"color: #0a0a0a;\">Venezuela Devlet Ba\u015fkan\u0131 Nicolas Maduro, OPEC ve OPEC \u00fcyesi olmayan \u00fclkelerin\u00a0petrol piyasas\u0131nda istikrar\u0131 sa\u011flayacak bir anla\u015fmaya yakla\u015ft\u0131klar\u0131n\u0131 ve bu\u00a0anla\u015fman\u0131n Eyl\u00fcl ay\u0131 i\u00e7inde a\u00e7\u0131klanmas\u0131n\u0131 ama\u00e7lad\u0131klar\u0131n\u0131\u00a0ifade etti<a href=\"https:\/\/www.enerjigazetesi.ist\/wp-content\/uploads\/2016\/04\/opecin-petrol-uretimi-martta-artti.jpg\"><img loading=\"lazy\" class=\"alignright  wp-image-52041\" src=\"https:\/\/www.enerjigazetesi.ist\/wp-content\/uploads\/2016\/04\/opecin-petrol-uretimi-martta-artti.jpg\" alt=\"opecin-petrol-uretimi\" width=\"300\" height=\"217\" \/><\/a>.<\/p>\n<p class=\"selectionShareable\" style=\"color: #0a0a0a;\">Petrol fiyatlar\u0131n\u0131n y\u00fcksek tutulmas\u0131ndan yana olan Maduro, Margarita Adas\u0131\u2019nda d\u00fczenlenen Ba\u011flant\u0131s\u0131z \u00dclkeler zirve toplant\u0131s\u0131nda, OPEC \u00fcyesi olan ve olmayan \u00fclkeler aras\u0131nda her an bir anla\u015fmaya var\u0131lmas\u0131n\u0131n m\u00fcmk\u00fcn oldu\u011funu s\u00f6yledi.<\/p>\n<p class=\"selectionShareable\" style=\"color: #0a0a0a;\">Maduro d\u00fcn d\u00fczenledi\u011fi bas\u0131n toplant\u0131s\u0131nda, \u201cRuhani ile uzun bir ikili, g\u00f6r\u00fc\u015fme yapt\u0131k. OPEC ve OPEC d\u0131\u015f\u0131 \u00fcretici \u00fclkeler aras\u0131nda bir anla\u015fmaya yak\u0131n\u0131z\u201d dedi.<\/p>\n<p class=\"selectionShareable\" style=\"color: #0a0a0a;\">Petrol \u0130hra\u00e7 Eden \u00dclkeler \u00d6rg\u00fct\u00fc (OPEC) Genel Sekreteri Mohammed Barkindo ise\u00a0Cezayir\u2019de OPEC \u00fcyesi ve OPEC \u00fcyesi olmayan petrol \u00fcreticisi \u00fclkelerin bu ay\u00a0yapaca\u011f\u0131 toplant\u0131n\u0131n dan\u0131\u015fmalar i\u00e7in olaca\u011f\u0131n\u0131 ve bir karar almak i\u00e7in\u00a0olmayaca\u011f\u0131n\u0131 s\u00f6yledi.<\/p>\n<p class=\"selectionShareable\" style=\"color: #0a0a0a;\">Barkindo, 26-28 Eyl\u00fcl\u2019de yap\u0131lacak toplant\u0131 i\u00e7in \u201cBu gayri resmi bir toplant\u0131\u00a0karar almak i\u00e7in de\u011fil\u201d dedi.<\/p>\n<p class=\"selectionShareable\" style=\"color: #0a0a0a;\">Barkindo, \u00f6te yandan buarada bir uzla\u015fmaya var\u0131ld\u0131\u011f\u0131 takdirde petrol\u00a0fiyatlar\u0131n\u0131 g\u00f6r\u00fc\u015fmek \u00fczere ola\u011fan\u00fcst\u00fc bir toplant\u0131 \u00e7a\u011fr\u0131s\u0131 yap\u0131labilece\u011fini\u00a0bildirdi.<\/p>\n<h3 style=\"font-weight: 400; color: #111111;\"><strong>\u0130RAN\u2019DAN DESTEK S\u0130NYAL\u0130<\/strong><\/h3>\n<p class=\"selectionShareable\" style=\"color: #0a0a0a;\">\u0130ran Devlet Ba\u015fkan\u0131 Hassan Rouhani de, global petrol piyasas\u0131nda istikrar\u00a0sa\u011flamaya y\u00f6nelik herhangi bir hareketi destekleyeceklerini\u00a0ifade etti.<\/p>\n<p class=\"selectionShareable\" style=\"color: #0a0a0a;\">\u0130ran petrol bakanl\u0131\u011f\u0131 haber ajans\u0131n\u0131n bildirdi\u011fine g\u00f6re Ruhani, \u201c\u0130stikrars\u0131zl\u0131k\u00a0ve d\u00fc\u015fen petrol fiyatlar\u0131, t\u00fcm \u00fclkeler, \u00f6zellikle petrol \u00fcreticileri i\u00e7in\u00a0zarar verici. Tahran,fiyatlar\u0131nda petrol adalet temelli iyile\u015fme ve piyasa\u00a0istikrar\u0131n\u0131 ama\u00e7layan herhangi bir hareketi memnuniyetle kar\u015f\u0131layacakt\u0131r\u201d\u00a0a\u00e7\u0131klamalar\u0131nda bulundu.<\/p>\n<p class=\"selectionShareable\" style=\"color: #0a0a0a;\">OPEC \u00fcyesi olan ve olmayan petrol \u00fcreticisi \u00fclkeler, 26-28 Eyl\u00fcl tarihlerinde Cezayir\u2019de petrol piyasas\u0131n\u0131n genel durumunu de\u011ferlendirmek \u00fczere bir araya geliyorlar.<\/p>\n<p class=\"selectionShareable\" style=\"color: #0a0a0a;\">Kaynak: <a href=\"http:\/\/www.businessht.com.tr\/piyasalar\/haber\/1298378-venezuelaya-gore-petrolde-anlasma-yakin\" target=\"_blank\" rel=\"nofollow\">Business\u00a0HT<\/a><\/p>\n<p><\/p>","protected":false},"excerpt":{"rendered":"<p>Sorry, this entry is only available in Turkish. For the sake of viewer convenience, the content is shown below in the alternative language. You may click the link to switch the active language. Venezuela Devlet Ba\u015fkan\u0131 Nicolas Maduro, OPEC ve OPEC \u00fcyesi olmayan \u00fclkelerin petrol piyasas\u0131nda istikrar\u0131 sa\u011flayacak bir anla\u015fmaya yakla\u015ft\u0131klar\u0131n\u0131\u00a0belirtti. Venezuela Devlet Ba\u015fkan\u0131 Nicolas [&hellip;]<\/p>\n","protected":false},"author":1,"featured_media":52041,"comment_status":"open","ping_status":"open","sticky":false,"template":"","format":"standard","meta":[],"categories":[53,44],"tags":[63,67,1009,2698,165,1377,59,79,347,2388,6790,887,31572,2522,31573,16731],"views":671,"_links":{"self":[{"href":"https:\/\/www.enerjigazetesi.ist\/en\/wp-json\/wp\/v2\/posts\/57479"}],"collection":[{"href":"https:\/\/www.enerjigazetesi.ist\/en\/wp-json\/wp\/v2\/posts"}],"about":[{"href":"https:\/\/www.enerjigazetesi.ist\/en\/wp-json\/wp\/v2\/types\/post"}],"author":[{"embeddable":true,"href":"https:\/\/www.enerjigazetesi.ist\/en\/wp-json\/wp\/v2\/users\/1"}],"replies":[{"embeddable":true,"href":"https:\/\/www.enerjigazetesi.ist\/en\/wp-json\/wp\/v2\/comments?post=57479"}],"version-history":[{"count":1,"href":"https:\/\/www.enerjigazetesi.ist\/en\/wp-json\/wp\/v2\/posts\/57479\/revisions"}],"predecessor-version":[{"id":57480,"href":"https:\/\/www.enerjigazetesi.ist\/en\/wp-json\/wp\/v2\/posts\/57479\/revisions\/57480"}],"wp:featuredmedia":[{"embeddable":true,"href":"https:\/\/www.enerjigazetesi.ist\/en\/wp-json\/wp\/v2\/media\/52041"}],"wp:attachment":[{"href":"https:\/\/www.enerjigazetesi.ist\/en\/wp-json\/wp\/v2\/media?parent=57479"}],"wp:term":[{"taxonomy":"category","embeddable":true,"href":"https:\/\/www.enerjigazetesi.ist\/en\/wp-json\/wp\/v2\/categories?post=57479"},{"taxonomy":"post_tag","embeddable":true,"href":"https:\/\/www.enerjigazetesi.ist\/en\/wp-json\/wp\/v2\/tags?post=57479"}],"curies":[{"name":"wp","href":"https:\/\/api.w.org\/{rel}","templated":true}]}}