{"id":57457,"date":"2016-09-20T10:45:19","date_gmt":"2016-09-20T07:45:19","guid":{"rendered":"https:\/\/www.enerjigazetesi.ist\/?p=57457"},"modified":"2016-09-23T18:49:12","modified_gmt":"2016-09-23T15:49:12","slug":"yenilenebilir-enerjide-tum-izinlerin-alinarak-yatirimciya-verilecegi-yeni-bir-donem","status":"publish","type":"post","link":"https:\/\/www.enerjigazetesi.ist\/en\/yenilenebilir-enerjide-tum-izinlerin-alinarak-yatirimciya-verilecegi-yeni-bir-donem\/","title":{"rendered":"(Turkish) \u201cYenilenebilir Enerjide, T\u00fcm \u0130zinler Al\u0131narak Yat\u0131r\u0131mc\u0131ya Verilecektir!&#8221;"},"content":{"rendered":"<p class=\"qtranxs-available-languages-message qtranxs-available-languages-message-en\">Sorry, this entry is only available in <a href=\"https:\/\/www.enerjigazetesi.ist\/tr\/wp-json\/wp\/v2\/posts\/57457\" class=\"qtranxs-available-language-link qtranxs-available-language-link-tr\" title=\"Turkish\">Turkish<\/a>. For the sake of viewer convenience, the content is shown below in the alternative language. You may click the link to switch the active language.<\/p><p><\/p>\n<p style=\"color: #666666;\"><span style=\"font-weight: bold; color: #222222;\">EPDK Ba\u015fkan\u0131 Mustafa Y\u0131lmaz, enerji piyasalar\u0131na y\u00f6nelik \u00f6nemli mesajlar verdi. Yat\u0131r\u0131mc\u0131n\u0131n proje yaparken bazen 70\u2019i a\u015fk\u0131n kurumdan izin almas\u0131 gerekti\u011fine i\u015faret eden Y\u0131lmaz, \u201cYenilenebilir ve yerli k\u00f6m\u00fcrle ilgili, t\u00fcm izinlerin al\u0131n\u0131p yat\u0131r\u0131mc\u0131ya verilece\u011fi yeni bir s\u00fcrece giriyoruz\u201d dedi. Y\u0131lmaz, cezaland\u0131ran bir kurumdan ziyade yat\u0131r\u0131mc\u0131n\u0131n \u00f6n\u00fcn\u00fc a\u00e7an bir kurum olmay\u0131 hedeflediklerini s\u00f6ylerken, \u201cYat\u0131r\u0131mc\u0131y\u0131 \u00fczmememiz laz\u0131m\u201d ifadelerine yer verdi.<\/span><\/p>\n<p style=\"color: #666666;\">\u00d6zellikle\u00a0<span style=\"font-weight: bold; color: #222222;\">yenilenebilir enerji yat\u0131r\u0131mlar\u0131nda<\/span>\u00a0izin s\u00fcre\u00e7lerinin uzunlu\u011fu ve yo\u011funlu\u011fu\u00a0<span style=\"font-weight: bold; color: #222222;\">yenilenebilir enerji yat\u0131r\u0131mc\u0131lar\u0131<\/span>\u00a0a\u00e7\u0131s\u0131ndan \u00f6nemli s\u0131k\u0131nt\u0131lar olu\u015fturuyor.\u00a0<span style=\"font-weight: bold; color: #222222;\">Yenilenebilir enerji yat\u0131r\u0131mc\u0131lar\u0131<\/span>\u00a0bu sorunu hemen her ko\u015fulda dile getirilmektedi<a href=\"https:\/\/www.enerjigazetesi.ist\/wp-content\/uploads\/2015\/12\/alternatif-enerji-yenilenebilir-enerji-rusya-500x500_c1.jpg\"><img loading=\"lazy\" class=\"alignleft  wp-image-47939\" src=\"https:\/\/www.enerjigazetesi.ist\/wp-content\/uploads\/2015\/12\/alternatif-enerji-yenilenebilir-enerji-rusya-500x500_c1-300x300.jpg\" alt=\"alternatif-enerji-yenilenebilir-enerji-500x500_c\" width=\"300\" height=\"203\" \/><\/a>r.<\/p>\n<p style=\"color: #666666;\"><span style=\"font-weight: bold; color: #222222;\">Yenilenebilir enerji yat\u0131r\u0131mlar\u0131nda<\/span>\u00a0izin s\u00fcre\u00e7lerinin daha k\u0131sa ve basit uygulamalara tabi olmas\u0131 yerli ve yabanc\u0131\u00a0<span style=\"font-weight: bold; color: #222222;\">yenilenebilir enerji yat\u0131r\u0131mc\u0131lar\u0131<\/span>\u00a0i\u00e7in b\u00fcy\u00fck \u00f6nem ta\u015f\u0131maktad\u0131r. Bu ger\u00e7ekle\u015firse, yat\u0131r\u0131mlar\u0131n h\u0131z\u0131 ve say\u0131s\u0131nda art\u0131\u015f g\u00f6r\u00fclebilecektir.<\/p>\n<p style=\"color: #666666;\">ENERJ\u0130 Piyasas\u0131 D\u00fczenleme Kurumu (EPDK) Ba\u015fkan\u0131 Mustafa Y\u0131lmaz, enerjide izin s\u00fcre\u00e7lerinin sadele\u015ftirilece\u011fini s\u00f6yledi. \u00d6zellikle\u00a0<span style=\"font-weight: bold; color: #222222;\">yenilenebilir enerji yat\u0131r\u0131mlar\u0131nda<\/span>\u00a0izin s\u00fcre\u00e7lerinin \u00e7ok uzun oldu\u011funu ve \u015firketlerin bazen 70\u2019i a\u015fk\u0131n kurumdan izin almak zorunda kald\u0131\u011f\u0131n\u0131 anlatan Y\u0131lmaz, \u201cOrada \u015fimdi yeni bir bak\u0131\u015f a\u00e7\u0131s\u0131 geli\u015ftiriliyor.\u00a0<span style=\"font-weight: bold; color: #222222;\">Yenilenebilir<\/span>\u00a0ve yerli k\u00f6m\u00fcrle ilgili, t\u00fcm izinlerin al\u0131n\u0131p yat\u0131r\u0131mc\u0131ya verilece\u011fi yeni bir s\u00fcrece girmekteyiz. Olmas\u0131 gereken de budur. Yat\u0131r\u0131mc\u0131ya lisans\u0131 veriyoruz. Ondan sonra yeti\u015ftiremiyor.<span style=\"font-weight: bold; color: #222222;\">\u00a0Enerjide<\/span>\u00a0bunu yapt\u0131\u011f\u0131m\u0131z takdirde bu di\u011ferlerine de \u00f6rnek olacakt\u0131r\u201d dedi.<\/p>\n<p style=\"color: #666666;\">EPDK Ba\u015fkan\u0131 Y\u0131lmaz, kurum olarak her zaman yat\u0131r\u0131mc\u0131n\u0131n yan\u0131nda olduklar\u0131n\u0131 vurgulad\u0131. Y\u0131lmaz, \u015funlar\u0131 ifade etti:<\/p>\n<p style=\"color: #666666;\">\u201cYat\u0131r\u0131mc\u0131 e\u011fer kendi imk\u00e2nlar\u0131 \u00f6l\u00e7\u00fcs\u00fcnde ufak da olsa bir \u015fekilde bir yat\u0131r\u0131m yapm\u0131\u015fsa, ben hi\u00e7bir zaman o yat\u0131r\u0131m\u0131 g\u00f6rmemezlikten gelemiyorum. Her zaman onu g\u00f6r\u00fcyorum ve m\u00fcmk\u00fcn oldu\u011funca o yat\u0131r\u0131m\u0131 koruyorum. \u00c7\u00fcnk\u00fc o yat\u0131r\u0131mlar\u0131 koruduk\u00e7a, yat\u0131r\u0131mc\u0131lar\u0131 daha b\u00fcy\u00fck yat\u0131r\u0131ma te\u015fvik ve ikna edebiliyorum. \u0130ptal eden, cezaland\u0131ran bir kurumdan \u00f6te, insanlar\u0131n \u00f6n\u00fcn\u00fc a\u00e7an bir kurum olmay\u0131 hedefliyoruz. Bunda da ciddi mesafe ald\u0131\u011f\u0131m\u0131z\u0131 g\u00f6r\u00fcyoruz. Yat\u0131r\u0131mc\u0131y\u0131 \u00fczmememiz laz\u0131m. Biz yat\u0131r\u0131mc\u0131y\u0131 \u00fczd\u00fc\u011f\u00fcm\u00fcz takdirde, onun da m\u00fc\u015fterisi var. O da onu \u00fczecektir. \u00d6rne\u011fin yat\u0131r\u0131m yapmak i\u00e7in birtak\u0131m teknik te\u00e7hizat s\u00f6zle\u015fmesi yapm\u0131\u015f olabilir. Senin onunla ilgili bir haftal\u0131k, bir ayl\u0131k veya bir y\u0131ll\u0131k geciktirmen, onun sipari\u015f etmi\u015f oldu\u011fu di\u011fer bir \u00fcr\u00fcn\u00fcn \u00fcretimini engelleyecek, onun \u00fcretimini engelledi\u011finiz takdirde o zincirleme toplumun di\u011fer bir par\u00e7as\u0131n\u0131 etkileyecektir. Yani \u00f6yle bir \u015fey ki hepsi birbiri ile bir zincir gibidir.\u201d<\/p>\n<p style=\"color: #666666;\">Kaynak: <a href=\"http:\/\/www.hurriyet.com.tr\/enerji-yatirimi-sureclerinde-bayram-gibi-karari-hurriyete-acikladi-40223099\" target=\"_blank\" rel=\"nofollow\">H\u00fcrriyet<\/a><\/p>\n<p><\/p>","protected":false},"excerpt":{"rendered":"<p>Sorry, this entry is only available in Turkish. For the sake of viewer convenience, the content is shown below in the alternative language. You may click the link to switch the active language. EPDK Ba\u015fkan\u0131 Mustafa Y\u0131lmaz, enerji piyasalar\u0131na y\u00f6nelik \u00f6nemli mesajlar verdi. Yat\u0131r\u0131mc\u0131n\u0131n proje yaparken bazen 70\u2019i a\u015fk\u0131n kurumdan izin almas\u0131 gerekti\u011fine i\u015faret eden [&hellip;]<\/p>\n","protected":false},"author":1,"featured_media":47939,"comment_status":"open","ping_status":"open","sticky":false,"template":"","format":"standard","meta":[],"categories":[53,49,47,50],"tags":[63,67,1009,2698,165,750,227,13,12996,69,16,105],"views":1131,"_links":{"self":[{"href":"https:\/\/www.enerjigazetesi.ist\/en\/wp-json\/wp\/v2\/posts\/57457"}],"collection":[{"href":"https:\/\/www.enerjigazetesi.ist\/en\/wp-json\/wp\/v2\/posts"}],"about":[{"href":"https:\/\/www.enerjigazetesi.ist\/en\/wp-json\/wp\/v2\/types\/post"}],"author":[{"embeddable":true,"href":"https:\/\/www.enerjigazetesi.ist\/en\/wp-json\/wp\/v2\/users\/1"}],"replies":[{"embeddable":true,"href":"https:\/\/www.enerjigazetesi.ist\/en\/wp-json\/wp\/v2\/comments?post=57457"}],"version-history":[{"count":4,"href":"https:\/\/www.enerjigazetesi.ist\/en\/wp-json\/wp\/v2\/posts\/57457\/revisions"}],"predecessor-version":[{"id":57535,"href":"https:\/\/www.enerjigazetesi.ist\/en\/wp-json\/wp\/v2\/posts\/57457\/revisions\/57535"}],"wp:featuredmedia":[{"embeddable":true,"href":"https:\/\/www.enerjigazetesi.ist\/en\/wp-json\/wp\/v2\/media\/47939"}],"wp:attachment":[{"href":"https:\/\/www.enerjigazetesi.ist\/en\/wp-json\/wp\/v2\/media?parent=57457"}],"wp:term":[{"taxonomy":"category","embeddable":true,"href":"https:\/\/www.enerjigazetesi.ist\/en\/wp-json\/wp\/v2\/categories?post=57457"},{"taxonomy":"post_tag","embeddable":true,"href":"https:\/\/www.enerjigazetesi.ist\/en\/wp-json\/wp\/v2\/tags?post=57457"}],"curies":[{"name":"wp","href":"https:\/\/api.w.org\/{rel}","templated":true}]}}