{"id":5739,"date":"2013-01-29T15:41:45","date_gmt":"2013-01-29T12:41:45","guid":{"rendered":"https:\/\/www.enerjigazetesi.ist\/?p=5739"},"modified":"2013-01-29T15:41:45","modified_gmt":"2013-01-29T12:41:45","slug":"bakan-ergunden-enerji-verimliligi-aciklamasi","status":"publish","type":"post","link":"https:\/\/www.enerjigazetesi.ist\/en\/bakan-ergunden-enerji-verimliligi-aciklamasi\/","title":{"rendered":"(Turkish) Bakan Erg\u00fcn&#8217;den Enerji Verimlili\u011fi A\u00e7\u0131klamas\u0131&#8230;"},"content":{"rendered":"<p class=\"qtranxs-available-languages-message qtranxs-available-languages-message-en\">Sorry, this entry is only available in <a href=\"https:\/\/www.enerjigazetesi.ist\/tr\/wp-json\/wp\/v2\/posts\/5739\" class=\"qtranxs-available-language-link qtranxs-available-language-link-tr\" title=\"Turkish\">Turkish<\/a>. For the sake of viewer convenience, the content is shown below in the alternative language. You may click the link to switch the active language.<\/p><p><strong>Bakan Erg\u00fcn, enerji verimlili\u011fine sahip \u00fcr\u00fcnlerin kullan\u0131m\u0131n\u0131n \u00f6zendirilmesine ve yayg\u0131nla\u015ft\u0131r\u0131lmas\u0131na y\u00f6nelik \u00e7al\u0131\u015fmalar y\u00fcr\u00fct\u00fclece\u011fini a\u00e7\u0131klad\u0131.<\/strong><\/p>\n<p>Bilim, Sanayi ve Teknoloji Bakan\u0131 Nihat Erg\u00fcn,T\u00fcrkiyeElektrik Elektronik Sekt\u00f6r\u00fc Strateji Belgesi ile enerji verimlili\u011fine sahip elektrik<img loading=\"lazy\" class=\"size-full wp-image-5740 alignleft\" title=\"bakan-ergun-enerji-verimliligi\" src=\"https:\/\/www.enerjigazetesi.ist\/wp-content\/uploads\/2013\/01\/bakan-ergun-enerji-verimliligi.jpg\" alt=\"\" width=\"212\" height=\"174\" srcset=\"https:\/\/www.enerjigazetesi.ist\/wp-content\/uploads\/2013\/01\/bakan-ergun-enerji-verimliligi.jpg 240w, https:\/\/www.enerjigazetesi.ist\/wp-content\/uploads\/2013\/01\/bakan-ergun-enerji-verimliligi-61x50.jpg 61w\" sizes=\"(max-width: 212px) 100vw, 212px\" \/> motorlar\u0131n, klimalar\u0131n, buzdolaplar\u0131n\u0131n, \u0131s\u0131 pompalar\u0131n\u0131n ve benzeri \u00fcr\u00fcnlerin kullan\u0131m\u0131n\u0131n \u00f6zendirilmesine ve yayg\u0131nla\u015ft\u0131r\u0131lmas\u0131na y\u00f6nelik\u00e7al\u0131\u015fmalary\u00fcr\u00fct\u00fclece\u011fini a\u00e7\u0131klad\u0131.<\/p>\n<p>Bilim, Sanayi ve Teknoloji Bakan\u0131 Nihat Erg\u00fcn, T\u00fcrkiye&#8217;deki klimalar hava sens\u00f6rl\u00fc olsa, y\u0131ll\u0131k 700 milyon liraya yak\u0131n bir tasarruf sa\u011flaman\u0131n m\u00fcmk\u00fcn olaca\u011f\u0131n\u0131 belirterek, &#8221;Son 5 y\u0131ll\u0131k klima \u00fcretimini d\u00fc\u015f\u00fcnd\u00fc\u011f\u00fcm\u00fczde, sa\u011flanacak elektriktasarrufu, Atat\u00fcrk Baraj\u0131&#8217;n\u0131n \u00fcretti\u011fi enerjinin y\u00fczde 30&#8217;una ula\u015fabilirdi. Biz bu konuda, TSE b\u00fcnyesinde bir test merkezi olu\u015fturmay\u0131 planl\u0131yoruz&#8221; dedi.<\/p>\n<p>Kaynak: <a href=\"http:\/\/haber.rotahaber.com\/bakan-ergunden-enerji-aciklamasi\/339680\" target=\"_blank\">Rota Haber<\/a><\/p>","protected":false},"excerpt":{"rendered":"<p>Sorry, this entry is only available in Turkish. For the sake of viewer convenience, the content is shown below in the alternative language. You may click the link to switch the active language.Bakan Erg\u00fcn, enerji verimlili\u011fine sahip \u00fcr\u00fcnlerin kullan\u0131m\u0131n\u0131n \u00f6zendirilmesine ve yayg\u0131nla\u015ft\u0131r\u0131lmas\u0131na y\u00f6nelik \u00e7al\u0131\u015fmalar y\u00fcr\u00fct\u00fclece\u011fini a\u00e7\u0131klad\u0131. Bilim, Sanayi ve Teknoloji Bakan\u0131 Nihat Erg\u00fcn,T\u00fcrkiyeElektrik Elektronik Sekt\u00f6r\u00fc [&hellip;]<\/p>\n","protected":false},"author":1,"featured_media":5740,"comment_status":"open","ping_status":"open","sticky":false,"template":"","format":"standard","meta":[],"categories":[53,52],"tags":[63,67,103,148,12],"views":770,"_links":{"self":[{"href":"https:\/\/www.enerjigazetesi.ist\/en\/wp-json\/wp\/v2\/posts\/5739"}],"collection":[{"href":"https:\/\/www.enerjigazetesi.ist\/en\/wp-json\/wp\/v2\/posts"}],"about":[{"href":"https:\/\/www.enerjigazetesi.ist\/en\/wp-json\/wp\/v2\/types\/post"}],"author":[{"embeddable":true,"href":"https:\/\/www.enerjigazetesi.ist\/en\/wp-json\/wp\/v2\/users\/1"}],"replies":[{"embeddable":true,"href":"https:\/\/www.enerjigazetesi.ist\/en\/wp-json\/wp\/v2\/comments?post=5739"}],"version-history":[{"count":1,"href":"https:\/\/www.enerjigazetesi.ist\/en\/wp-json\/wp\/v2\/posts\/5739\/revisions"}],"predecessor-version":[{"id":5741,"href":"https:\/\/www.enerjigazetesi.ist\/en\/wp-json\/wp\/v2\/posts\/5739\/revisions\/5741"}],"wp:featuredmedia":[{"embeddable":true,"href":"https:\/\/www.enerjigazetesi.ist\/en\/wp-json\/wp\/v2\/media\/5740"}],"wp:attachment":[{"href":"https:\/\/www.enerjigazetesi.ist\/en\/wp-json\/wp\/v2\/media?parent=5739"}],"wp:term":[{"taxonomy":"category","embeddable":true,"href":"https:\/\/www.enerjigazetesi.ist\/en\/wp-json\/wp\/v2\/categories?post=5739"},{"taxonomy":"post_tag","embeddable":true,"href":"https:\/\/www.enerjigazetesi.ist\/en\/wp-json\/wp\/v2\/tags?post=5739"}],"curies":[{"name":"wp","href":"https:\/\/api.w.org\/{rel}","templated":true}]}}