{"id":57342,"date":"2016-09-15T14:28:37","date_gmt":"2016-09-15T11:28:37","guid":{"rendered":"https:\/\/www.enerjigazetesi.ist\/?p=57342"},"modified":"2016-09-15T14:29:06","modified_gmt":"2016-09-15T11:29:06","slug":"kuresel-isinma-verimliligi-ciddi-randa-dusuruyor","status":"publish","type":"post","link":"https:\/\/www.enerjigazetesi.ist\/en\/kuresel-isinma-verimliligi-ciddi-randa-dusuruyor\/","title":{"rendered":"(Turkish) K\u00fcresel Is\u0131nma Verimlili\u011fi Ciddi Oranda D\u00fc\u015f\u00fcrmektedir!"},"content":{"rendered":"<p class=\"qtranxs-available-languages-message qtranxs-available-languages-message-en\">Sorry, this entry is only available in <a href=\"https:\/\/www.enerjigazetesi.ist\/tr\/wp-json\/wp\/v2\/posts\/57342\" class=\"qtranxs-available-language-link qtranxs-available-language-link-tr\" title=\"Turkish\">Turkish<\/a>. For the sake of viewer convenience, the content is shown below in the alternative language. You may click the link to switch the active language.<\/p><p><\/p>\n<p class=\"selectionShareable\" style=\"color: #0a0a0a;\"><strong>K\u00fcresel \u0131s\u0131nma bizlere pahal\u0131ya mal olacak. Uzmanlar iklim de\u011fi\u015fikli\u011finin maliyeti art\u0131raca\u011f\u0131 ve ekonomik verimlili\u011fin d\u00fc\u015fmesine yol a\u00e7aca\u011f\u0131 uyar\u0131s\u0131nda bulunuyorlar.<\/strong><span id=\"more-83692\"><\/span><\/p>\n<p class=\"selectionShareable\" style=\"color: #0a0a0a;\">S\u0131cakta hareket etmek zorla\u015f\u0131r, dikkat da\u011f\u0131l\u0131r, kaza ihtimali artar. 35 derece s\u0131cakl\u0131kta g\u00fcne\u015fe \u00e7\u0131kmak sa\u011fl\u0131\u011fa zarar verir, hatta insan\u0131 \u00f6l\u00fcmle bile g\u00f6t\u00fcrebilir. \u0130nsan v\u00fccudu a\u015f\u0131r\u0131 s\u0131ca\u011fa su kayb\u0131, g\u00fcne\u015f \u00e7arpmas\u0131 ve kan dola\u015f\u0131m\u0131n\u0131n \u00e7\u00f6kmesi ile tepki <a href=\"https:\/\/www.enerjigazetesi.ist\/wp-content\/uploads\/2013\/02\/kuresel-isinma-ve-enerji-verimliligi.jpg\"><img loading=\"lazy\" class=\"alignleft size-medium wp-image-6513\" src=\"https:\/\/www.enerjigazetesi.ist\/wp-content\/uploads\/2013\/02\/kuresel-isinma-ve-enerji-verimliligi-300x199.jpg\" alt=\"kuresel-isinma\" width=\"300\" height=\"199\" srcset=\"https:\/\/www.enerjigazetesi.ist\/wp-content\/uploads\/2013\/02\/kuresel-isinma-ve-enerji-verimliligi-300x199.jpg 300w, https:\/\/www.enerjigazetesi.ist\/wp-content\/uploads\/2013\/02\/kuresel-isinma-ve-enerji-verimliligi-75x50.jpg 75w, https:\/\/www.enerjigazetesi.ist\/wp-content\/uploads\/2013\/02\/kuresel-isinma-ve-enerji-verimliligi.jpg 500w\" sizes=\"(max-width: 300px) 100vw, 300px\" \/><\/a>g\u00f6stermektedir.<\/p>\n<p class=\"selectionShareable\" style=\"color: #0a0a0a;\">A\u015f\u0131r\u0131 s\u0131cak d\u0131\u015far\u0131da \u00e7al\u0131\u015fan k\u00f6yl\u00fc ve \u00e7ift\u00e7iler gibi iyi havaland\u0131r\u0131lmayan fabrikalarda ter d\u00f6ken milyonlarca i\u015f\u00e7inin de sa\u011fl\u0131\u011f\u0131n\u0131 tehdit etmektedir.<\/p>\n<p class=\"selectionShareable\" style=\"color: #0a0a0a;\">Cenevre\u2019deki Uluslararas\u0131 Sanayi Sendikalar\u0131 Birli\u011fi\u2019nden Brian Kohler, \u201cNormal v\u00fccut \u0131s\u0131s\u0131 37 derecedir. Ate\u015f 39,5\u2019un \u00fczerine \u00e7\u0131karsa tehlikeli olabilir\u201d dedi.<\/p>\n<p class=\"selectionShareable\" style=\"color: #0a0a0a;\">DW\u2019nin sorular\u0131na yan\u0131t veren Kohler, \u201cinsan\u0131n v\u00fccut \u0131s\u0131s\u0131n\u0131 dengeleyebilmek i\u00e7in terledi\u011fini ve insan v\u00fccudunun 36 ile 39 dereceler aras\u0131nda normal \u00e7al\u0131\u015fabildi\u011fini\u201d s\u00f6yledi. Kohler, 41 derecelik ate\u015fin g\u00fcne\u015f \u00e7arpmas\u0131na, dolay\u0131s\u0131yla beyin kanamas\u0131na ya da \u00f6l\u00fcme yol a\u00e7abilece\u011finin de\u00a0vurgusu yap\u0131ld\u0131.<\/p>\n<p class=\"selectionShareable\" style=\"color: #0a0a0a;\"><strong>A\u015eIRI SICAKLAR YAKLA\u015eMAKTA<\/strong><\/p>\n<p class=\"selectionShareable\" style=\"color: #0a0a0a;\">\u0130klimin de\u011fi\u015fmesi ve k\u00fcresel \u0131s\u0131nma a\u015f\u0131r\u0131 s\u0131cak g\u00fcnlerin artmas\u0131na yol a\u00e7\u0131yor. Hindistan\u2019da bu y\u0131l s\u0131cakl\u0131k 51 dereceye \u00e7\u0131kt\u0131. Ayn\u0131 zamanda a\u015f\u0131r\u0131 s\u0131cak eskiye nazaran daha uzun s\u00fcr\u00fcyor. Birle\u015fmi\u015f Milletler \u00dcniversitesi K\u00fcresel Sa\u011fl\u0131k Enstit\u00fcs\u00fc (UNU-IIGH) uzmanlar\u0131 iklim de\u011fi\u015fikli\u011fin ekonomik maliyetinin de kabard\u0131\u011f\u0131na dikkat \u00e7ekilmektedir.<\/p>\n<p class=\"selectionShareable\" style=\"color: #0a0a0a;\">Tord Kjellstrom taraf\u0131ndan iklim de\u011fi\u015fikli\u011finin sa\u011fl\u0131k ve ekonomi \u00fczerindeki etkilerini konu alan \u00e7al\u0131\u015fmas\u0131nda 2030 y\u0131l\u0131na kadar bir\u00e7ok \u00fclkede i\u015f g\u00fcc\u00fc verimlili\u011findeki kayb\u0131n iki kat\u0131na \u00e7\u0131kaca\u011f\u0131 sonucuna varm\u0131\u015ft\u0131r. \u00c7in ve Hindistan\u2019daki verimlilik kayb\u0131n\u0131n y\u0131lda 450 milyar dolara \u00e7\u0131kaca\u011f\u0131, k\u00fcresel \u0131s\u0131nmadan en \u00e7ok etkilenen tropikal iklim ku\u015fa\u011f\u0131ndaki \u00fclkelerde de gayr\u0131 safi yurti\u00e7i has\u0131lan\u0131n y\u00fczde be\u015f ila y\u00fczde alt\u0131 oran\u0131nda azalaca\u011f\u0131 tahmin edilmektedir.<\/p>\n<p class=\"selectionShareable\" style=\"color: #0a0a0a;\">Haberin Devam\u0131 i\u00e7in\u00a0<a style=\"color: #1e73be;\" href=\"http:\/\/www.ntv.com.tr\/teknoloji\/kuresel-isinmaverimliligi-dusuruyor,6pnOjAvyrUySLM3Z9LHfsg\" target=\"_blank\" rel=\"nofollow\">T\u0131klay\u0131n\u0131z&gt;&gt;&gt;<\/a><\/p>\n<p class=\"selectionShareable\" style=\"color: #0a0a0a;\">Kaynak: NTV<\/p>\n<p><\/p>","protected":false},"excerpt":{"rendered":"<p>Sorry, this entry is only available in Turkish. For the sake of viewer convenience, the content is shown below in the alternative language. You may click the link to switch the active language. K\u00fcresel \u0131s\u0131nma bizlere pahal\u0131ya mal olacak. Uzmanlar iklim de\u011fi\u015fikli\u011finin maliyeti art\u0131raca\u011f\u0131 ve ekonomik verimlili\u011fin d\u00fc\u015fmesine yol a\u00e7aca\u011f\u0131 uyar\u0131s\u0131nda bulunuyorlar. S\u0131cakta hareket etmek [&hellip;]<\/p>\n","protected":false},"author":1,"featured_media":6513,"comment_status":"open","ping_status":"open","sticky":false,"template":"","format":"standard","meta":[],"categories":[53,52],"tags":[11006,63,67,1009,2698,165,1999,1471,31513],"views":1835,"_links":{"self":[{"href":"https:\/\/www.enerjigazetesi.ist\/en\/wp-json\/wp\/v2\/posts\/57342"}],"collection":[{"href":"https:\/\/www.enerjigazetesi.ist\/en\/wp-json\/wp\/v2\/posts"}],"about":[{"href":"https:\/\/www.enerjigazetesi.ist\/en\/wp-json\/wp\/v2\/types\/post"}],"author":[{"embeddable":true,"href":"https:\/\/www.enerjigazetesi.ist\/en\/wp-json\/wp\/v2\/users\/1"}],"replies":[{"embeddable":true,"href":"https:\/\/www.enerjigazetesi.ist\/en\/wp-json\/wp\/v2\/comments?post=57342"}],"version-history":[{"count":2,"href":"https:\/\/www.enerjigazetesi.ist\/en\/wp-json\/wp\/v2\/posts\/57342\/revisions"}],"predecessor-version":[{"id":57344,"href":"https:\/\/www.enerjigazetesi.ist\/en\/wp-json\/wp\/v2\/posts\/57342\/revisions\/57344"}],"wp:featuredmedia":[{"embeddable":true,"href":"https:\/\/www.enerjigazetesi.ist\/en\/wp-json\/wp\/v2\/media\/6513"}],"wp:attachment":[{"href":"https:\/\/www.enerjigazetesi.ist\/en\/wp-json\/wp\/v2\/media?parent=57342"}],"wp:term":[{"taxonomy":"category","embeddable":true,"href":"https:\/\/www.enerjigazetesi.ist\/en\/wp-json\/wp\/v2\/categories?post=57342"},{"taxonomy":"post_tag","embeddable":true,"href":"https:\/\/www.enerjigazetesi.ist\/en\/wp-json\/wp\/v2\/tags?post=57342"}],"curies":[{"name":"wp","href":"https:\/\/api.w.org\/{rel}","templated":true}]}}