{"id":57324,"date":"2016-09-14T11:52:26","date_gmt":"2016-09-14T08:52:26","guid":{"rendered":"https:\/\/www.enerjigazetesi.ist\/?p=57324"},"modified":"2016-09-14T11:52:26","modified_gmt":"2016-09-14T08:52:26","slug":"turkiye-cektigi-hat-ile-cerablusa-bayrami-elektrikle-karsilatti","status":"publish","type":"post","link":"https:\/\/www.enerjigazetesi.ist\/en\/turkiye-cektigi-hat-ile-cerablusa-bayrami-elektrikle-karsilatti\/","title":{"rendered":"(Turkish) T\u00fcrkiye \u00c7ekti\u011fi Hat \u0130le Cerablus&#8217;a Bayram\u0131 Elektrikle Kar\u015f\u0131latt\u0131!"},"content":{"rendered":"<p class=\"qtranxs-available-languages-message qtranxs-available-languages-message-en\">Sorry, this entry is only available in <a href=\"https:\/\/www.enerjigazetesi.ist\/tr\/wp-json\/wp\/v2\/posts\/57324\" class=\"qtranxs-available-language-link qtranxs-available-language-link-tr\" title=\"Turkish\">Turkish<\/a>. For the sake of viewer convenience, the content is shown below in the alternative language. You may click the link to switch the active language.<\/p><p><\/p>\n<p class=\"selectionShareable\" style=\"color: #0a0a0a;\"><strong>F\u0131rat Kalkan\u0131 Harek\u00e2t\u0131 kapsam\u0131nda I\u015e\u0130D\u2019den temizlenen Cerablus\u2019ta hayat normalle\u015fme s\u00fcrecine d\u00f6nmektedir. Cumartesi g\u00fcn\u00fcnden itibaren\u00a0kademeli olarak mahalle ve sokaklar\u0131 ayd\u0131nlanan Cerabluslular bayrama elektrik ile\u00a0merhaba dedi.<\/strong><span id=\"more-83640\"><\/span><\/p>\n<p class=\"selectionShareable\" style=\"color: #0a0a0a;\">F\u0131rat Kalkan\u0131 Harek\u00e2t\u0131\u2019n\u0131<a href=\"https:\/\/www.enerjigazetesi.ist\/wp-content\/uploads\/2015\/03\/elektrik-hatt\u0131-237892397823798323.jpg\"><img loading=\"lazy\" class=\"alignleft size-medium wp-image-37099\" src=\"https:\/\/www.enerjigazetesi.ist\/wp-content\/uploads\/2015\/03\/elektrik-hatt\u0131-237892397823798323-300x224.jpg\" alt=\"elektrik-hatt\u0131-237892397823798323\" width=\"300\" height=\"224\" srcset=\"https:\/\/www.enerjigazetesi.ist\/wp-content\/uploads\/2015\/03\/elektrik-hatt\u0131-237892397823798323-300x224.jpg 300w, https:\/\/www.enerjigazetesi.ist\/wp-content\/uploads\/2015\/03\/elektrik-hatt\u0131-237892397823798323-500x374.jpg 500w, https:\/\/www.enerjigazetesi.ist\/wp-content\/uploads\/2015\/03\/elektrik-hatt\u0131-237892397823798323-66x50.jpg 66w, https:\/\/www.enerjigazetesi.ist\/wp-content\/uploads\/2015\/03\/elektrik-hatt\u0131-237892397823798323.jpg 870w\" sizes=\"(max-width: 300px) 100vw, 300px\" \/><\/a>n y\u00fcr\u00fct\u00fcld\u00fc\u011f\u00fc ilk merkez olan Cerablus\u2019ta hayat normal seyrine d\u00f6nmektedir.<\/p>\n<p class=\"selectionShareable\" style=\"color: #0a0a0a;\">T\u00fcrkiye\u2019den Cerablus\u2019a \u00e7ekilen hat ile il\u00e7e merkezindeki mahalle ve sokaklara 10 Eyl\u00fcl Cumartesi g\u00fcn\u00fcnden itibaren kademeli olarak elektrik verilmektedir.<\/p>\n<p class=\"selectionShareable\" style=\"color: #0a0a0a;\">Elektrik hatt\u0131n\u0131n 2.5 kilometrelik b\u00f6l\u00fcm\u00fc Cerablus\u2019a ta\u015f\u0131narak kalan b\u00f6l\u00fcm\u00fc ise T\u00fcrkiye i\u00e7indedir. Karkam\u0131\u015f Da\u011f\u0131t\u0131m Merkezi\u2019nden y\u00fcksek gerilim hatt\u0131yla al\u0131nan 31,5 kilovoltluk enerji, indirici g\u00fc\u00e7 trafolar\u0131yla 20 kilovolt seviyesine d\u00fc\u015f\u00fcr\u00fclm\u00fc\u015ft\u00fcr.\u00a0Daha sonra bu enerji yakla\u015f\u0131k 3 kilometre yer alt\u0131 y\u00fcksek gerilim (YG) kablosuyla Cerablus\u2019a verilmi\u015ftir.<\/p>\n<p class=\"selectionShareable\" style=\"color: #0a0a0a;\">Di\u011fer\u00a0yandan Gaziantep B\u00fcy\u00fck\u015fehir Belediyesi\u2019nin yapt\u0131\u011f\u0131 \u00e7al\u0131\u015fmalar ile\u00a0Cerablus\u2019taki d\u00f6rt su kuyusu 8 Eyl\u00fcl\u2019de aktif hale getirilmi\u015f ve i\u00e7ilebilir su il\u00e7e \u015febekesine aktar\u0131m\u0131 ger\u00e7ekle\u015ftirilmi\u015ftir.<\/p>\n<p><\/p>","protected":false},"excerpt":{"rendered":"<p>Sorry, this entry is only available in Turkish. For the sake of viewer convenience, the content is shown below in the alternative language. You may click the link to switch the active language. F\u0131rat Kalkan\u0131 Harek\u00e2t\u0131 kapsam\u0131nda I\u015e\u0130D\u2019den temizlenen Cerablus\u2019ta hayat normalle\u015fme s\u00fcrecine d\u00f6nmektedir. Cumartesi g\u00fcn\u00fcnden itibaren\u00a0kademeli olarak mahalle ve sokaklar\u0131 ayd\u0131nlanan Cerabluslular bayrama elektrik [&hellip;]<\/p>\n","protected":false},"author":1,"featured_media":45656,"comment_status":"open","ping_status":"open","sticky":false,"template":"","format":"standard","meta":[],"categories":[51,53],"tags":[9903,31499,31446,68,61,19638,1451,2873,63,67,1009,2698,165,31500,1826,31501,31502,7801],"views":559,"_links":{"self":[{"href":"https:\/\/www.enerjigazetesi.ist\/en\/wp-json\/wp\/v2\/posts\/57324"}],"collection":[{"href":"https:\/\/www.enerjigazetesi.ist\/en\/wp-json\/wp\/v2\/posts"}],"about":[{"href":"https:\/\/www.enerjigazetesi.ist\/en\/wp-json\/wp\/v2\/types\/post"}],"author":[{"embeddable":true,"href":"https:\/\/www.enerjigazetesi.ist\/en\/wp-json\/wp\/v2\/users\/1"}],"replies":[{"embeddable":true,"href":"https:\/\/www.enerjigazetesi.ist\/en\/wp-json\/wp\/v2\/comments?post=57324"}],"version-history":[{"count":1,"href":"https:\/\/www.enerjigazetesi.ist\/en\/wp-json\/wp\/v2\/posts\/57324\/revisions"}],"predecessor-version":[{"id":57325,"href":"https:\/\/www.enerjigazetesi.ist\/en\/wp-json\/wp\/v2\/posts\/57324\/revisions\/57325"}],"wp:featuredmedia":[{"embeddable":true,"href":"https:\/\/www.enerjigazetesi.ist\/en\/wp-json\/wp\/v2\/media\/45656"}],"wp:attachment":[{"href":"https:\/\/www.enerjigazetesi.ist\/en\/wp-json\/wp\/v2\/media?parent=57324"}],"wp:term":[{"taxonomy":"category","embeddable":true,"href":"https:\/\/www.enerjigazetesi.ist\/en\/wp-json\/wp\/v2\/categories?post=57324"},{"taxonomy":"post_tag","embeddable":true,"href":"https:\/\/www.enerjigazetesi.ist\/en\/wp-json\/wp\/v2\/tags?post=57324"}],"curies":[{"name":"wp","href":"https:\/\/api.w.org\/{rel}","templated":true}]}}