{"id":57310,"date":"2016-09-13T13:05:44","date_gmt":"2016-09-13T10:05:44","guid":{"rendered":"https:\/\/www.enerjigazetesi.ist\/?p=57310"},"modified":"2016-09-13T13:05:44","modified_gmt":"2016-09-13T10:05:44","slug":"asf-otomotiv-elektrikli-arac-sektorune-yatirim-yapiyor","status":"publish","type":"post","link":"https:\/\/www.enerjigazetesi.ist\/en\/asf-otomotiv-elektrikli-arac-sektorune-yatirim-yapiyor\/","title":{"rendered":"(Turkish) ASF Otomotiv Elektrikli Ara\u00e7 Sekt\u00f6r\u00fcne Yat\u0131r\u0131m Yap\u0131yor&#8230;"},"content":{"rendered":"<p class=\"qtranxs-available-languages-message qtranxs-available-languages-message-en\">Sorry, this entry is only available in <a href=\"https:\/\/www.enerjigazetesi.ist\/tr\/wp-json\/wp\/v2\/posts\/57310\" class=\"qtranxs-available-language-link qtranxs-available-language-link-tr\" title=\"Turkish\">Turkish<\/a>. For the sake of viewer convenience, the content is shown below in the alternative language. You may click the link to switch the active language.<\/p><p><\/p>\n<p style=\"color: #666666;\"><span style=\"font-weight: bold; color: #222222;\">ASF Otomotiv, gelece\u011fin otomobili olarak g\u00f6sterilen elektrikli ara\u00e7 sekt\u00f6r\u00fcne yat\u0131r\u0131m yap\u0131yor.<\/span><\/p>\n<p style=\"color: #666666;\">E\u015farj Elektrikli Ara\u00e7lar \u015earj Sistemleri A.\u015e., 2008 y\u0131l\u0131nda faaliyete ge\u00e7ti. B\u00fcy\u00fck bir h\u0131zla geli\u015fmekte olan<span style=\"font-weight: bold; color: #222222;\">\u00a0elektrikli ara\u00e7lar\u00a0<\/span>sekt\u00f6r\u00fcnde lider bir konumlanma yapabilmek ad\u0131na \u00e7al\u0131\u015fmalar\u0131n\u0131 ve ara\u015ft\u0131rmalar\u0131n\u0131 g\u00fcn\u00fcm\u00fcze kadar yo\u011fun bir \u015fekilde s\u00fcrd\u00fcrd\u00fc.<img loading=\"lazy\" class=\"alignright  wp-image-57311\" src=\"https:\/\/www.enerjigazetesi.ist\/wp-content\/uploads\/2016\/09\/asf-otomotiv-elektrikli-arac-sektorune-yatirim-yapiyor-300x110.jpg\" alt=\"asf-otomotiv-elektrikli-arac-sektorune-yatirim-yapiyor\" width=\"300\" height=\"184\" \/><\/p>\n<p style=\"color: #666666;\">E\u015farj, \u015farj \u00fcnitelerinden olu\u015fan bir ulusal istasyon a\u011f\u0131 ve i\u015fletim sistemi olu\u015fturmak suretiyle t\u00fcm m\u00fc\u015fterilerimize \u00fclkemizin her noktas\u0131nda\u00a0<span style=\"font-weight: bold; color: #222222;\">\u015farj \u00e7\u00f6z\u00fcmleri\u00a0<\/span>sunabilmeyi, alt yap\u0131 \u00e7al\u0131\u015fmalar\u0131na teknik, idari ve mevzuat a\u00e7\u0131s\u0131ndan katk\u0131da bulunmay\u0131, geni\u015f \u00fcr\u00fcn a\u011f\u0131 ile her amaca uygun\u00a0<span style=\"font-weight: bold; color: #222222;\">\u015farj \u00fcnitelerinin<\/span>\u00a0tedari\u011fini sa\u011flamay\u0131 ve\u00a0<span style=\"font-weight: bold; color: #222222;\">\u015farj \u00fcnitelerinin\u00a0<\/span>m\u00fc\u015fteri taraf\u0131ndan talep edilen noktalara kurulumunu ger\u00e7ekle\u015ftirmeyi hedefliyor.<\/p>\n<p style=\"color: #666666;\">T\u00fcrkiye\u2019de de<span style=\"font-weight: bold; color: #222222;\">\u00a0elektrikli ara\u00e7lar\u0131n\u00a0<\/span>yayg\u0131nla\u015fmas\u0131 konusunda da \u00f6nemli \u00e7al\u0131\u015fmalar yap\u0131l\u0131yor. \u00d6zellikle \u015farj dolum istasyonlar\u0131n\u0131n geli\u015fmesi ve yayg\u0131nla\u015fmas\u0131 bu konuda \u00f6nem ta\u015f\u0131yan bir konu olarak \u00f6ne \u00e7\u0131k\u0131yor.<\/p>\n<p style=\"color: #666666;\">Bu karar\u0131 do\u011frultusunda harekete ge\u00e7en ASF Otomotiv, 2008 y\u0131l\u0131ndan bu yana T\u00fcrkiye\u2019nin lider<span style=\"font-weight: bold; color: #222222;\">\u00a0elektrikli ara\u00e7 \u015farj istasyonu\u00a0<\/span>operat\u00f6r\u00fc olarak faaliyet g\u00f6steren E\u015farj ile \u00e7al\u0131\u015fmaya ba\u015flad\u0131. Sekt\u00f6rlerinde lider ve alanlar\u0131nda uzmanla\u015fan iki \u015firket aras\u0131nda imzalanan anla\u015fmaya g\u00f6re, art\u0131k ASF Otomotiv servis ve destek \u015fubeleri ile elektrikli ara\u00e7 sahipleri i\u00e7in E\u015farj noktalar\u0131 olarak hizmet verecek.<\/p>\n<p style=\"color: #666666;\">ASF otomotiv sekt\u00f6r\u00fcn\u00fcn \u00f6n\u00fcn\u00fc a\u00e7mak istiyor<\/p>\n<p style=\"color: #666666;\">Otomotiv tesislerinde farkl\u0131 ve yenilik\u00e7i yat\u0131r\u0131m aray\u0131\u015f\u0131nda olan ASF Otomotiv, E\u015farj ile yola \u00e7\u0131kt\u0131\u011f\u0131 yeni projesinde gelir payla\u015f\u0131ml\u0131\u00a0<span style=\"font-weight: bold; color: #222222;\">elektrikli ara\u00e7 \u015farj istasyon\u00a0<\/span>yat\u0131r\u0131mlar\u0131n\u0131n \u00f6n\u00fcn\u00fc a\u00e7may\u0131 hedefliyor. T\u00fcrkiye\u2019de artan enerji t\u00fcketimi, karbon sal\u0131n\u0131m\u0131 ve \u00e7evre korumas\u0131 gibi hususlar\u0131n \u00f6neminin fark\u0131ndal\u0131\u011f\u0131 ile hareket eden ASF Otomotiv, \u00e7evreye duyarl\u0131 her projede oldu\u011fu gibi elektrik otomobil kullan\u0131lmas\u0131n\u0131 destekliyor.<\/p>\n<p style=\"color: #666666;\">E\u015farj\u2019\u0131n yaratt\u0131\u011f\u0131 \u0130\u015f Ortakl\u0131\u011f\u0131 modeli ile d\u00fc\u015f\u00fck maliyetle,\u00a0<span style=\"font-weight: bold; color: #222222;\">elektrikli ara\u00e7 \u015farj istasyonu\u00a0<\/span>sahibi olmak ve E\u015farj\u2019\u0131n i\u015fletme a\u011f\u0131na dahil olarak t\u00fcm<span style=\"font-weight: bold; color: #222222;\">elektrikli ara\u00e7 sahiplerine\u00a0<\/span>ula\u015fabilmek m\u00fcmk\u00fcn. Bu yeni yarat\u0131lan i\u015f kolu i\u00e7in sadece park alan\u0131 sahibi olmak yeterli. T\u00fcm i\u015fletme, \u00f6deme, ara\u00e7 y\u00f6nlendirme, bak\u0131m ve di\u011fer konular E\u015farj taraf\u0131ndan bir gelir payla\u015f\u0131m modeliyle \u00e7\u00f6z\u00fcmleniyor. Dolay\u0131s\u0131yla giri\u015fimci \u00fczerinde ilk yat\u0131r\u0131m maliyeti haricinde herhangi bir y\u00fck olu\u015fmuyor.<\/p>\n<p style=\"color: #666666;\">ASF Otomotiv; E\u015farj ile \u0130\u015f Ortakl\u0131\u011f\u0131 kuran ilk firmalardan biri olarak\u00a0<span style=\"font-weight: bold; color: #222222;\">elektrikli otomobil\u00a0<\/span>kullan\u0131m\u0131n\u0131n ve \u00e7evreci alg\u0131n\u0131n artmas\u0131na katk\u0131da bulunacak bu i\u015f modelinin T\u00fcrkiye\u2019deki \u00f6nc\u00fcs\u00fc oluyor. \u00c7evreye yat\u0131r\u0131m\u0131n en b\u00fcy\u00fck kazan\u00e7 oldu\u011fu g\u00fcn\u00fcm\u00fczde,\u00a0<span style=\"font-weight: bold; color: #222222;\">elektrikli otomobil<\/span>sekt\u00f6r\u00fcne,\u00a0<span style=\"font-weight: bold; color: #222222;\">elektrikli otomobiller<\/span>\u00a0i\u00e7in altyap\u0131 geli\u015fim s\u00fcre\u00e7lerine yap\u0131lacak her katk\u0131n\u0131n asl\u0131nda gelece\u011fimize yat\u0131r\u0131m oldu\u011funu g\u00f6zler \u00f6n\u00fcne seriyor.<\/p>\n<p style=\"color: #666666;\">Kaynak: Haberler<\/p>\n<p><\/p>","protected":false},"excerpt":{"rendered":"<p>Sorry, this entry is only available in Turkish. For the sake of viewer convenience, the content is shown below in the alternative language. You may click the link to switch the active language. ASF Otomotiv, gelece\u011fin otomobili olarak g\u00f6sterilen elektrikli ara\u00e7 sekt\u00f6r\u00fcne yat\u0131r\u0131m yap\u0131yor. E\u015farj Elektrikli Ara\u00e7lar \u015earj Sistemleri A.\u015e., 2008 y\u0131l\u0131nda faaliyete ge\u00e7ti. B\u00fcy\u00fck [&hellip;]<\/p>\n","protected":false},"author":1,"featured_media":57311,"comment_status":"open","ping_status":"open","sticky":false,"template":"","format":"standard","meta":[],"categories":[51,53],"tags":[31488,215,1270,63,67,1009,2698,165],"views":1091,"_links":{"self":[{"href":"https:\/\/www.enerjigazetesi.ist\/en\/wp-json\/wp\/v2\/posts\/57310"}],"collection":[{"href":"https:\/\/www.enerjigazetesi.ist\/en\/wp-json\/wp\/v2\/posts"}],"about":[{"href":"https:\/\/www.enerjigazetesi.ist\/en\/wp-json\/wp\/v2\/types\/post"}],"author":[{"embeddable":true,"href":"https:\/\/www.enerjigazetesi.ist\/en\/wp-json\/wp\/v2\/users\/1"}],"replies":[{"embeddable":true,"href":"https:\/\/www.enerjigazetesi.ist\/en\/wp-json\/wp\/v2\/comments?post=57310"}],"version-history":[{"count":1,"href":"https:\/\/www.enerjigazetesi.ist\/en\/wp-json\/wp\/v2\/posts\/57310\/revisions"}],"predecessor-version":[{"id":57312,"href":"https:\/\/www.enerjigazetesi.ist\/en\/wp-json\/wp\/v2\/posts\/57310\/revisions\/57312"}],"wp:featuredmedia":[{"embeddable":true,"href":"https:\/\/www.enerjigazetesi.ist\/en\/wp-json\/wp\/v2\/media\/57311"}],"wp:attachment":[{"href":"https:\/\/www.enerjigazetesi.ist\/en\/wp-json\/wp\/v2\/media?parent=57310"}],"wp:term":[{"taxonomy":"category","embeddable":true,"href":"https:\/\/www.enerjigazetesi.ist\/en\/wp-json\/wp\/v2\/categories?post=57310"},{"taxonomy":"post_tag","embeddable":true,"href":"https:\/\/www.enerjigazetesi.ist\/en\/wp-json\/wp\/v2\/tags?post=57310"}],"curies":[{"name":"wp","href":"https:\/\/api.w.org\/{rel}","templated":true}]}}