{"id":57262,"date":"2016-09-11T18:13:28","date_gmt":"2016-09-11T15:13:28","guid":{"rendered":"https:\/\/www.enerjigazetesi.ist\/?p=57262"},"modified":"2016-09-11T18:15:07","modified_gmt":"2016-09-11T15:15:07","slug":"fransa-gunes-enerjisinde-7-gw-seviyesine-ulasti","status":"publish","type":"post","link":"https:\/\/www.enerjigazetesi.ist\/en\/fransa-gunes-enerjisinde-7-gw-seviyesine-ulasti\/","title":{"rendered":"(Turkish) Fransa G\u00fcne\u015f Enerjisi&#8217;nde 7 GW Seviyesine Ula\u015ft\u0131!"},"content":{"rendered":"<p class=\"qtranxs-available-languages-message qtranxs-available-languages-message-en\">Sorry, this entry is only available in <a href=\"https:\/\/www.enerjigazetesi.ist\/tr\/wp-json\/wp\/v2\/posts\/57262\" class=\"qtranxs-available-language-link qtranxs-available-language-link-tr\" title=\"Turkish\">Turkish<\/a>. For the sake of viewer convenience, the content is shown below in the alternative language. You may click the link to switch the active language.<\/p><p><\/p>\n<p style=\"color: #444444;\"><strong>Fransa \u00c7evre, Enerji ve Deniz Bakanl\u0131\u011f\u0131 \u00fclkede g\u00fcne\u015f elektri\u011fi alan\u0131nda ger\u00e7ekle\u015ftirilen yat\u0131r\u0131mlar ile ilgili g\u00fcncel verilerin a\u00e7\u0131klamas\u0131n\u0131 ger\u00e7ekle\u015ftirdi. A\u00e7\u0131klanan\u00a0verilere g\u00f6re\u00a0\u00fclkenin g\u00fcne\u015f elektri\u011fi \u00fcretim kapasitesi haziran ay\u0131 sonu itibari ile 6.911 MW seviyesine\u00a0ula\u015ft\u0131.<br \/>\n<\/strong><\/p>\n<p style=\"color: #444444;\">ilk alt\u0131 ayl\u0131k toplam art\u0131\u015f ise ge\u00e7en y\u0131l\u0131n ayn\u0131 d\u00f6nemine g\u00f6re y\u00fczde 14\u2019l\u00fck gerileme ile 336 MW <img loading=\"lazy\" class=\"alignright size-medium wp-image-50675\" src=\"https:\/\/www.enerjigazetesi.ist\/wp-content\/uploads\/2016\/02\/gunes-enerjisi-hiz-kazandi-300x200.jpg\" alt=\"gunes-enerjisi-hiz-kazandi\" width=\"300\" height=\"200\" srcset=\"https:\/\/www.enerjigazetesi.ist\/wp-content\/uploads\/2016\/02\/gunes-enerjisi-hiz-kazandi-300x200.jpg 300w, https:\/\/www.enerjigazetesi.ist\/wp-content\/uploads\/2016\/02\/gunes-enerjisi-hiz-kazandi-500x333.jpg 500w, https:\/\/www.enerjigazetesi.ist\/wp-content\/uploads\/2016\/02\/gunes-enerjisi-hiz-kazandi-75x50.jpg 75w, https:\/\/www.enerjigazetesi.ist\/wp-content\/uploads\/2016\/02\/gunes-enerjisi-hiz-kazandi.jpg 900w\" sizes=\"(max-width: 300px) 100vw, 300px\" \/>oldu. Bu ayn\u0131 zamanda Fransa i\u00e7in 2013 y\u0131l\u0131ndan beri ger\u00e7ekle\u015fen en d\u00fc\u015f\u00fck 6 ayl\u0131k b\u00fcy\u00fcme rakam\u0131\u00a0da olmu\u015ftur.<\/p>\n<p style=\"color: #444444;\">Verilere g\u00f6re g\u00fcne\u015f elektri\u011findeki k\u00fcm\u00fclatif g\u00fcc\u00fcn\u00fcn 3.505 MW\u2019l\u0131k b\u00f6l\u00fcm\u00fcn\u00fc 250 kW \u00fczerindeki sistem kurulumlar\u0131ndan olu\u015furken, 1.127 MW\u2019l\u0131k b\u00f6l\u00fcm\u00fcn\u00fc ise 9 kW ve alt\u0131 sistemlerden olu\u015fturmaktad\u0131r.<\/p>\n<p style=\"color: #444444;\">\u00dclkedeki 9 ile 36 kW aras\u0131 g\u00fcce sahip sistemlerin toplam g\u00fcc\u00fc 416 MW, 36 ile 100 kW aras\u0131 g\u00fcce sahip sistemlerinki 862 MW, 100 ile 250 kW aras\u0131 g\u00fcce sahip sistemlerin ki ise 1.002 MW d\u00fczeyine ula\u015fm\u0131\u015f durumdad\u0131r.<\/p>\n<p style=\"color: #444444;\">Fransa\u2019da toplam kurulu g\u00fc\u00e7leri 2.141 MW olacak, \u00e7e\u015fitli kapasitelerdeki 21.634 adet projenin \u00e7al\u0131\u015fmalar\u0131 ise s\u00fcrd\u00fcr\u00fclmektedir.\u00a0Bunlardan toplam g\u00fc\u00e7leri 593 MW olacak 11.276\u2019s\u0131n\u0131n ise \u015febeke ba\u011flant\u0131 anla\u015fmas\u0131 da yap\u0131lm\u0131\u015ft\u0131r.<\/p>\n<p style=\"color: #444444;\"><strong>3,8 Teravat-saat enerji \u00fcretimi\u00a0ger\u00e7ekle\u015fti.<\/strong><\/p>\n<p style=\"color: #444444;\">Fransa bu g\u00fc\u00e7 ile y\u0131l\u0131n ilk yar\u0131s\u0131nda 3,8 TWh\u2019lik elektrik \u00fcretimi ger\u00e7ekle\u015ftirdi. elektrik \u00fcretimi ise y\u00fczde 12\u2019lik art\u0131\u015f ile 3,8 TWh seviyesine\u00a0ula\u015ft\u0131.<\/p>\n<p style=\"color: #444444;\">Bu \u00fcretim Fransa\u2019n\u0131n elektrik talebinin y\u00fczde 1,5\u2019ini kar\u015f\u0131lamaktad\u0131r. Bir y\u0131l \u00f6ncenin ayn\u0131 d\u00f6neminde bu rakam y\u00fczde 1,4\u00a0seviyelerinde idi.<\/p>\n<p style=\"color: #444444;\">Fransa&#8217;n\u0131n g\u00fcne\u015f enerjisinde 2018\u2019te 10,2 GW, 2023 y\u0131l\u0131nda ise 20,2 GW\u2019l\u0131k toplam kapasiteye ula\u015fma hedefi bulunmaktad\u0131r.<\/p>\n<p><\/p>","protected":false},"excerpt":{"rendered":"<p>Sorry, this entry is only available in Turkish. For the sake of viewer convenience, the content is shown below in the alternative language. You may click the link to switch the active language. Fransa \u00c7evre, Enerji ve Deniz Bakanl\u0131\u011f\u0131 \u00fclkede g\u00fcne\u015f elektri\u011fi alan\u0131nda ger\u00e7ekle\u015ftirilen yat\u0131r\u0131mlar ile ilgili g\u00fcncel verilerin a\u00e7\u0131klamas\u0131n\u0131 ger\u00e7ekle\u015ftirdi. A\u00e7\u0131klanan\u00a0verilere g\u00f6re\u00a0\u00fclkenin g\u00fcne\u015f elektri\u011fi [&hellip;]<\/p>\n","protected":false},"author":1,"featured_media":50675,"comment_status":"open","ping_status":"open","sticky":false,"template":"","format":"standard","meta":[],"categories":[53,49],"tags":[68,61,19,63,67,1009,2698,165,2326,227,1169,13,2569,23133,22975,2401,4269],"views":778,"_links":{"self":[{"href":"https:\/\/www.enerjigazetesi.ist\/en\/wp-json\/wp\/v2\/posts\/57262"}],"collection":[{"href":"https:\/\/www.enerjigazetesi.ist\/en\/wp-json\/wp\/v2\/posts"}],"about":[{"href":"https:\/\/www.enerjigazetesi.ist\/en\/wp-json\/wp\/v2\/types\/post"}],"author":[{"embeddable":true,"href":"https:\/\/www.enerjigazetesi.ist\/en\/wp-json\/wp\/v2\/users\/1"}],"replies":[{"embeddable":true,"href":"https:\/\/www.enerjigazetesi.ist\/en\/wp-json\/wp\/v2\/comments?post=57262"}],"version-history":[{"count":3,"href":"https:\/\/www.enerjigazetesi.ist\/en\/wp-json\/wp\/v2\/posts\/57262\/revisions"}],"predecessor-version":[{"id":57265,"href":"https:\/\/www.enerjigazetesi.ist\/en\/wp-json\/wp\/v2\/posts\/57262\/revisions\/57265"}],"wp:featuredmedia":[{"embeddable":true,"href":"https:\/\/www.enerjigazetesi.ist\/en\/wp-json\/wp\/v2\/media\/50675"}],"wp:attachment":[{"href":"https:\/\/www.enerjigazetesi.ist\/en\/wp-json\/wp\/v2\/media?parent=57262"}],"wp:term":[{"taxonomy":"category","embeddable":true,"href":"https:\/\/www.enerjigazetesi.ist\/en\/wp-json\/wp\/v2\/categories?post=57262"},{"taxonomy":"post_tag","embeddable":true,"href":"https:\/\/www.enerjigazetesi.ist\/en\/wp-json\/wp\/v2\/tags?post=57262"}],"curies":[{"name":"wp","href":"https:\/\/api.w.org\/{rel}","templated":true}]}}