{"id":57248,"date":"2016-09-11T14:08:43","date_gmt":"2016-09-11T11:08:43","guid":{"rendered":"https:\/\/www.enerjigazetesi.ist\/?p=57248"},"modified":"2016-09-11T14:08:43","modified_gmt":"2016-09-11T11:08:43","slug":"socar-20-eylul-tarihinden-itibaren-halka-arz-edilecektir","status":"publish","type":"post","link":"https:\/\/www.enerjigazetesi.ist\/en\/socar-20-eylul-tarihinden-itibaren-halka-arz-edilecektir\/","title":{"rendered":"(Turkish) SOCAR 20 Eyl\u00fcl Tarihinden \u0130tibaren Halka Arz Edilecektir&#8230;"},"content":{"rendered":"<p class=\"qtranxs-available-languages-message qtranxs-available-languages-message-en\">Sorry, this entry is only available in <a href=\"https:\/\/www.enerjigazetesi.ist\/tr\/wp-json\/wp\/v2\/posts\/57248\" class=\"qtranxs-available-language-link qtranxs-available-language-link-tr\" title=\"Turkish\">Turkish<\/a>. For the sake of viewer convenience, the content is shown below in the alternative language. You may click the link to switch the active language.<\/p><p><\/p>\n<p class=\"selectionShareable\" style=\"color: #0a0a0a;\"><strong>SOCAR\u2019dan yap\u0131lan a\u00e7\u0131klama ile \u015firketin hisselerinin 20 Eyl\u00fcl\u2019den itibaren halka arz edilece\u011fi\u00a0belirtildi.<\/strong><span id=\"more-83618\"><\/span><\/p>\n<p class=\"selectionShareable\" style=\"color: #0a0a0a;\">Yap\u0131lan a\u00e7\u0131klamada, SOCAR\u2019\u0131n yurt d\u0131\u015f\u0131 finans piyasalar\u0131ndan elde etti\u011fi tecr\u00fcbeyle Azerbaycan\u2019\u0131n finan<a href=\"https:\/\/www.enerjigazetesi.ist\/wp-content\/uploads\/2015\/11\/socar-2398023-696x385.jpg\"><img loading=\"lazy\" class=\"alignright size-medium wp-image-46162\" src=\"https:\/\/www.enerjigazetesi.ist\/wp-content\/uploads\/2015\/11\/socar-2398023-696x385-300x165.jpg\" alt=\"socar-2398023-696x385\" width=\"300\" height=\"165\" srcset=\"https:\/\/www.enerjigazetesi.ist\/wp-content\/uploads\/2015\/11\/socar-2398023-696x385-300x165.jpg 300w, https:\/\/www.enerjigazetesi.ist\/wp-content\/uploads\/2015\/11\/socar-2398023-696x385-500x276.jpg 500w, https:\/\/www.enerjigazetesi.ist\/wp-content\/uploads\/2015\/11\/socar-2398023-696x385-80x44.jpg 80w, https:\/\/www.enerjigazetesi.ist\/wp-content\/uploads\/2015\/11\/socar-2398023-696x385.jpg 696w\" sizes=\"(max-width: 300px) 100vw, 300px\" \/><\/a>s piyasas\u0131n\u0131n daha da geli\u015ftirilmek istendi\u011fi, Azerbaycan vatanda\u015flar\u0131na yeni bir yat\u0131r\u0131m olana\u011f\u0131 sunulmas\u0131n\u0131n hedeflendi\u011fi de\u00a0s\u00f6ylendi.<\/p>\n<p class=\"selectionShareable\" style=\"color: #0a0a0a;\">Arz edilecek hisselerin miktar\u0131 konusunda bilgi verilmezken, dolar hisselerinin y\u0131ll\u0131k y\u00fczde 5 kazan\u00e7 getirece\u011fi\u00a0a\u00e7\u0131kland\u0131.<\/p>\n<p class=\"selectionShareable\" style=\"color: #0a0a0a;\">SOCAR\u2019\u0131n halka arz edilecek hisseleri vergiden muaf olacak ve hisse sahiplerine her \u00fc\u00e7 ayda bir faiz \u00f6demesi yap\u0131lacakt\u0131r.<\/p>\n<p class=\"selectionShareable\" style=\"color: #0a0a0a;\">SOCAR hisselerinin halka arz\u0131yla ilgili ayr\u0131nt\u0131lar 16 Eyl\u00fcl\u2019de kamuoyuna\u00a0duyurulacakt\u0131r.<\/p>\n<p><\/p>","protected":false},"excerpt":{"rendered":"<p>Sorry, this entry is only available in Turkish. For the sake of viewer convenience, the content is shown below in the alternative language. You may click the link to switch the active language. SOCAR\u2019dan yap\u0131lan a\u00e7\u0131klama ile \u015firketin hisselerinin 20 Eyl\u00fcl\u2019den itibaren halka arz edilece\u011fi\u00a0belirtildi. Yap\u0131lan a\u00e7\u0131klamada, SOCAR\u2019\u0131n yurt d\u0131\u015f\u0131 finans piyasalar\u0131ndan elde etti\u011fi tecr\u00fcbeyle [&hellip;]<\/p>\n","protected":false},"author":1,"featured_media":46162,"comment_status":"open","ping_status":"open","sticky":false,"template":"","format":"standard","meta":[],"categories":[53],"tags":[63,67,1009,2698,165,19389,31463,769,31464],"views":814,"_links":{"self":[{"href":"https:\/\/www.enerjigazetesi.ist\/en\/wp-json\/wp\/v2\/posts\/57248"}],"collection":[{"href":"https:\/\/www.enerjigazetesi.ist\/en\/wp-json\/wp\/v2\/posts"}],"about":[{"href":"https:\/\/www.enerjigazetesi.ist\/en\/wp-json\/wp\/v2\/types\/post"}],"author":[{"embeddable":true,"href":"https:\/\/www.enerjigazetesi.ist\/en\/wp-json\/wp\/v2\/users\/1"}],"replies":[{"embeddable":true,"href":"https:\/\/www.enerjigazetesi.ist\/en\/wp-json\/wp\/v2\/comments?post=57248"}],"version-history":[{"count":1,"href":"https:\/\/www.enerjigazetesi.ist\/en\/wp-json\/wp\/v2\/posts\/57248\/revisions"}],"predecessor-version":[{"id":57249,"href":"https:\/\/www.enerjigazetesi.ist\/en\/wp-json\/wp\/v2\/posts\/57248\/revisions\/57249"}],"wp:featuredmedia":[{"embeddable":true,"href":"https:\/\/www.enerjigazetesi.ist\/en\/wp-json\/wp\/v2\/media\/46162"}],"wp:attachment":[{"href":"https:\/\/www.enerjigazetesi.ist\/en\/wp-json\/wp\/v2\/media?parent=57248"}],"wp:term":[{"taxonomy":"category","embeddable":true,"href":"https:\/\/www.enerjigazetesi.ist\/en\/wp-json\/wp\/v2\/categories?post=57248"},{"taxonomy":"post_tag","embeddable":true,"href":"https:\/\/www.enerjigazetesi.ist\/en\/wp-json\/wp\/v2\/tags?post=57248"}],"curies":[{"name":"wp","href":"https:\/\/api.w.org\/{rel}","templated":true}]}}