{"id":57235,"date":"2016-09-10T15:25:04","date_gmt":"2016-09-10T12:25:04","guid":{"rendered":"https:\/\/www.enerjigazetesi.ist\/?p=57235"},"modified":"2016-09-10T15:25:04","modified_gmt":"2016-09-10T12:25:04","slug":"dunya-enerji-ve-atlantik-konseyi-enerji-gundemi-ile-bir-araya-geliyor","status":"publish","type":"post","link":"https:\/\/www.enerjigazetesi.ist\/en\/dunya-enerji-ve-atlantik-konseyi-enerji-gundemi-ile-bir-araya-geliyor\/","title":{"rendered":"(Turkish) D\u00fcnya Enerji ve Atlantik Konseyi Enerji G\u00fcndemi \u0130le Bir Araya Geliyor&#8230;"},"content":{"rendered":"<p class=\"qtranxs-available-languages-message qtranxs-available-languages-message-en\">Sorry, this entry is only available in <a href=\"https:\/\/www.enerjigazetesi.ist\/tr\/wp-json\/wp\/v2\/posts\/57235\" class=\"qtranxs-available-language-link qtranxs-available-language-link-tr\" title=\"Turkish\">Turkish<\/a>. For the sake of viewer convenience, the content is shown below in the alternative language. You may click the link to switch the active language.<\/p><p><strong>9 &#8211; 13 Ekim 2016 tarihleri aras\u0131nda \u0130stanbul\u2019da d\u00fczenlenecek 23. D\u00fcnya Enerji Kongresi \u00f6ncesinde D\u00fcnya Enerji Konseyi ve Atlantik Konseyi g\u00fc\u00e7 birli\u011fi yap\u0131yor.<\/strong><\/p>\n<p>Atlantik Konseyi, global enerji d\u00fcnyas\u0131n\u0131n en kapsaml\u0131 bulu\u015fmalar\u0131ndan olan D\u00fcnya Enerji Kongresi kapsam\u0131nda iki etkinlik d\u00fczenlemeyi planl\u0131yor. Enerjiyle ilgili kritik \u00f6neme sahip konulara ili\u015fkin farkl\u0131 bak\u0131\u015f a\u00e7\u0131lar\u0131n\u0131n tart\u0131<img loading=\"lazy\" class=\"alignright size-medium wp-image-54548\" src=\"https:\/\/www.enerjigazetesi.ist\/wp-content\/uploads\/2016\/06\/enerji-gazetesi-23-dunya-enerji-kongresinin-resmi-online-plartform-partneri-oldu-300x152.jpg\" alt=\"wec yeni logo\" width=\"300\" height=\"152\" srcset=\"https:\/\/www.enerjigazetesi.ist\/wp-content\/uploads\/2016\/06\/enerji-gazetesi-23-dunya-enerji-kongresinin-resmi-online-plartform-partneri-oldu-300x152.jpg 300w, https:\/\/www.enerjigazetesi.ist\/wp-content\/uploads\/2016\/06\/enerji-gazetesi-23-dunya-enerji-kongresinin-resmi-online-plartform-partneri-oldu-1024x518.jpg 1024w, https:\/\/www.enerjigazetesi.ist\/wp-content\/uploads\/2016\/06\/enerji-gazetesi-23-dunya-enerji-kongresinin-resmi-online-plartform-partneri-oldu-500x253.jpg 500w, https:\/\/www.enerjigazetesi.ist\/wp-content\/uploads\/2016\/06\/enerji-gazetesi-23-dunya-enerji-kongresinin-resmi-online-plartform-partneri-oldu-80x40.jpg 80w, https:\/\/www.enerjigazetesi.ist\/wp-content\/uploads\/2016\/06\/enerji-gazetesi-23-dunya-enerji-kongresinin-resmi-online-plartform-partneri-oldu.jpg 1200w\" sizes=\"(max-width: 300px) 100vw, 300px\" \/>\u015f\u0131laca\u011f\u0131 panellerin ba\u015fl\u0131klar\u0131 \u015f\u00f6yle:<\/p>\n<p>&#8211; B\u00f6lgesel Enerji Pazar\u0131 Entegrasyonu: Zorluklar ve F\u0131rsatlar<\/p>\n<p>&#8211; 2016 Se\u00e7imleri Sonras\u0131 ABD\u2019nin \u0130klim ve Enerji Politikalar\u0131 Senaryolar\u0131<\/p>\n<p>Atlantik Konseyi T\u00fcrkiye Temsilcisi ve \u0130stanbul Zirvesi Direkt\u00f6r\u00fc Defne Sad\u0131klar Arslan konuyla ilgili olarak \u015funlar\u0131 s\u00f6yledi: \u201cB\u00f6ylesine etkili iki kurulu\u015fun, global enerji politikalar\u0131n\u0131 \u015fekillendirecek bu zirvede g\u00fc\u00e7 birli\u011fi yapmas\u0131 ka\u00e7\u0131n\u0131lmazd\u0131. Bu i\u015f birli\u011fi, stratejik enerji yollar\u0131n\u0131n kesi\u015fti\u011fi T\u00fcrkiye\u2019nin hem d\u00fcnyada hem b\u00f6lgede oynad\u0131\u011f\u0131 belirleyici rol\u00fcn bir g\u00f6stergesidir\u201d<\/p>\n<p>D\u00fcnya Enerji Konseyi T\u00fcrk Milli Komitesi Ba\u015fkan\u0131 Murat Mercan ise \u201cAtlantik Konseyi gibi d\u00fcnyaca tan\u0131nm\u0131\u015f bir kurulu\u015fla i\u015f birli\u011fi yaparak D\u00fcnya Enerji Kongresi\u2019nin yaratt\u0131\u011f\u0131 sinerjiyi art\u0131rmaktan memnuniyet duyuyoruz. Amac\u0131m\u0131z, bu \u00f6nemli etkinlikle global enerjinin gelece\u011fini \u015fekillendirmek ve T\u00fcrkiye\u2019nin bu alanda oynayaca\u011f\u0131 rol\u00fc tayin etmek\u201d diye konu\u015ftu.<\/p>\n<p>Washington merkezli d\u00fc\u015f\u00fcnce kurulu\u015fu Atlantik Konseyi, 2015\u2019te Global Enerji Merkezi\u2019ni kurarak, Richard L. Morningstar\u2019\u0131 kurucu direkt\u00f6r ve ba\u015fkan olarak atad\u0131. B\u00fcy\u00fckel\u00e7i Morningstar, daha \u00f6nce ABD\u2019nin Avrupa Birli\u011fi B\u00fcy\u00fckel\u00e7isi, ABD\u2019nin Avrasya Enerji \u00d6zel Temsilcisi ve ABD\u2019nin Azerbaycan B\u00fcy\u00fckel\u00e7isi olarak g\u00f6rev yapm\u0131\u015ft\u0131. B\u00fcy\u00fckel\u00e7i Morningstar ise \u201cT\u00fcrkiye\u2019de b\u00f6yle bir i\u015f birli\u011fine gidilmesini \u00e7ok \u00f6nemli buluyorum. Ekim ay\u0131nda \u0130stanbul\u2019da olmaktan heyecan duyuyorum\u201d diye konu\u015ftu.<\/p>\n<p>Cumhurba\u015fkan\u0131 Recep Tayyip Erdo\u011fan\u2019\u0131n himayesinde, D\u00fcnya Enerji Konseyi taraf\u0131ndan d\u00fczenlenecek 23. D\u00fcnya Enerji Kongresi, \u201cYeni Ufuklar\u0131 Kucaklamak\u201d ba\u015fl\u0131\u011f\u0131n\u0131 ta\u015f\u0131yor. Kongreye kat\u0131lacak, 7 bin delege sekt\u00f6rdeki \u00f6nemli geli\u015fmeleri ele alacak. Zirvede, 250\u2019den fazla enerji bakan\u0131,CEO, akademisyen ve sivil toplum kurulu\u015fu lideri konu\u015fma yapacak. Enerji d\u00fcnyas\u0131n\u0131n farkl\u0131 alanlar\u0131ndan temsilcileri bulu\u015fturan kongre, sekt\u00f6r\u00fcn en kapsaml\u0131 ve en etkili zirvesi. Etkinlik, enerji a\u00e7\u0131s\u0131ndan daha iyi bir gelece\u011fin \u00f6n\u00fcn\u00fc a\u00e7acak olan global diyalog ve mutabakat i\u00e7in bir mihenk ta\u015f\u0131 niteli\u011fi ta\u015f\u0131yor.<\/p>","protected":false},"excerpt":{"rendered":"<p>Sorry, this entry is only available in Turkish. For the sake of viewer convenience, the content is shown below in the alternative language. You may click the link to switch the active language.9 &#8211; 13 Ekim 2016 tarihleri aras\u0131nda \u0130stanbul\u2019da d\u00fczenlenecek 23. D\u00fcnya Enerji Kongresi \u00f6ncesinde D\u00fcnya Enerji Konseyi ve Atlantik Konseyi g\u00fc\u00e7 birli\u011fi yap\u0131yor. [&hellip;]<\/p>\n","protected":false},"author":1,"featured_media":54548,"comment_status":"open","ping_status":"open","sticky":false,"template":"","format":"standard","meta":[],"categories":[53],"tags":[31457,936,63,67,1009,2698,165],"views":831,"_links":{"self":[{"href":"https:\/\/www.enerjigazetesi.ist\/en\/wp-json\/wp\/v2\/posts\/57235"}],"collection":[{"href":"https:\/\/www.enerjigazetesi.ist\/en\/wp-json\/wp\/v2\/posts"}],"about":[{"href":"https:\/\/www.enerjigazetesi.ist\/en\/wp-json\/wp\/v2\/types\/post"}],"author":[{"embeddable":true,"href":"https:\/\/www.enerjigazetesi.ist\/en\/wp-json\/wp\/v2\/users\/1"}],"replies":[{"embeddable":true,"href":"https:\/\/www.enerjigazetesi.ist\/en\/wp-json\/wp\/v2\/comments?post=57235"}],"version-history":[{"count":1,"href":"https:\/\/www.enerjigazetesi.ist\/en\/wp-json\/wp\/v2\/posts\/57235\/revisions"}],"predecessor-version":[{"id":57236,"href":"https:\/\/www.enerjigazetesi.ist\/en\/wp-json\/wp\/v2\/posts\/57235\/revisions\/57236"}],"wp:featuredmedia":[{"embeddable":true,"href":"https:\/\/www.enerjigazetesi.ist\/en\/wp-json\/wp\/v2\/media\/54548"}],"wp:attachment":[{"href":"https:\/\/www.enerjigazetesi.ist\/en\/wp-json\/wp\/v2\/media?parent=57235"}],"wp:term":[{"taxonomy":"category","embeddable":true,"href":"https:\/\/www.enerjigazetesi.ist\/en\/wp-json\/wp\/v2\/categories?post=57235"},{"taxonomy":"post_tag","embeddable":true,"href":"https:\/\/www.enerjigazetesi.ist\/en\/wp-json\/wp\/v2\/tags?post=57235"}],"curies":[{"name":"wp","href":"https:\/\/api.w.org\/{rel}","templated":true}]}}