{"id":57233,"date":"2016-09-10T15:16:58","date_gmt":"2016-09-10T12:16:58","guid":{"rendered":"https:\/\/www.enerjigazetesi.ist\/?p=57233"},"modified":"2016-09-10T15:16:58","modified_gmt":"2016-09-10T12:16:58","slug":"4-elektrik-sirketi-cagri-merkezi-ihalesi-duzenliyor","status":"publish","type":"post","link":"https:\/\/www.enerjigazetesi.ist\/en\/4-elektrik-sirketi-cagri-merkezi-ihalesi-duzenliyor\/","title":{"rendered":"(Turkish) 4 Elektrik \u015eirketi \u00c7a\u011fr\u0131 Merkezi \u0130halesi D\u00fczenliyor!"},"content":{"rendered":"<p class=\"qtranxs-available-languages-message qtranxs-available-languages-message-en\">Sorry, this entry is only available in <a href=\"https:\/\/www.enerjigazetesi.ist\/tr\/wp-json\/wp\/v2\/posts\/57233\" class=\"qtranxs-available-language-link qtranxs-available-language-link-tr\" title=\"Turkish\">Turkish<\/a>. For the sake of viewer convenience, the content is shown below in the alternative language. You may click the link to switch the active language.<\/p><p><\/p>\n<p class=\"selectionShareable\" style=\"color: #0a0a0a;\"><strong>UEDA\u015e, BEDA\u015e,\u00c7EDA\u015e ve Akdeniz EDA\u015e \u00e7a\u011fr\u0131 merkezi ihalesine \u00e7\u0131k\u0131yor. Uluda\u011f Elektrik Da\u011f\u0131t\u0131m A\u015e. (UEDA\u015e), Tekirda\u011f il merkezinde \u00e7a\u011fr\u0131 merkezi kurulumu ve i\u015fletilmesi hizmet al\u0131m\u0131 i\u015fi i\u00e7in ihale d\u00fczenleyecektir.<\/strong><\/p>\n<p class=\"selectionShareable\" style=\"color: #0a0a0a;\">\n<p class=\"selectionShareable\" style=\"color: #0a0a0a;\">\u015eirket a\u00e7\u0131klamas\u0131nda ise, UEDA\u015e\u2019\u0131n Tekirda\u011f il merkezinde iki y\u0131l s\u00fcre ile \u00e7a\u011fr\u0131 merkezi kurulumu ve i\u015fletilmesi hizmet al\u0131m\u0131 i\u015fi i\u00e7in ger\u00e7ekle\u015ftirece\u011fi ihale, <strong>22 Eyl\u00fcl Per\u015fembe<\/strong> g\u00fcn\u00fc <strong>saat 14.00\u2019te<\/strong> \u201ca\u00e7\u0131k ihale\u201d usul\u00fc ile yap\u0131lacakt\u0131r.<\/p>\n<p class=\"selectionShareable\" style=\"color: #0a0a0a;\">\u0130haleye kat\u0131lmak i\u00e7in al\u0131nmas\u0131 gerek<img loading=\"lazy\" class=\"alignleft size-medium wp-image-7473\" src=\"https:\/\/www.enerjigazetesi.ist\/wp-content\/uploads\/2013\/02\/ayedas-elektrik-istanbul-ozellestirme-ihalesi-2013-300x212.jpg\" alt=\"ayedas-elektrik-istanbul-ozellestirme-ihalesi-2013\" width=\"300\" height=\"212\" srcset=\"https:\/\/www.enerjigazetesi.ist\/wp-content\/uploads\/2013\/02\/ayedas-elektrik-istanbul-ozellestirme-ihalesi-2013-300x212.jpg 300w, https:\/\/www.enerjigazetesi.ist\/wp-content\/uploads\/2013\/02\/ayedas-elektrik-istanbul-ozellestirme-ihalesi-2013-500x354.jpg 500w, https:\/\/www.enerjigazetesi.ist\/wp-content\/uploads\/2013\/02\/ayedas-elektrik-istanbul-ozellestirme-ihalesi-2013-70x50.jpg 70w, https:\/\/www.enerjigazetesi.ist\/wp-content\/uploads\/2013\/02\/ayedas-elektrik-istanbul-ozellestirme-ihalesi-2013.jpg 505w\" sizes=\"(max-width: 300px) 100vw, 300px\" \/>li \u015fartnameler, belirlenen banka hesap numaras\u0131na veya \u015firket veznesine yat\u0131r\u0131lacak 4.000,00 TL dosya bedeli kar\u015f\u0131l\u0131\u011f\u0131nda adrese e-posta, kargo ile g\u00f6nderilecek veya imza kar\u015f\u0131l\u0131\u011f\u0131 elden teslim edilecektir.<\/p>\n<p class=\"selectionShareable\" style=\"color: #0a0a0a;\">\u2013 \u0130haleye kat\u0131l\u0131m \u015fartlar\u0131 ve istenen belgeler<\/p>\n<p class=\"selectionShareable\" style=\"color: #0a0a0a;\">A\u00e7\u0131klamada, ihaleye kat\u0131l\u0131m \u015fartlar\u0131 ve istenen belgeler \u015f\u00f6yle s\u0131raland\u0131:<\/p>\n<p class=\"selectionShareable\" style=\"color: #0a0a0a;\">Mevzuat\u0131 gere\u011fi \u015firketin kay\u0131tl\u0131 oldu\u011fu Ticaret Odas\u0131 Belgesi veya Sanayi Odas\u0131 Belgesi.<\/p>\n<p class=\"selectionShareable\" style=\"color: #0a0a0a;\">Ger\u00e7ek ki\u015fi olmas\u0131 halinde, ilk ilan veya ihale tarihinin i\u00e7erisinde bulundu\u011fu y\u0131lda al\u0131nm\u0131\u015f ilgisine g\u00f6re ticaret ve\/veya sanayi odas\u0131na veya ilgili meslek odas\u0131na kay\u0131tl\u0131 oldu\u011funu g\u00f6sterir belge.<\/p>\n<p class=\"selectionShareable\" style=\"color: #0a0a0a;\">T\u00fczel ki\u015fi olmas\u0131 halinde, mevzuat\u0131 gere\u011fi t\u00fczel ki\u015fili\u011fin siciline kay\u0131tl\u0131 bulundu\u011fu ticaret ve\/veya sanayi odas\u0131ndan, ilk ilan veya ihale tarihinin i\u00e7erisinde bulundu\u011fu y\u0131lda al\u0131nm\u0131\u015f, t\u00fczel ki\u015fili\u011fin sicile kay\u0131tl\u0131 oldu\u011funa dair belge, teklif vermeye yetkili oldu\u011funu g\u00f6steren imza beyannamesi veya imza sirk\u00fcleri.<\/p>\n<p class=\"selectionShareable\" style=\"color: #0a0a0a;\">Ger\u00e7ek ki\u015fi olmas\u0131 halinde, noter tasdikli imza beyannamesi. T\u00fczel ki\u015fi olmas\u0131 halinde, ilgisine g\u00f6re t\u00fczel ki\u015fili\u011fin ortaklar\u0131, \u00fcyeleri veya kurucular\u0131 ile t\u00fczel ki\u015fili\u011fin y\u00f6netimindeki g\u00f6revlileri belirten son durumu g\u00f6sterir Ticaret Sicil Gazetesi ve bu hususlar\u0131 tevsik eden belgeler ile t\u00fczel ki\u015fili\u011fin noter tasdikli imza sirk\u00fcleri.<\/p>\n<p class=\"selectionShareable\" style=\"color: #0a0a0a;\">ISO 9001, ISO 27001 veya ISO 27031 ve ISO 18001 kalite belgesi. \u0130haleye kat\u0131lanlar\u0131n teklif ettikleri toplam bedelin y\u00fczde 5\u2019inden az olmamak \u00fczere kendi belirleyecekleri tutarda en az 90 g\u00fcn ge\u00e7erli ge\u00e7ici teminat mektubu vermesi gerekiyor.<\/p>\n<hr style=\"color: #0a0a0a;\" \/>\n<p class=\"selectionShareable\" style=\"color: #0a0a0a;\">Bo\u011fazi\u00e7i Elektrik Da\u011f\u0131t\u0131m A\u015e (BEDA\u015e), Kars il merkezinde iki y\u0131l s\u00fcreyle \u00e7a\u011fr\u0131 merkezi kurulum ve i\u015fletilmesi hizmet al\u0131m\u0131 i\u015fi i\u00e7in ihale d\u00fczenleyecek.<\/p>\n<p class=\"selectionShareable\" style=\"color: #0a0a0a;\">\u015eirket a\u00e7\u0131klamas\u0131na g\u00f6re, 22 Eyl\u00fcl Per\u015fembe g\u00fcn\u00fc saat 14.00\u2019te ger\u00e7ekle\u015ftirilecek ihale a\u00e7\u0131k ihale usul\u00fc ile yap\u0131lacak.<\/p>\n<p class=\"selectionShareable\" style=\"color: #0a0a0a;\">\u0130haleye kat\u0131lmak i\u00e7in al\u0131nmas\u0131 gerekli olan \u015fartnameler, belirlenen banka hesap numaras\u0131na veya \u015firket veznesine yat\u0131r\u0131lacak 4 bin TL dosya bedeli kar\u015f\u0131l\u0131\u011f\u0131nda adrese, e-posta, kargo ile g\u00f6nderilecek veya imza kar\u015f\u0131l\u0131\u011f\u0131 elden teslim edilecek.<\/p>\n<p class=\"selectionShareable\" style=\"color: #0a0a0a;\">\u0130haleye kat\u0131lanlar\u0131n teklif ettikleri toplam bedelin y\u00fczde 5\u2019inden az olmamak \u00fczere kendi belirleyecekleri tutarda en az 90 g\u00fcn ge\u00e7erli ge\u00e7ici teminat mektubu vermesi gerekiyor.<\/p>\n<hr style=\"color: #0a0a0a;\" \/>\n<p class=\"selectionShareable\" style=\"color: #0a0a0a;\">Akdeniz Elektrik Da\u011f\u0131t\u0131m A\u015e (EDA\u015e), Tekirda\u011f il merkezinde iki y\u0131l s\u00fcreyle \u00e7a\u011fr\u0131 merkezi kurulum ve i\u015fletilmesi hizmet al\u0131m\u0131 i\u015fi i\u00e7in ihale d\u00fczenleyecek.<\/p>\n<p class=\"selectionShareable\" style=\"color: #0a0a0a;\">\u015eirket a\u00e7\u0131klamas\u0131na g\u00f6re, 22 Eyl\u00fcl Per\u015fembe g\u00fcn\u00fc saat 14.00\u2019te ger\u00e7ekle\u015ftirilecek ihale a\u00e7\u0131k ihale usul\u00fc ile yap\u0131lacak.<\/p>\n<p class=\"selectionShareable\" style=\"color: #0a0a0a;\">\u0130haleye kat\u0131lmak i\u00e7in al\u0131nmas\u0131 gerekli olan \u015fartnameler, belirlenen banka hesap numaras\u0131na veya \u015firket veznesine yat\u0131r\u0131lacak 4 bin TL dosya bedeli kar\u015f\u0131l\u0131\u011f\u0131nda adrese, e-posta, kargo ile g\u00f6nderilecek veya imza kar\u015f\u0131l\u0131\u011f\u0131 elden teslim edilecek.<\/p>\n<p class=\"selectionShareable\" style=\"color: #0a0a0a;\">\u0130haleye kat\u0131lanlar\u0131n teklif ettikleri toplam bedelin y\u00fczde 5\u2019inden az olmamak \u00fczere kendi belirleyecekleri tutarda en az 90 g\u00fcn ge\u00e7erli ge\u00e7ici teminat mektubu vermesi gerekiyor.<\/p>\n<hr style=\"color: #0a0a0a;\" \/>\n<p class=\"selectionShareable\" style=\"color: #0a0a0a;\">\u00c7aml\u0131bel Elektrik Da\u011f\u0131t\u0131m A\u015e (\u00c7EDA\u015e), Kars il merkezinde iki y\u0131l s\u00fcreyle \u00e7a\u011fr\u0131 merkezi kurulum ve i\u015fletilmesi hizmet al\u0131m\u0131 i\u015fi i\u00e7in ihale d\u00fczenleyecek.<\/p>\n<p class=\"selectionShareable\" style=\"color: #0a0a0a;\">\u015eirket a\u00e7\u0131klamas\u0131na g\u00f6re, 22 Eyl\u00fcl Per\u015fembe g\u00fcn\u00fc saat 14.00\u2019te ger\u00e7ekle\u015ftirilecek ihale a\u00e7\u0131k ihale usul\u00fc ile yap\u0131lacak.<\/p>\n<p class=\"selectionShareable\" style=\"color: #0a0a0a;\">\u0130haleye kat\u0131lmak i\u00e7in al\u0131nmas\u0131 gerekli olan \u015fartnameler, belirlenen banka hesap numaras\u0131na veya \u015firket veznesine yat\u0131r\u0131lacak 3 bin TL dosya bedeli kar\u015f\u0131l\u0131\u011f\u0131nda adrese, e-posta, kargo ile g\u00f6nderilecek veya imza kar\u015f\u0131l\u0131\u011f\u0131 elden teslim edilecek.<\/p>\n<p class=\"selectionShareable\" style=\"color: #0a0a0a;\">\u0130haleye kat\u0131lanlar\u0131n teklif ettikleri toplam bedelin y\u00fczde 5\u2019inden az olmamak \u00fczere kendi belirleyecekleri tutarda en az 90 g\u00fcn ge\u00e7erli ge\u00e7ici teminat mektubu vermesi gerekiyor.<\/p>\n<p><\/p>","protected":false},"excerpt":{"rendered":"<p>Sorry, this entry is only available in Turkish. For the sake of viewer convenience, the content is shown below in the alternative language. You may click the link to switch the active language. UEDA\u015e, BEDA\u015e,\u00c7EDA\u015e ve Akdeniz EDA\u015e \u00e7a\u011fr\u0131 merkezi ihalesine \u00e7\u0131k\u0131yor. Uluda\u011f Elektrik Da\u011f\u0131t\u0131m A\u015e. (UEDA\u015e), Tekirda\u011f il merkezinde \u00e7a\u011fr\u0131 merkezi kurulumu ve i\u015fletilmesi [&hellip;]<\/p>\n","protected":false},"author":1,"featured_media":7473,"comment_status":"open","ping_status":"open","sticky":false,"template":"","format":"standard","meta":[],"categories":[51,53],"tags":[5573,1506,5179,68,61,19638,1451,2873,31456,63,67,1009,2698,165,2227],"views":981,"_links":{"self":[{"href":"https:\/\/www.enerjigazetesi.ist\/en\/wp-json\/wp\/v2\/posts\/57233"}],"collection":[{"href":"https:\/\/www.enerjigazetesi.ist\/en\/wp-json\/wp\/v2\/posts"}],"about":[{"href":"https:\/\/www.enerjigazetesi.ist\/en\/wp-json\/wp\/v2\/types\/post"}],"author":[{"embeddable":true,"href":"https:\/\/www.enerjigazetesi.ist\/en\/wp-json\/wp\/v2\/users\/1"}],"replies":[{"embeddable":true,"href":"https:\/\/www.enerjigazetesi.ist\/en\/wp-json\/wp\/v2\/comments?post=57233"}],"version-history":[{"count":1,"href":"https:\/\/www.enerjigazetesi.ist\/en\/wp-json\/wp\/v2\/posts\/57233\/revisions"}],"predecessor-version":[{"id":57234,"href":"https:\/\/www.enerjigazetesi.ist\/en\/wp-json\/wp\/v2\/posts\/57233\/revisions\/57234"}],"wp:featuredmedia":[{"embeddable":true,"href":"https:\/\/www.enerjigazetesi.ist\/en\/wp-json\/wp\/v2\/media\/7473"}],"wp:attachment":[{"href":"https:\/\/www.enerjigazetesi.ist\/en\/wp-json\/wp\/v2\/media?parent=57233"}],"wp:term":[{"taxonomy":"category","embeddable":true,"href":"https:\/\/www.enerjigazetesi.ist\/en\/wp-json\/wp\/v2\/categories?post=57233"},{"taxonomy":"post_tag","embeddable":true,"href":"https:\/\/www.enerjigazetesi.ist\/en\/wp-json\/wp\/v2\/tags?post=57233"}],"curies":[{"name":"wp","href":"https:\/\/api.w.org\/{rel}","templated":true}]}}