{"id":57231,"date":"2016-09-10T15:09:24","date_gmt":"2016-09-10T12:09:24","guid":{"rendered":"https:\/\/www.enerjigazetesi.ist\/?p=57231"},"modified":"2016-09-10T16:07:20","modified_gmt":"2016-09-10T13:07:20","slug":"2-ulusal-biyoyakit-sempozyumu-27-30-eylul-2016da-duzenleniyor","status":"publish","type":"post","link":"https:\/\/www.enerjigazetesi.ist\/en\/2-ulusal-biyoyakit-sempozyumu-27-30-eylul-2016da-duzenleniyor\/","title":{"rendered":"(Turkish) 2. Ulusal Biyoyak\u0131t Sempozyumu 27-30 Eyl\u00fcl 2016&#8217;da D\u00fczenleniyor&#8230;"},"content":{"rendered":"<p class=\"qtranxs-available-languages-message qtranxs-available-languages-message-en\">Sorry, this entry is only available in <a href=\"https:\/\/www.enerjigazetesi.ist\/tr\/wp-json\/wp\/v2\/posts\/57231\" class=\"qtranxs-available-language-link qtranxs-available-language-link-tr\" title=\"Turkish\">Turkish<\/a>. For the sake of viewer convenience, the content is shown below in the alternative language. You may click the link to switch the active language.<\/p><p><strong>T.C. G\u0131da, Tar\u0131m ve Hayvanc\u0131l\u0131k Bakanl\u0131\u011f\u0131 Karadeniz Tar\u0131msal Ara\u015ft\u0131rma Enstit\u00fcs\u00fc taraf<img loading=\"lazy\" class=\"alignright size-full wp-image-27972\" src=\"https:\/\/www.enerjigazetesi.ist\/wp-content\/uploads\/2014\/06\/biyoyakit.jpg\" alt=\"biyoyakit\" width=\"273\" height=\"187\" srcset=\"https:\/\/www.enerjigazetesi.ist\/wp-content\/uploads\/2014\/06\/biyoyakit.jpg 273w, https:\/\/www.enerjigazetesi.ist\/wp-content\/uploads\/2014\/06\/biyoyakit-72x50.jpg 72w\" sizes=\"(max-width: 273px) 100vw, 273px\" \/>\u0131ndan 2. Ulusal Biyoyak\u0131tlar Sempozyumu, 27-30 Eyl\u00fcl 2016 tarihlerinde Samsun&#8217;da\u00a0d\u00fczenlenecektir.<\/strong><\/p>\n<p>Samsun G\u0131da Tar\u0131m ve Hayvanc\u0131l\u0131k Bakanl\u0131\u011f\u0131 \u0130l M\u00fcd\u00fcrl\u00fc\u011f\u00fc, Samsun B\u00fcy\u00fck\u015fehir Belediyesi, Ondokuz May\u0131s \u00dcniversitesi ve S\u00fcrd\u00fcr\u00fclebilir \u00dcretim ve T\u00fcketim Derne\u011fi (S\u00dcT-D) \u00a0destekleri ile ger\u00e7ekle\u015ftirilecek etkinlikte, ba\u015fta biyodizel, biyoetanol, biyogaz olmak \u00fczere biyok\u00fctle enerji teknolojileri i\u00e7in akademi, resmi kat\u0131l\u0131mc\u0131, yerel y\u00f6netimler ve biyoyak\u0131t sekt\u00f6r\u00fc bir arada olacakt\u0131r.<\/p>\n<p><strong>\u0130leti\u015fim:<\/strong> Dr. Ay\u015feg\u00fcl E. \u00c7elik &#8211; <strong>T:<\/strong> 0362 256 05 14 &#8211; <strong>Gsm:<\/strong> 0505 563 97 39 &#8211; <strong>Mail:<\/strong> biyoyakit2016@gmail.com<br \/>\n<strong>Web:<\/strong>\u00a0<a href=\"http:\/\/www.biyoyakit2016.org\/default.aspx\">http:\/\/www.biyoyakit2016.org\/default.aspx<\/a><\/p>","protected":false},"excerpt":{"rendered":"<p>Sorry, this entry is only available in Turkish. For the sake of viewer convenience, the content is shown below in the alternative language. You may click the link to switch the active language.T.C. G\u0131da, Tar\u0131m ve Hayvanc\u0131l\u0131k Bakanl\u0131\u011f\u0131 Karadeniz Tar\u0131msal Ara\u015ft\u0131rma Enstit\u00fcs\u00fc taraf\u0131ndan 2. Ulusal Biyoyak\u0131tlar Sempozyumu, 27-30 Eyl\u00fcl 2016 tarihlerinde Samsun&#8217;da\u00a0d\u00fczenlenecektir. Samsun G\u0131da Tar\u0131m [&hellip;]<\/p>\n","protected":false},"author":1,"featured_media":27972,"comment_status":"open","ping_status":"open","sticky":false,"template":"","format":"standard","meta":[],"categories":[22893,53],"tags":[7131,31455,63,67,1009,2698,165],"views":1116,"_links":{"self":[{"href":"https:\/\/www.enerjigazetesi.ist\/en\/wp-json\/wp\/v2\/posts\/57231"}],"collection":[{"href":"https:\/\/www.enerjigazetesi.ist\/en\/wp-json\/wp\/v2\/posts"}],"about":[{"href":"https:\/\/www.enerjigazetesi.ist\/en\/wp-json\/wp\/v2\/types\/post"}],"author":[{"embeddable":true,"href":"https:\/\/www.enerjigazetesi.ist\/en\/wp-json\/wp\/v2\/users\/1"}],"replies":[{"embeddable":true,"href":"https:\/\/www.enerjigazetesi.ist\/en\/wp-json\/wp\/v2\/comments?post=57231"}],"version-history":[{"count":3,"href":"https:\/\/www.enerjigazetesi.ist\/en\/wp-json\/wp\/v2\/posts\/57231\/revisions"}],"predecessor-version":[{"id":57239,"href":"https:\/\/www.enerjigazetesi.ist\/en\/wp-json\/wp\/v2\/posts\/57231\/revisions\/57239"}],"wp:featuredmedia":[{"embeddable":true,"href":"https:\/\/www.enerjigazetesi.ist\/en\/wp-json\/wp\/v2\/media\/27972"}],"wp:attachment":[{"href":"https:\/\/www.enerjigazetesi.ist\/en\/wp-json\/wp\/v2\/media?parent=57231"}],"wp:term":[{"taxonomy":"category","embeddable":true,"href":"https:\/\/www.enerjigazetesi.ist\/en\/wp-json\/wp\/v2\/categories?post=57231"},{"taxonomy":"post_tag","embeddable":true,"href":"https:\/\/www.enerjigazetesi.ist\/en\/wp-json\/wp\/v2\/tags?post=57231"}],"curies":[{"name":"wp","href":"https:\/\/api.w.org\/{rel}","templated":true}]}}