{"id":57215,"date":"2016-09-09T11:48:43","date_gmt":"2016-09-09T08:48:43","guid":{"rendered":"https:\/\/www.enerjigazetesi.ist\/?p=57215"},"modified":"2016-09-09T11:48:43","modified_gmt":"2016-09-09T08:48:43","slug":"albayrak-bu-bayram-cerablusa-yeniden-elektrik-saglanacaktir","status":"publish","type":"post","link":"https:\/\/www.enerjigazetesi.ist\/en\/albayrak-bu-bayram-cerablusa-yeniden-elektrik-saglanacaktir\/","title":{"rendered":"(Turkish) Albayrak: \u201cBu Bayram Cerablus\u2019a Yeniden Elektrik Sa\u011flanacakt\u0131r&#8230;\u201d"},"content":{"rendered":"<p class=\"qtranxs-available-languages-message qtranxs-available-languages-message-en\">Sorry, this entry is only available in <a href=\"https:\/\/www.enerjigazetesi.ist\/tr\/wp-json\/wp\/v2\/posts\/57215\" class=\"qtranxs-available-language-link qtranxs-available-language-link-tr\" title=\"Turkish\">Turkish<\/a>. For the sake of viewer convenience, the content is shown below in the alternative language. You may click the link to switch the active language.<\/p><p><\/p>\n<p class=\"selectionShareable\" style=\"color: #0a0a0a;\"><strong>Enerji ve Tabii Kaynaklar Bakan\u0131 Berat Albayrak, \u201c\u0130n\u015fallah, bu bayram Cerablus\u2019a yeniden elektrik sa\u011flayaca\u011f\u0131z.\u201d<a href=\"https:\/\/www.enerjigazetesi.ist\/wp-content\/uploads\/2015\/11\/yeni-kabinede-enerji-bakani-berat-albayrak-oldu.jpg\"><img loading=\"lazy\" class=\"alignleft size-medium wp-image-47040\" src=\"https:\/\/www.enerjigazetesi.ist\/wp-content\/uploads\/2015\/11\/yeni-kabinede-enerji-bakani-berat-albayrak-oldu-300x165.jpg\" alt=\"yeni-kabinede-enerji-bakani-berat-albayrak-oldu\" width=\"300\" height=\"165\" srcset=\"https:\/\/www.enerjigazetesi.ist\/wp-content\/uploads\/2015\/11\/yeni-kabinede-enerji-bakani-berat-albayrak-oldu-300x165.jpg 300w, https:\/\/www.enerjigazetesi.ist\/wp-content\/uploads\/2015\/11\/yeni-kabinede-enerji-bakani-berat-albayrak-oldu-500x276.jpg 500w, https:\/\/www.enerjigazetesi.ist\/wp-content\/uploads\/2015\/11\/yeni-kabinede-enerji-bakani-berat-albayrak-oldu-80x44.jpg 80w, https:\/\/www.enerjigazetesi.ist\/wp-content\/uploads\/2015\/11\/yeni-kabinede-enerji-bakani-berat-albayrak-oldu.jpg 696w\" sizes=\"(max-width: 300px) 100vw, 300px\" \/><\/a> ifadesine yer verdi.<\/strong><span id=\"more-83593\"><\/span><\/p>\n<p class=\"selectionShareable\" style=\"color: #0a0a0a;\">Albayrak, resmi Twitter hesab\u0131ndan yapt\u0131\u011f\u0131 a\u00e7\u0131klamas\u0131nda, Cerablus\u2019un ter\u00f6ristlerden temizlendi\u011fine i\u015faret ederek, \u201cCerablus\u2019u ter\u00f6ristlerden temizledik. \u015eimdi amac\u0131m\u0131z hayat\u0131 normale d\u00f6nd\u00fcrmek. \u0130n\u015fallah bu bayram Cerablus\u2019a yeniden elektrik sa\u011flayaca\u011f\u0131z.\u201d de\u011ferlendirmelerine yer verdi.<\/p>\n<p class=\"selectionShareable\" style=\"color: #0a0a0a;\">Ge\u00e7en hafta b\u00f6lgedeki ilgili elektrik da\u011f\u0131t\u0131m \u015firketi, Gaziantep\u2019in Karkam\u0131\u015f il\u00e7esinden, Cerablus\u2019a elektrik vermek i\u00e7in \u00e7al\u0131\u015fmalara ba\u015flanm\u0131\u015ft\u0131r.<\/p>\n<p><\/p>","protected":false},"excerpt":{"rendered":"<p>Sorry, this entry is only available in Turkish. For the sake of viewer convenience, the content is shown below in the alternative language. You may click the link to switch the active language. Enerji ve Tabii Kaynaklar Bakan\u0131 Berat Albayrak, \u201c\u0130n\u015fallah, bu bayram Cerablus\u2019a yeniden elektrik sa\u011flayaca\u011f\u0131z.\u201d ifadesine yer verdi. Albayrak, resmi Twitter hesab\u0131ndan yapt\u0131\u011f\u0131 [&hellip;]<\/p>\n","protected":false},"author":1,"featured_media":47040,"comment_status":"open","ping_status":"open","sticky":false,"template":"","format":"standard","meta":[],"categories":[51,53],"tags":[27051,31446,68,4257,61,19638,1451,2873,63,67,1009,2698,165,1389,984,31445],"views":708,"_links":{"self":[{"href":"https:\/\/www.enerjigazetesi.ist\/en\/wp-json\/wp\/v2\/posts\/57215"}],"collection":[{"href":"https:\/\/www.enerjigazetesi.ist\/en\/wp-json\/wp\/v2\/posts"}],"about":[{"href":"https:\/\/www.enerjigazetesi.ist\/en\/wp-json\/wp\/v2\/types\/post"}],"author":[{"embeddable":true,"href":"https:\/\/www.enerjigazetesi.ist\/en\/wp-json\/wp\/v2\/users\/1"}],"replies":[{"embeddable":true,"href":"https:\/\/www.enerjigazetesi.ist\/en\/wp-json\/wp\/v2\/comments?post=57215"}],"version-history":[{"count":1,"href":"https:\/\/www.enerjigazetesi.ist\/en\/wp-json\/wp\/v2\/posts\/57215\/revisions"}],"predecessor-version":[{"id":57216,"href":"https:\/\/www.enerjigazetesi.ist\/en\/wp-json\/wp\/v2\/posts\/57215\/revisions\/57216"}],"wp:featuredmedia":[{"embeddable":true,"href":"https:\/\/www.enerjigazetesi.ist\/en\/wp-json\/wp\/v2\/media\/47040"}],"wp:attachment":[{"href":"https:\/\/www.enerjigazetesi.ist\/en\/wp-json\/wp\/v2\/media?parent=57215"}],"wp:term":[{"taxonomy":"category","embeddable":true,"href":"https:\/\/www.enerjigazetesi.ist\/en\/wp-json\/wp\/v2\/categories?post=57215"},{"taxonomy":"post_tag","embeddable":true,"href":"https:\/\/www.enerjigazetesi.ist\/en\/wp-json\/wp\/v2\/tags?post=57215"}],"curies":[{"name":"wp","href":"https:\/\/api.w.org\/{rel}","templated":true}]}}