{"id":57200,"date":"2016-09-08T13:38:49","date_gmt":"2016-09-08T10:38:49","guid":{"rendered":"https:\/\/www.enerjigazetesi.ist\/?p=57200"},"modified":"2016-09-08T13:39:07","modified_gmt":"2016-09-08T10:39:07","slug":"kis-saati-uygulamasi-artik-kaldirildi-turkiye-saati-gmt3-oldu","status":"publish","type":"post","link":"https:\/\/www.enerjigazetesi.ist\/en\/kis-saati-uygulamasi-artik-kaldirildi-turkiye-saati-gmt3-oldu\/","title":{"rendered":"(Turkish) K\u0131\u015f Saati Uygulamas\u0131 Art\u0131k Kald\u0131r\u0131ld\u0131, T\u00fcrkiye Saati GMT+3 Oldu&#8230;"},"content":{"rendered":"<p class=\"qtranxs-available-languages-message qtranxs-available-languages-message-en\">Sorry, this entry is only available in <a href=\"https:\/\/www.enerjigazetesi.ist\/tr\/wp-json\/wp\/v2\/posts\/57200\" class=\"qtranxs-available-language-link qtranxs-available-language-link-tr\" title=\"Turkish\">Turkish<\/a>. For the sake of viewer convenience, the content is shown below in the alternative language. You may click the link to switch the active language.<\/p><p><\/p>\n<p class=\"selectionShareable\" style=\"color: #0a0a0a;\"><strong>G\u00fcn \u0131\u015f\u0131\u011f\u0131ndan daha fazla yararlan\u0131lmas\u0131 amac\u0131yla yaz saati uygulamas\u0131n\u0131n her sene y\u0131l boyunca s\u00fcrd\u00fcr\u00fclmesine ili\u015fkin al\u0131nan karar, Resmi Gazete\u2019de yay\u0131mland\u0131.<\/strong><span id=\"more-83572\"><\/span><\/p>\n<p class=\"selectionShareable\" style=\"color: #0a0a0a;\">Resmi Gazete\u2019de yay\u0131mlanan Bakanlar Kurulu Karar\u0131, Enerji ve Tabii Kaynaklar Bakanl\u0131\u011f\u0131n\u0131n 6 Eyl\u00fcl 2016 tarihli ve 24005 say\u0131l\u0131 yaz\u0131s\u0131 \u00fczerine, G\u00fcn\u00fcn Yirmi D\u00f6rt Saa<a href=\"https:\/\/www.enerjigazetesi.ist\/wp-content\/uploads\/2015\/10\/kis-saati-uygulamasina-erken-secimleri-nedeniyle-8-kasimda-gecilecek.jpg\"><img loading=\"lazy\" class=\"alignleft size-medium wp-image-45720\" src=\"https:\/\/www.enerjigazetesi.ist\/wp-content\/uploads\/2015\/10\/kis-saati-uygulamasina-erken-secimleri-nedeniyle-8-kasimda-gecilecek-300x165.jpg\" alt=\"kis-saati-uygulamasi\" width=\"300\" height=\"165\" srcset=\"https:\/\/www.enerjigazetesi.ist\/wp-content\/uploads\/2015\/10\/kis-saati-uygulamasina-erken-secimleri-nedeniyle-8-kasimda-gecilecek-300x165.jpg 300w, https:\/\/www.enerjigazetesi.ist\/wp-content\/uploads\/2015\/10\/kis-saati-uygulamasina-erken-secimleri-nedeniyle-8-kasimda-gecilecek-500x276.jpg 500w, https:\/\/www.enerjigazetesi.ist\/wp-content\/uploads\/2015\/10\/kis-saati-uygulamasina-erken-secimleri-nedeniyle-8-kasimda-gecilecek-80x44.jpg 80w, https:\/\/www.enerjigazetesi.ist\/wp-content\/uploads\/2015\/10\/kis-saati-uygulamasina-erken-secimleri-nedeniyle-8-kasimda-gecilecek.jpg 696w\" sizes=\"(max-width: 300px) 100vw, 300px\" \/><\/a>te Taksimine Dair Kanun\u2019un 2. maddesine ili\u015fkin de\u011fi\u015fikli\u011fi i\u00e7ermektedir.<\/p>\n<p class=\"selectionShareable\" style=\"color: #0a0a0a;\"><strong>Art\u0131k K\u0131\u015f Saatine Ge\u00e7i\u015f Olmayacak<\/strong><\/p>\n<p class=\"selectionShareable\" style=\"color: #0a0a0a;\">Buna g\u00f6re, Bakanlar Kurulu Karar\u0131\u2019nda \u015fu a\u00e7\u0131klamaya yer verildi:<\/p>\n<p class=\"selectionShareable\" style=\"color: #0a0a0a;\">\u201cG\u00fcn \u0131\u015f\u0131\u011f\u0131ndan daha fazla yararlanmak amac\u0131yla b\u00fct\u00fcn yurtta 27 Mart 2016 Pazar g\u00fcn\u00fc saat 03.00\u2019ten itibaren bir saat ileri al\u0131nmak suretiyle ba\u015flat\u0131lan yaz saati uygulamas\u0131n\u0131n, her y\u0131l, y\u0131l boyu s\u00fcrd\u00fcr\u00fclmesi kararla\u015ft\u0131r\u0131lm\u0131\u015ft\u0131r. G\u00fcn \u0131\u015f\u0131\u011f\u0131ndan daha fazla yararlanmak amac\u0131yla saatlerin d\u00fczenlenmesi hakk\u0131ndaki, 14 Mart 2016 tarihli ve 8589 say\u0131l\u0131 Bakanlar Kurulu Karar\u0131\u2019nda yer alan \u201930 Ekim 2016 Pazar g\u00fcn\u00fc saat 04.00\u2019ten itibaren bir saat geri al\u0131nmas\u0131\u2019 ibaresi y\u00fcr\u00fcrl\u00fckten kald\u0131r\u0131lm\u0131\u015ft\u0131r.\u201d<\/p>\n<p class=\"selectionShareable\" style=\"color: #0a0a0a;\">\u0130lgili h\u00fck\u00fcm gere\u011fince 27 Mart 2016 Pazar g\u00fcn\u00fc saat 03.00\u2019ten itibaren bir saat ileri al\u0131nmak suretiyle ba\u015flat\u0131lan yaz saati uygulamas\u0131 her sene y\u0131l boyu s\u00fcrd\u00fcr\u00fclecektir ve k\u0131\u015f saatine ge\u00e7ilmeyecektir.<\/p>\n<p><\/p>","protected":false},"excerpt":{"rendered":"<p>Sorry, this entry is only available in Turkish. For the sake of viewer convenience, the content is shown below in the alternative language. You may click the link to switch the active language. G\u00fcn \u0131\u015f\u0131\u011f\u0131ndan daha fazla yararlan\u0131lmas\u0131 amac\u0131yla yaz saati uygulamas\u0131n\u0131n her sene y\u0131l boyunca s\u00fcrd\u00fcr\u00fclmesine ili\u015fkin al\u0131nan karar, Resmi Gazete\u2019de yay\u0131mland\u0131. Resmi Gazete\u2019de [&hellip;]<\/p>\n","protected":false},"author":1,"featured_media":45720,"comment_status":"open","ping_status":"open","sticky":false,"template":"","format":"standard","meta":[],"categories":[53],"tags":[63,67,1009,2698,165,31432,863],"views":1109,"_links":{"self":[{"href":"https:\/\/www.enerjigazetesi.ist\/en\/wp-json\/wp\/v2\/posts\/57200"}],"collection":[{"href":"https:\/\/www.enerjigazetesi.ist\/en\/wp-json\/wp\/v2\/posts"}],"about":[{"href":"https:\/\/www.enerjigazetesi.ist\/en\/wp-json\/wp\/v2\/types\/post"}],"author":[{"embeddable":true,"href":"https:\/\/www.enerjigazetesi.ist\/en\/wp-json\/wp\/v2\/users\/1"}],"replies":[{"embeddable":true,"href":"https:\/\/www.enerjigazetesi.ist\/en\/wp-json\/wp\/v2\/comments?post=57200"}],"version-history":[{"count":2,"href":"https:\/\/www.enerjigazetesi.ist\/en\/wp-json\/wp\/v2\/posts\/57200\/revisions"}],"predecessor-version":[{"id":57202,"href":"https:\/\/www.enerjigazetesi.ist\/en\/wp-json\/wp\/v2\/posts\/57200\/revisions\/57202"}],"wp:featuredmedia":[{"embeddable":true,"href":"https:\/\/www.enerjigazetesi.ist\/en\/wp-json\/wp\/v2\/media\/45720"}],"wp:attachment":[{"href":"https:\/\/www.enerjigazetesi.ist\/en\/wp-json\/wp\/v2\/media?parent=57200"}],"wp:term":[{"taxonomy":"category","embeddable":true,"href":"https:\/\/www.enerjigazetesi.ist\/en\/wp-json\/wp\/v2\/categories?post=57200"},{"taxonomy":"post_tag","embeddable":true,"href":"https:\/\/www.enerjigazetesi.ist\/en\/wp-json\/wp\/v2\/tags?post=57200"}],"curies":[{"name":"wp","href":"https:\/\/api.w.org\/{rel}","templated":true}]}}