{"id":57172,"date":"2016-09-07T17:54:52","date_gmt":"2016-09-07T14:54:52","guid":{"rendered":"https:\/\/www.enerjigazetesi.ist\/?p=57172"},"modified":"2016-09-07T17:54:52","modified_gmt":"2016-09-07T14:54:52","slug":"uedas-sehrin-isiklarini-4uncu-kez-yakiyor","status":"publish","type":"post","link":"https:\/\/www.enerjigazetesi.ist\/en\/uedas-sehrin-isiklarini-4uncu-kez-yakiyor\/","title":{"rendered":"(Turkish) UEDA\u015e, \u2018\u015eehrin I\u015f\u0131klar\u0131\u2019n\u0131 4\u2019\u00fcnc\u00fc Kez Yak\u0131yor!"},"content":{"rendered":"<p class=\"qtranxs-available-languages-message qtranxs-available-languages-message-en\">Sorry, this entry is only available in <a href=\"https:\/\/www.enerjigazetesi.ist\/tr\/wp-json\/wp\/v2\/posts\/57172\" class=\"qtranxs-available-language-link qtranxs-available-language-link-tr\" title=\"Turkish\">Turkish<\/a>. For the sake of viewer convenience, the content is shown below in the alternative language. You may click the link to switch the active language.<\/p><p><strong>Uluda\u011f Elektrik Da\u011f\u0131t\u0131m A.\u015e. (UEDA\u015e), geleneksel hale gelen ulusal foto\u011fraf yar\u0131\u015fmas\u0131 \u2018\u015eehrin I\u015f\u0131klar\u0131\u2019n\u0131n 4\u2019\u00fcnc\u00fcs\u00fc i\u00e7in d\u00fc\u011fmeye bast\u0131.\u00a0<\/strong><strong>\u2018\u015eehir ve \u0131\u015f\u0131k\u2019 temal\u0131 foto\u011fraf yar\u0131\u015fmas\u0131na ba\u015fvurular 1 Eyl\u00fcl-1 Ekim tarihleri aras\u0131nda kabul edilecek. \u015eehrinin \u0131\u015f\u0131klar\u0131n\u0131 en iyi yans\u0131tan kat\u0131l\u0131mc\u0131lar, s\u00fcrpriz hediyelerle \u00f6d\u00fcllendirilecek.<\/strong><\/p>\n<p>Bursa, Bal\u0131kesir, \u00c7anakkale ve<a href=\"https:\/\/www.enerjigazetesi.ist\/wp-content\/uploads\/2016\/09\/uedas-sehrin-isiklarini-4uncu-kez-yakiyor.jpg\"><img loading=\"lazy\" class=\"alignleft size-medium wp-image-57173\" src=\"https:\/\/www.enerjigazetesi.ist\/wp-content\/uploads\/2016\/09\/uedas-sehrin-isiklarini-4uncu-kez-yakiyor-300x196.jpg\" alt=\"uedas-sehrin-isiklarini-4uncu-kez-yakiyor\" width=\"300\" height=\"196\" srcset=\"https:\/\/www.enerjigazetesi.ist\/wp-content\/uploads\/2016\/09\/uedas-sehrin-isiklarini-4uncu-kez-yakiyor-300x196.jpg 300w, https:\/\/www.enerjigazetesi.ist\/wp-content\/uploads\/2016\/09\/uedas-sehrin-isiklarini-4uncu-kez-yakiyor-500x326.jpg 500w, https:\/\/www.enerjigazetesi.ist\/wp-content\/uploads\/2016\/09\/uedas-sehrin-isiklarini-4uncu-kez-yakiyor-76x50.jpg 76w, https:\/\/www.enerjigazetesi.ist\/wp-content\/uploads\/2016\/09\/uedas-sehrin-isiklarini-4uncu-kez-yakiyor.jpg 768w\" sizes=\"(max-width: 300px) 100vw, 300px\" \/><\/a> Yalova\u2019n\u0131n elektrik da\u011f\u0131t\u0131m\u0131n\u0131 \u00fcstlenen Uluda\u011f Elektrik Da\u011f\u0131t\u0131m A.\u015e. (UEDA\u015e), bir yandan daha kaliteli ve kesintisiz enerji i\u00e7in yat\u0131r\u0131mlar\u0131n\u0131 s\u00fcrd\u00fcr\u00fcrken, di\u011fer yandan da sosyal sorumluluk projeleriyle hayat\u0131n i\u00e7inde yer al\u0131yor.<\/p>\n<p>\u2018Hayat\u0131n her yerinde\u2019 slogan\u0131yla \u00e7\u0131kt\u0131\u011f\u0131 yolculukta \u00f6zellikle gece \u0131\u015f\u0131\u011f\u0131n alt\u0131nda \u0131\u015f\u0131l \u0131\u015f\u0131l g\u00f6r\u00fcnen \u015fehir foto\u011fraflar\u0131n\u0131n kat\u0131labilece\u011fi bir yar\u0131\u015fma d\u00fczenleyen UEDA\u015e, geleneksel hale gelen \u2018\u015fehir ve \u0131\u015f\u0131k\u2019 temal\u0131 \u2018\u015eehrin I\u015f\u0131klar\u0131\u2019 Ulusal Foto\u011fraf Yar\u0131\u015fmas\u0131\u2019n\u0131n 4\u2019\u00fcnc\u00fcs\u00fc i\u00e7in s\u00fcreci ba\u015flatt\u0131. 1 Eyl\u00fcl-1 Ekim tarihleri aras\u0131nda ba\u015fvurular\u0131n kabul edilece\u011fi yar\u0131\u015fmada her kat\u0131l\u0131mc\u0131 en fazla 5 eserle yer alabilecek.<\/p>\n<p><strong>\u0130NTERNET \u00dcZER\u0130NDEN BA\u015eVURU YAPILAB\u0130L\u0130R<\/strong><\/p>\n<p>T\u00fcm amat\u00f6r ve profesyonel foto\u011fraf severlerin ba\u015fvurabilece\u011fi yar\u0131\u015fma, b\u00fct\u00fcn T\u00fcrkiye\u2019yi kaps\u0131yor. Ba\u015fvurular\u0131n internet \u00fczerinden yap\u0131labilece\u011fi yar\u0131\u015fmada, ister dijital foto\u011fraf makinesiyle ister cep telefonuyla \u00e7ekilmi\u015f g\u00f6r\u00fcnt\u00fcler olsun, en g\u00fczel kareleri <a href=\"http:\/\/www.uedas.com.tr\/sehrinisiklari\">www.uedas.com.tr\/sehrinisiklari<\/a> adresine y\u00fckleyen herkes, birbirinden g\u00fczel hediyelerin sahibi olma f\u0131rsat\u0131n\u0131 yakalayacak.<\/p>\n<p>Birinciye, <strong>16-21 Ekim<\/strong> tarihleri aras\u0131nda Limak Thermal Boutique Hotel\u2019de 2 ki\u015filik tatilin hediye edilece\u011fi yar\u0131\u015fmada, ikinciye foto\u011fraf makinesi, \u00fc\u00e7\u00fcnc\u00fcye ise ak\u0131ll\u0131 telefon verilecek. \u015eimdiden amat\u00f6r ve profesyonel foto\u011fraf\u00e7\u0131lardan yo\u011fun ilgi oldu\u011fu g\u00f6zlenen yar\u0131\u015fmada dereceye giren foto\u011fraflara sergilenme imk\u00e2n\u0131 da verilecek. 1 Ekim\u2019e kadar ba\u015fvurular\u0131n kabul edilece\u011fi yar\u0131\u015fma ile ilgili detayl\u0131 bilgilere ve \u015fartnamesine <a href=\"http:\/\/www.uedas.com.tr\/sehrinisiklari\">www.uedas.com.tr\/sehrinisiklari<\/a> adresinden ula\u015fmak m\u00fcmk\u00fcnd\u00fcr.<\/p>","protected":false},"excerpt":{"rendered":"<p>Sorry, this entry is only available in Turkish. For the sake of viewer convenience, the content is shown below in the alternative language. You may click the link to switch the active language.Uluda\u011f Elektrik Da\u011f\u0131t\u0131m A.\u015e. (UEDA\u015e), geleneksel hale gelen ulusal foto\u011fraf yar\u0131\u015fmas\u0131 \u2018\u015eehrin I\u015f\u0131klar\u0131\u2019n\u0131n 4\u2019\u00fcnc\u00fcs\u00fc i\u00e7in d\u00fc\u011fmeye bast\u0131.\u00a0\u2018\u015eehir ve \u0131\u015f\u0131k\u2019 temal\u0131 foto\u011fraf yar\u0131\u015fmas\u0131na ba\u015fvurular [&hellip;]<\/p>\n","protected":false},"author":1,"featured_media":57173,"comment_status":"open","ping_status":"open","sticky":false,"template":"","format":"standard","meta":[],"categories":[51,53],"tags":[68,61,19638,1451,2873,63,67,1009,2698,165,2227,10698],"views":1340,"_links":{"self":[{"href":"https:\/\/www.enerjigazetesi.ist\/en\/wp-json\/wp\/v2\/posts\/57172"}],"collection":[{"href":"https:\/\/www.enerjigazetesi.ist\/en\/wp-json\/wp\/v2\/posts"}],"about":[{"href":"https:\/\/www.enerjigazetesi.ist\/en\/wp-json\/wp\/v2\/types\/post"}],"author":[{"embeddable":true,"href":"https:\/\/www.enerjigazetesi.ist\/en\/wp-json\/wp\/v2\/users\/1"}],"replies":[{"embeddable":true,"href":"https:\/\/www.enerjigazetesi.ist\/en\/wp-json\/wp\/v2\/comments?post=57172"}],"version-history":[{"count":1,"href":"https:\/\/www.enerjigazetesi.ist\/en\/wp-json\/wp\/v2\/posts\/57172\/revisions"}],"predecessor-version":[{"id":57174,"href":"https:\/\/www.enerjigazetesi.ist\/en\/wp-json\/wp\/v2\/posts\/57172\/revisions\/57174"}],"wp:featuredmedia":[{"embeddable":true,"href":"https:\/\/www.enerjigazetesi.ist\/en\/wp-json\/wp\/v2\/media\/57173"}],"wp:attachment":[{"href":"https:\/\/www.enerjigazetesi.ist\/en\/wp-json\/wp\/v2\/media?parent=57172"}],"wp:term":[{"taxonomy":"category","embeddable":true,"href":"https:\/\/www.enerjigazetesi.ist\/en\/wp-json\/wp\/v2\/categories?post=57172"},{"taxonomy":"post_tag","embeddable":true,"href":"https:\/\/www.enerjigazetesi.ist\/en\/wp-json\/wp\/v2\/tags?post=57172"}],"curies":[{"name":"wp","href":"https:\/\/api.w.org\/{rel}","templated":true}]}}