{"id":57164,"date":"2016-09-07T14:12:28","date_gmt":"2016-09-07T11:12:28","guid":{"rendered":"https:\/\/www.enerjigazetesi.ist\/?p=57164"},"modified":"2016-09-07T14:13:18","modified_gmt":"2016-09-07T11:13:18","slug":"turk-akiminin-deniz-kismini-gazprom-kara-kismini-ise-botas-yapsin","status":"publish","type":"post","link":"https:\/\/www.enerjigazetesi.ist\/en\/turk-akiminin-deniz-kismini-gazprom-kara-kismini-ise-botas-yapsin\/","title":{"rendered":"(Turkish) \u201cT\u00fcrk Ak\u0131m\u0131\u2019n\u0131n Deniz K\u0131sm\u0131n\u0131 Gazprom, Kara K\u0131sm\u0131n\u0131 da Bota\u015f Yaps\u0131n&#8230;\u201d"},"content":{"rendered":"<p class=\"qtranxs-available-languages-message qtranxs-available-languages-message-en\">Sorry, this entry is only available in <a href=\"https:\/\/www.enerjigazetesi.ist\/tr\/wp-json\/wp\/v2\/posts\/57164\" class=\"qtranxs-available-language-link qtranxs-available-language-link-tr\" title=\"Turkish\">Turkish<\/a>. For the sake of viewer convenience, the content is shown below in the alternative language. You may click the link to switch the active language.<\/p><p><\/p>\n<p class=\"selectionShareable\" style=\"color: #0a0a0a;\"><strong>Enerji Piyasalar\u0131 ve Politikalar\u0131 Enstit\u00fcs\u00fc (EPPEN) M\u00fcd\u00fcr\u00fc Dr. Volkan \u00d6zdemir, Rus-T\u00fcrk ili\u015fkilerine \u00f6nemli bir ivme kazand\u0131raca\u011f\u0131n\u0131 belirterek T\u00fcrk Ak\u0131m\u0131 projesinin denizdeki k\u0131sm\u0131n\u0131n Rus Gazprom, karadaki k\u0131sm\u0131n\u0131n Bota\u015f taraf\u0131ndan yap\u0131lmas\u0131n\u0131n en uygun \u00e7\u00f6z\u00fcm olaca\u011f\u0131n\u0131\u00a0belirtti.<\/strong><span id=\"more-83517\"><\/span><\/p>\n<p class=\"selectionShareable\" style=\"color: #0a0a0a;\">Sputnik\u2019e konu\u015fan \u00d6zdemir \u015fu ifadelere yer verdi: \u201cT\u00fcrk Ak\u0131m\u0131 projesinin ger\u00e7ekle\u015ftirilmesi T\u00fcrk-Rus ili\u015fkil<a href=\"https:\/\/www.enerjigazetesi.ist\/wp-content\/uploads\/2016\/02\/gazprom-tum-engellere-ragmen-turk-akimi-projesi-uygulanabilir.jpg\"><img loading=\"lazy\" class=\"alignright size-medium wp-image-50478\" src=\"https:\/\/www.enerjigazetesi.ist\/wp-content\/uploads\/2016\/02\/gazprom-tum-engellere-ragmen-turk-akimi-projesi-uygulanabilir-300x165.jpg\" alt=\"gazprom-tum-engellere-ragmen-turk-akimi-projesi-uygulanabilir\" width=\"300\" height=\"165\" srcset=\"https:\/\/www.enerjigazetesi.ist\/wp-content\/uploads\/2016\/02\/gazprom-tum-engellere-ragmen-turk-akimi-projesi-uygulanabilir-300x165.jpg 300w, https:\/\/www.enerjigazetesi.ist\/wp-content\/uploads\/2016\/02\/gazprom-tum-engellere-ragmen-turk-akimi-projesi-uygulanabilir-500x276.jpg 500w, https:\/\/www.enerjigazetesi.ist\/wp-content\/uploads\/2016\/02\/gazprom-tum-engellere-ragmen-turk-akimi-projesi-uygulanabilir-80x44.jpg 80w, https:\/\/www.enerjigazetesi.ist\/wp-content\/uploads\/2016\/02\/gazprom-tum-engellere-ragmen-turk-akimi-projesi-uygulanabilir.jpg 696w\" sizes=\"(max-width: 300px) 100vw, 300px\" \/><\/a>erine \u00f6nemli bir ivme kazand\u0131racakt\u0131r. Bunun yan\u0131nda Avrupa gaz piyasas\u0131 i\u00e7in de \u00f6nemli etkileri olacakt\u0131r. 31.5 milyar metrek\u00fcp sevkiyat kapasitesi olan hatt\u0131n ilk k\u0131sm\u0131 T\u00fcrkiye i\u00e7 piyasas\u0131na y\u00f6nelece\u011finden T\u00fcrkiye\u2019nin enerji g\u00fcvenli\u011fine katk\u0131lar\u0131 olacakt\u0131r. T\u00fcrk \u015firketleri Bat\u0131 hatt\u0131ndan ald\u0131klar\u0131 gaz\u0131 buraya y\u00f6nlendirerek transit risklerinden kurtulacakt\u0131r. \u0130kinci k\u0131s\u0131m i\u00e7in ise AB pazar\u0131 hedeflendi\u011finden d\u0131\u015f fakt\u00f6rler devreye girecektir. Bence en uygun \u00e7\u00f6z\u00fcm boru hatt\u0131n\u0131n deniz k\u0131sm\u0131n\u0131n Gazprom, T\u00fcrkiye topraklar\u0131ndaki kara k\u0131sm\u0131n\u0131n da Bota\u015f taraf\u0131ndan yap\u0131lmas\u0131d\u0131r. B\u00f6ylelikle Rus gaz\u0131 T\u00fcrkiye \u00fczerinden Avrupa\u2019ya gidebilir.\u201d<\/p>\n<p class=\"selectionShareable\" style=\"color: #0a0a0a;\"><strong>\u2018T\u00dcRK\u0130YE\u2019DE KURULACAK AVRASYA GAZ DA\u011eITIM MERKEZ\u0130\u2019NE RUS \u015e\u0130RKETLER\u0130 KATILMALIDIR\u2019<\/strong><\/p>\n<p class=\"selectionShareable\" style=\"color: #0a0a0a;\">\u00d6zdemir s\u00f6zlerine \u015f\u00f6yle devam etti: \u201cBenim \u00f6nerim T\u00fcrkiye\u2019de kurulacak Avrasya Gaz Ticaret Merkezi\u2019ne Rus \u015firketlerinin i\u015ftirak etmesi ve ilave gaz\u0131n birlikte pazarlanmas\u0131d\u0131r. Ancak \u015fimdilik bu noktadan uzak g\u00f6r\u00fcn\u00fcyoruz. Taraflar konuyu \u00f6nce uzman seviyesinde tart\u0131\u015fmal\u0131 ve daha \u00f6nceki hatalar\u0131n\u0131 tekrarlamamal\u0131d\u0131r.\u201d dedi.<\/p>\n<p class=\"selectionShareable\" style=\"color: #0a0a0a;\">Kaynak: <a href=\"https:\/\/tr.sputniknews.com\/turkiye\/20160906\/1024719675\/turk-akimi-deniz-kismi-gazprom-kara-kismi-botas-yapsin.html\" target=\"_blank\" rel=\"nofollow\">Sputnik<\/a><\/p>\n<p><\/p>","protected":false},"excerpt":{"rendered":"<p>Sorry, this entry is only available in Turkish. For the sake of viewer convenience, the content is shown below in the alternative language. You may click the link to switch the active language. Enerji Piyasalar\u0131 ve Politikalar\u0131 Enstit\u00fcs\u00fc (EPPEN) M\u00fcd\u00fcr\u00fc Dr. Volkan \u00d6zdemir, Rus-T\u00fcrk ili\u015fkilerine \u00f6nemli bir ivme kazand\u0131raca\u011f\u0131n\u0131 belirterek T\u00fcrk Ak\u0131m\u0131 projesinin denizdeki k\u0131sm\u0131n\u0131n [&hellip;]<\/p>\n","protected":false},"author":1,"featured_media":50478,"comment_status":"open","ping_status":"open","sticky":false,"template":"","format":"standard","meta":[],"categories":[46,53],"tags":[531,92,226,19761,2092,2677,63,67,1009,2698,165,1277,20076],"views":682,"_links":{"self":[{"href":"https:\/\/www.enerjigazetesi.ist\/en\/wp-json\/wp\/v2\/posts\/57164"}],"collection":[{"href":"https:\/\/www.enerjigazetesi.ist\/en\/wp-json\/wp\/v2\/posts"}],"about":[{"href":"https:\/\/www.enerjigazetesi.ist\/en\/wp-json\/wp\/v2\/types\/post"}],"author":[{"embeddable":true,"href":"https:\/\/www.enerjigazetesi.ist\/en\/wp-json\/wp\/v2\/users\/1"}],"replies":[{"embeddable":true,"href":"https:\/\/www.enerjigazetesi.ist\/en\/wp-json\/wp\/v2\/comments?post=57164"}],"version-history":[{"count":2,"href":"https:\/\/www.enerjigazetesi.ist\/en\/wp-json\/wp\/v2\/posts\/57164\/revisions"}],"predecessor-version":[{"id":57166,"href":"https:\/\/www.enerjigazetesi.ist\/en\/wp-json\/wp\/v2\/posts\/57164\/revisions\/57166"}],"wp:featuredmedia":[{"embeddable":true,"href":"https:\/\/www.enerjigazetesi.ist\/en\/wp-json\/wp\/v2\/media\/50478"}],"wp:attachment":[{"href":"https:\/\/www.enerjigazetesi.ist\/en\/wp-json\/wp\/v2\/media?parent=57164"}],"wp:term":[{"taxonomy":"category","embeddable":true,"href":"https:\/\/www.enerjigazetesi.ist\/en\/wp-json\/wp\/v2\/categories?post=57164"},{"taxonomy":"post_tag","embeddable":true,"href":"https:\/\/www.enerjigazetesi.ist\/en\/wp-json\/wp\/v2\/tags?post=57164"}],"curies":[{"name":"wp","href":"https:\/\/api.w.org\/{rel}","templated":true}]}}