{"id":57016,"date":"2016-08-31T13:42:43","date_gmt":"2016-08-31T10:42:43","guid":{"rendered":"https:\/\/www.enerjigazetesi.ist\/?p=57016"},"modified":"2016-08-31T13:43:27","modified_gmt":"2016-08-31T10:43:27","slug":"gocmen-kuslara-yuva-yapilmasi-ile-elektrik-kesintileri-de-azaldi","status":"publish","type":"post","link":"https:\/\/www.enerjigazetesi.ist\/en\/gocmen-kuslara-yuva-yapilmasi-ile-elektrik-kesintileri-de-azaldi\/","title":{"rendered":"(Turkish) G\u00f6\u00e7men Ku\u015flara Yuva Yap\u0131lmas\u0131 \u0130le Elektrik Kesintileri de Azald\u0131&#8230;"},"content":{"rendered":"<p class=\"qtranxs-available-languages-message qtranxs-available-languages-message-en\">Sorry, this entry is only available in <a href=\"https:\/\/www.enerjigazetesi.ist\/tr\/wp-json\/wp\/v2\/posts\/57016\" class=\"qtranxs-available-language-link qtranxs-available-language-link-tr\" title=\"Turkish\">Turkish<\/a>. For the sake of viewer convenience, the content is shown below in the alternative language. You may click the link to switch the active language.<\/p><p><\/p>\n<p class=\"selectionShareable\" style=\"color: #0a0a0a;\"><strong>Isparta ve Burdur illerinde elektrik da\u011f\u0131t\u0131m \u015firketlerince enerji nakil hatlar\u0131 \u00fczerinde g\u00f6\u00e7men ku\u015flar i\u00e7in kurulan yuvalar ve direklere yap\u0131lan yal\u0131t\u0131m sayesinde, elektrik kesintilerinin ciddi oranda \u00f6nlendi\u011fi\u00a0belirtildi.<\/strong><span id=\"more-83354\"><\/span><\/p>\n<p class=\"selectionShareable\" style=\"color: #0a0a0a;\">Akdeniz Elektrik Da\u011f\u0131t\u0131m A\u015e (AEDA\u015e) a\u00e7\u0131klamas\u0131nda, g\u00f6\u00e7men ku\u015flar\u0131n neden oldu\u011fu ar\u0131zalar\u0131n \u00f6n\u00fcne ge\u00e7mek ve ku\u015flar\u0131 korumak i\u00e7in \u00e7al\u0131\u015fma ba\u015flat\u0131ld\u0131\u011f\u0131 ve bu ama\u00e7la ilk etapta 500 bin liral\u0131k yat\u0131r\u0131m yap\u0131ld\u0131\u011f\u0131n\u0131 a\u00e7\u0131klad\u0131.<a href=\"https:\/\/www.enerjigazetesi.ist\/wp-content\/uploads\/2015\/08\/leylekler-elektrik-kesintisine-neden-oluyor.jpg\"><img loading=\"lazy\" class=\"alignright size-medium wp-image-42910\" src=\"https:\/\/www.enerjigazetesi.ist\/wp-content\/uploads\/2015\/08\/leylekler-elektrik-kesintisine-neden-oluyor-300x165.jpg\" alt=\"leylekler-elektrik-kesintisine-neden-oluyor\" width=\"300\" height=\"165\" srcset=\"https:\/\/www.enerjigazetesi.ist\/wp-content\/uploads\/2015\/08\/leylekler-elektrik-kesintisine-neden-oluyor-300x165.jpg 300w, https:\/\/www.enerjigazetesi.ist\/wp-content\/uploads\/2015\/08\/leylekler-elektrik-kesintisine-neden-oluyor-500x276.jpg 500w, https:\/\/www.enerjigazetesi.ist\/wp-content\/uploads\/2015\/08\/leylekler-elektrik-kesintisine-neden-oluyor-80x44.jpg 80w, https:\/\/www.enerjigazetesi.ist\/wp-content\/uploads\/2015\/08\/leylekler-elektrik-kesintisine-neden-oluyor.jpg 696w\" sizes=\"(max-width: 300px) 100vw, 300px\" \/><\/a><\/p>\n<p class=\"selectionShareable\" style=\"color: #0a0a0a;\">G\u00f6\u00e7 g\u00fczergah\u0131 \u00fczerindeki hatlara izolasyon malzemesi d\u00f6\u015fendi\u011fi ve baz\u0131 noktalarda da ku\u015flara \u00f6zel yuva kuruldu\u011fu ifade edilip, \u201cD\u00fcnyan\u0131n en \u00f6nemli ku\u015f g\u00f6\u00e7 yollar\u0131ndan biri olan T\u00fcrkiye\u2019de, ilkbahar ve sonbaharda ya\u015fanan elektrik ar\u0131zalar\u0131n\u0131n \u00f6nemli bir b\u00f6l\u00fcm\u00fc ku\u015flardan kaynaklanmaktad\u0131r. \u00d6zellikle g\u00f6\u00e7 g\u00fczergah\u0131 \u00fczerinde bulunan Isparta ve Burdur\u2019da mart, nisan, may\u0131s, eyl\u00fcl, ekim ve kas\u0131m aylar\u0131nda meydana gelen orta gerilim ar\u0131zalar\u0131n\u0131n yakla\u015f\u0131k y\u00fczde 40\u2019n\u0131n ku\u015flardan kaynakland\u0131\u011f\u0131n\u0131 tespit edilmesi \u00fczerine \u00f6zel yat\u0131r\u0131mlar devreye al\u0131nm\u0131\u015ft\u0131r.\u201d\u00a0bilgisi verildi.<\/p>\n<p class=\"selectionShareable\" style=\"color: #0a0a0a;\">\u00d6ncelikli olarak\u00a0Isparta\u2019n\u0131n Atabey il\u00e7esi Kule\u00f6n\u00fc ve \u0130slamk\u00f6y kasabalar\u0131nda orta izolat\u00f6rler y\u00fckseltilerek 2 kilometrelik alanda ku\u015flar\u0131n tellere \u00e7arpmas\u0131n\u0131n \u00f6nlenmeye \u00e7al\u0131\u015f\u0131ld\u0131\u011f\u0131 belirtilerek, Isparta merkez il\u00e7e, E\u011firdir, Ke\u00e7iborlu ve Yalva\u00e7 il\u00e7e b\u00f6lge sorumluluk alan\u0131nda yer alan y\u00fcksek gerilimli enerji hatlar\u0131nda yer alan durdurucu direklerinde ku\u015flar\u0131n \u00e7arp\u0131lmamas\u0131 i\u00e7in yal\u0131t\u0131m\u0131n yap\u0131ld\u0131\u011f\u0131 ifade edildi.<\/p>\n<p class=\"selectionShareable\" style=\"color: #0a0a0a;\">Yal\u0131t\u0131m i\u00e7in sadece izolasyon malzemelerinin al\u0131m\u0131nda 500 bin lira harcand\u0131\u011f\u0131 bildirilen a\u00e7\u0131klamada, \u015funlar belirtildi:<\/p>\n<p class=\"selectionShareable\" style=\"color: #0a0a0a;\">\u201cYat\u0131r\u0131mlar meyvesini \u00e7ok k\u0131sa s\u00fcrede vermi\u015ftir ve \u00e7al\u0131\u015fmalar\u0131n yap\u0131ld\u0131\u011f\u0131 b\u00f6lgede g\u00f6\u00e7 mevsiminde ya\u015fanan ar\u0131zalarda y\u00fczde 90\u2019lar\u0131 bulan azalmalar ya\u015fanmaktad\u0131r. AEDA\u015e taraf\u0131ndan g\u00f6\u00e7men ku\u015flara y\u00f6nelik yat\u0131r\u0131mlar aras\u0131nda ku\u015f yuvalar\u0131 da yer almaktad\u0131r. Bu ama\u00e7la ilk etapta 5 adet yuva yap\u0131lm\u0131\u015ft\u0131r, ancak ku\u015flar\u0131n yeni yuvalar\u0131n\u0131 bir t\u00fcrl\u00fc kabullenemedi\u011fi g\u00f6zlemlenmektedir. Bunun \u00fczerine eski yuvalar\u0131ndan kendi kokular\u0131n\u0131n oldu\u011fu a\u011fa\u00e7 par\u00e7ac\u0131klar\u0131 yeni yuvalara nakledilince ku\u015flar yeni alanlar\u0131n\u0131 benimsemeye de ba\u015flad\u0131lar.\u201d<\/p>\n<p class=\"selectionShareable\" style=\"color: #0a0a0a;\">AEDA\u015e Genel M\u00fcd\u00fcr\u00fc Murat Yi\u011fit&#8217;te de\u011ferlendirmelerinde, nihai hedeflerinin ku\u015flar\u0131 korumak ve bu d\u00f6nemlerde olu\u015fan ar\u0131zalar\u0131 tamamen ortadan kald\u0131rmak oldu\u011funu belirtti.<\/p>\n<p class=\"selectionShareable\" style=\"color: #0a0a0a;\">Yi\u011fit, \u201cHavai hatlar\u0131n yo\u011fun oldu\u011fu b\u00f6lgelerde ku\u015f \u00e7arp\u0131lmalar\u0131 s\u0131k rastlad\u0131\u011f\u0131m\u0131z bir hadisedir. Eski d\u00f6nemlerde kullan\u0131lan direk ve izolat\u00f6r tiplerinin ku\u015f \u00e7arp\u0131lmas\u0131na ve buna ba\u011fl\u0131 enerji kesintisine sebebiyet verdi\u011fini g\u00f6rd\u00fck ve gerekli \u00e7al\u0131\u015fmalar\u0131 yapt\u0131k. Amac\u0131m\u0131z m\u00fc\u015fterilerimize kesintisiz elektrik tedarik etmenin yan\u0131 s\u0131ra do\u011fal ya\u015fam\u0131 da koruyup g\u00f6zetmektir. Bu do\u011frultuda \u00e7al\u0131\u015fmalar\u0131m\u0131z\u0131 aral\u0131ks\u0131z olarak s\u00fcrmeye devam edecektir.\u201d\u00a0ifadelerine yer verildi.<\/p>\n<p><\/p>","protected":false},"excerpt":{"rendered":"<p>Sorry, this entry is only available in Turkish. For the sake of viewer convenience, the content is shown below in the alternative language. You may click the link to switch the active language. Isparta ve Burdur illerinde elektrik da\u011f\u0131t\u0131m \u015firketlerince enerji nakil hatlar\u0131 \u00fczerinde g\u00f6\u00e7men ku\u015flar i\u00e7in kurulan yuvalar ve direklere yap\u0131lan yal\u0131t\u0131m sayesinde, elektrik [&hellip;]<\/p>\n","protected":false},"author":1,"featured_media":42910,"comment_status":"open","ping_status":"open","sticky":false,"template":"","format":"standard","meta":[],"categories":[51,53],"tags":[31338,5572,68,61,19638,11276,140,1451,2873,63,67,1009,2178,2698,165,31339,31340],"views":1034,"_links":{"self":[{"href":"https:\/\/www.enerjigazetesi.ist\/en\/wp-json\/wp\/v2\/posts\/57016"}],"collection":[{"href":"https:\/\/www.enerjigazetesi.ist\/en\/wp-json\/wp\/v2\/posts"}],"about":[{"href":"https:\/\/www.enerjigazetesi.ist\/en\/wp-json\/wp\/v2\/types\/post"}],"author":[{"embeddable":true,"href":"https:\/\/www.enerjigazetesi.ist\/en\/wp-json\/wp\/v2\/users\/1"}],"replies":[{"embeddable":true,"href":"https:\/\/www.enerjigazetesi.ist\/en\/wp-json\/wp\/v2\/comments?post=57016"}],"version-history":[{"count":3,"href":"https:\/\/www.enerjigazetesi.ist\/en\/wp-json\/wp\/v2\/posts\/57016\/revisions"}],"predecessor-version":[{"id":57019,"href":"https:\/\/www.enerjigazetesi.ist\/en\/wp-json\/wp\/v2\/posts\/57016\/revisions\/57019"}],"wp:featuredmedia":[{"embeddable":true,"href":"https:\/\/www.enerjigazetesi.ist\/en\/wp-json\/wp\/v2\/media\/42910"}],"wp:attachment":[{"href":"https:\/\/www.enerjigazetesi.ist\/en\/wp-json\/wp\/v2\/media?parent=57016"}],"wp:term":[{"taxonomy":"category","embeddable":true,"href":"https:\/\/www.enerjigazetesi.ist\/en\/wp-json\/wp\/v2\/categories?post=57016"},{"taxonomy":"post_tag","embeddable":true,"href":"https:\/\/www.enerjigazetesi.ist\/en\/wp-json\/wp\/v2\/tags?post=57016"}],"curies":[{"name":"wp","href":"https:\/\/api.w.org\/{rel}","templated":true}]}}