{"id":56995,"date":"2016-08-30T13:59:25","date_gmt":"2016-08-30T10:59:25","guid":{"rendered":"https:\/\/www.enerjigazetesi.ist\/?p=56995"},"modified":"2016-08-30T13:59:25","modified_gmt":"2016-08-30T10:59:25","slug":"iran-ve-venezuella-petrol-fiyatlarinda-artis-saglamak-icin-isbirligi-yapiyor","status":"publish","type":"post","link":"https:\/\/www.enerjigazetesi.ist\/en\/iran-ve-venezuella-petrol-fiyatlarinda-artis-saglamak-icin-isbirligi-yapiyor\/","title":{"rendered":"(Turkish) \u0130ran ve Venez\u00fcella Petrol Fiyatlar\u0131nda Art\u0131\u015f Sa\u011flamak \u0130\u00e7in \u0130\u015fbirli\u011fi Yap\u0131yor&#8230;"},"content":{"rendered":"<p class=\"qtranxs-available-languages-message qtranxs-available-languages-message-en\">Sorry, this entry is only available in <a href=\"https:\/\/www.enerjigazetesi.ist\/tr\/wp-json\/wp\/v2\/posts\/56995\" class=\"qtranxs-available-language-link qtranxs-available-language-link-tr\" title=\"Turkish\">Turkish<\/a>. For the sake of viewer convenience, the content is shown below in the alternative language. You may click the link to switch the active language.<\/p><p><\/p>\n<p class=\"selectionShareable\" style=\"color: #0a0a0a;\"><strong>Latin Amerika gezisinin son aya\u011f\u0131nda Venez\u00fcella\u2019y\u0131 ziyaret eden \u0130ran D\u0131\u015fi\u015fleri Bakan\u0131 Cevad Zarif, Devlet Ba\u015fkan\u0131 Nicolas Maduro ile d\u00fc\u015fen petrol fiyatlar\u0131n\u0131 yeniden d\u00fcze \u00e7\u0131karmak ve Petrol \u0130hra\u00e7 Eden \u00dclkeler \u00d6rg\u00fct\u00fc\u2019n\u00fc (OPEC) g\u00fc\u00e7lendirme konusunda anla\u015fma sa\u011flad\u0131.<\/strong><span id=\"more-83334\"><\/span><\/p>\n<p class=\"selectionShareable\" style=\"color: #0a0a0a;\">Latin Amerika turu kapsam\u0131nda Venez\u00fcella\u2019da resmi temaslarda bulunan \u0130ran D\u0131\u015fi\u015fleri Bakan\u0131 Cevad Zarif ba\u015fkent Caracas\u2019taki Miraflores Saray\u0131\u2019nda Devlet Ba\u015fkan\u0131 Nicolas Maduro ile bir araya geldi. \u201cPetrol piyasalar\u0131nda istikrar\u0131 sa\u011flama, petrol <a href=\"https:\/\/www.enerjigazetesi.ist\/wp-content\/uploads\/2016\/08\/iran-ve-venezuella-petrol-fiyatlarinda-artis-saglamak-icin-isbirligi.jpg\"><img loading=\"lazy\" class=\"alignleft size-medium wp-image-56996\" src=\"https:\/\/www.enerjigazetesi.ist\/wp-content\/uploads\/2016\/08\/iran-ve-venezuella-petrol-fiyatlarinda-artis-saglamak-icin-isbirligi-300x162.jpg\" alt=\"iran-ve-venezuella-petrol-fiyatlarinda-artis-saglamak-icin-isbirligi\" width=\"300\" height=\"162\" srcset=\"https:\/\/www.enerjigazetesi.ist\/wp-content\/uploads\/2016\/08\/iran-ve-venezuella-petrol-fiyatlarinda-artis-saglamak-icin-isbirligi-300x162.jpg 300w, https:\/\/www.enerjigazetesi.ist\/wp-content\/uploads\/2016\/08\/iran-ve-venezuella-petrol-fiyatlarinda-artis-saglamak-icin-isbirligi-500x270.jpg 500w, https:\/\/www.enerjigazetesi.ist\/wp-content\/uploads\/2016\/08\/iran-ve-venezuella-petrol-fiyatlarinda-artis-saglamak-icin-isbirligi-80x43.jpg 80w, https:\/\/www.enerjigazetesi.ist\/wp-content\/uploads\/2016\/08\/iran-ve-venezuella-petrol-fiyatlarinda-artis-saglamak-icin-isbirligi.jpg 1000w\" sizes=\"(max-width: 300px) 100vw, 300px\" \/><\/a>end\u00fcstrilerini g\u00fc\u00e7lendirme, OPEC\u2019i g\u00fc\u00e7lendirme, OPEC \u00fclkeleri aras\u0131ndaki i\u015fbirli\u011fini art\u0131rma konusunda ortak bir zeminde bulu\u015fmak i\u00e7in \u00e7al\u0131\u015fmaya devam edece\u011fiz\u201d diyen Zarif, iki \u00fclkenin merkez bankalar\u0131n\u0131n da bu konuda i\u015fbirli\u011fi i\u00e7inde \u00e7al\u0131\u015faca\u011f\u0131n\u0131\u00a0ifade etti.<\/p>\n<p class=\"selectionShareable\" style=\"color: #0a0a0a;\">Zarif ve Maduro\u2019nun yapt\u0131\u011f\u0131 ortak bas\u0131n a\u00e7\u0131klamas\u0131nda \u0130ran\u2019\u0131n Venez\u00fcella\u2019daki bilim, teknoloji, tar\u0131m, end\u00fcstri, altyap\u0131,ekonomi, sa\u011fl\u0131k gibi sekt\u00f6rlerde faaliyet g\u00f6steren \u015firketlere yat\u0131r\u0131m yapaca\u011f\u0131 a\u00e7\u0131kland\u0131. Teknoloji, ila\u00e7, petrokimya ve madencilik gibi sekt\u00f6rlerini temsilen 60 \u00f6zel ve 30 kamu \u015firketinin temsilcisi de Zarif\u2019le bir araya geldi.<\/p>\n<p class=\"selectionShareable\" style=\"color: #0a0a0a;\">Petrol fiyatlar\u0131n\u0131n d\u00fc\u015f\u00fc\u015f\u00fc ile d\u00fcnyan\u0131n en b\u00fcy\u00fck petrol rezervlerine sahip \u00fclkesi Venez\u00fcella\u2019daki ekonomik kriz giderek derinle\u015fmektedir. D\u00fcnyan\u0131n en b\u00fcy\u00fck petrol ihracat\u00e7\u0131s\u0131 Suudi Arabistan ise petrol fiyatlar\u0131nda istikrar\u0131 sa\u011flamak i\u00e7in \u00fcretimin azalt\u0131lmas\u0131 konusunu ise g\u00f6zard\u0131 etmektedir.<\/p>\n<p class=\"selectionShareable\" style=\"color: #0a0a0a;\">Kaynak: <a href=\"http:\/\/tr.sputniknews.com\/guney_amerika\/20160829\/1024605871\/iran-venezuella-petrol-fiyatlarini-artirmak-icin-isbirligi.html\" target=\"_blank\" rel=\"nofollow\">Sputnik<\/a><\/p>\n<p><\/p>","protected":false},"excerpt":{"rendered":"<p>Sorry, this entry is only available in Turkish. For the sake of viewer convenience, the content is shown below in the alternative language. You may click the link to switch the active language. Latin Amerika gezisinin son aya\u011f\u0131nda Venez\u00fcella\u2019y\u0131 ziyaret eden \u0130ran D\u0131\u015fi\u015fleri Bakan\u0131 Cevad Zarif, Devlet Ba\u015fkan\u0131 Nicolas Maduro ile d\u00fc\u015fen petrol fiyatlar\u0131n\u0131 yeniden [&hellip;]<\/p>\n","protected":false},"author":1,"featured_media":56996,"comment_status":"open","ping_status":"open","sticky":false,"template":"","format":"standard","meta":[],"categories":[53,44],"tags":[63,67,1009,2698,165,1333,31328,1377,59,79,347,31329,2388,6790,887,9524,2522,8929],"views":1109,"_links":{"self":[{"href":"https:\/\/www.enerjigazetesi.ist\/en\/wp-json\/wp\/v2\/posts\/56995"}],"collection":[{"href":"https:\/\/www.enerjigazetesi.ist\/en\/wp-json\/wp\/v2\/posts"}],"about":[{"href":"https:\/\/www.enerjigazetesi.ist\/en\/wp-json\/wp\/v2\/types\/post"}],"author":[{"embeddable":true,"href":"https:\/\/www.enerjigazetesi.ist\/en\/wp-json\/wp\/v2\/users\/1"}],"replies":[{"embeddable":true,"href":"https:\/\/www.enerjigazetesi.ist\/en\/wp-json\/wp\/v2\/comments?post=56995"}],"version-history":[{"count":1,"href":"https:\/\/www.enerjigazetesi.ist\/en\/wp-json\/wp\/v2\/posts\/56995\/revisions"}],"predecessor-version":[{"id":56997,"href":"https:\/\/www.enerjigazetesi.ist\/en\/wp-json\/wp\/v2\/posts\/56995\/revisions\/56997"}],"wp:featuredmedia":[{"embeddable":true,"href":"https:\/\/www.enerjigazetesi.ist\/en\/wp-json\/wp\/v2\/media\/56996"}],"wp:attachment":[{"href":"https:\/\/www.enerjigazetesi.ist\/en\/wp-json\/wp\/v2\/media?parent=56995"}],"wp:term":[{"taxonomy":"category","embeddable":true,"href":"https:\/\/www.enerjigazetesi.ist\/en\/wp-json\/wp\/v2\/categories?post=56995"},{"taxonomy":"post_tag","embeddable":true,"href":"https:\/\/www.enerjigazetesi.ist\/en\/wp-json\/wp\/v2\/tags?post=56995"}],"curies":[{"name":"wp","href":"https:\/\/api.w.org\/{rel}","templated":true}]}}