{"id":56923,"date":"2016-08-27T13:26:14","date_gmt":"2016-08-27T10:26:14","guid":{"rendered":"https:\/\/www.enerjigazetesi.ist\/?p=56923"},"modified":"2016-08-27T13:26:14","modified_gmt":"2016-08-27T10:26:14","slug":"abdde-dogalgaz-atmosferi-komurden-daha-fazla-kirletecektir","status":"publish","type":"post","link":"https:\/\/www.enerjigazetesi.ist\/en\/abdde-dogalgaz-atmosferi-komurden-daha-fazla-kirletecektir\/","title":{"rendered":"(Turkish) ABD&#8217;de Do\u011falgaz Atmosferi K\u00f6m\u00fcrden Daha Fazla Kirletecektir&#8230;"},"content":{"rendered":"<p class=\"qtranxs-available-languages-message qtranxs-available-languages-message-en\">Sorry, this entry is only available in <a href=\"https:\/\/www.enerjigazetesi.ist\/tr\/wp-json\/wp\/v2\/posts\/56923\" class=\"qtranxs-available-language-link qtranxs-available-language-link-tr\" title=\"Turkish\">Turkish<\/a>. For the sake of viewer convenience, the content is shown below in the alternative language. You may click the link to switch the active language.<\/p><p><strong>ABD&#8217;nin atmosfere karbondioksit sal\u0131m\u0131nda 40 y\u0131ld\u0131r ilk defa bu y\u0131l do\u011falgaz k\u00f6m\u00fcr\u00fc ge\u00e7ecektir.<\/strong><\/p>\n<p>ABD Enerji Enformasyon \u0130daresi (EIA) verilerine g\u00f6re, ABD&#8217;de do\u011falgaz kaynakl\u0131 karbondioksit emisyonu 1972 y\u0131l\u0131ndan bu yana ilk defa 2016 y\u0131l\u0131nda k\u00f6m\u00fcrden kaynakl\u0131 karbondioksit miktar\u0131n\u0131\u00a0a\u015facakt\u0131r.<a href=\"https:\/\/www.enerjigazetesi.ist\/wp-content\/uploads\/2015\/08\/abdnin-karbondioksit-emisyonlarinda-tarihi-gerileme.jpg\"><img loading=\"lazy\" class=\"alignright size-medium wp-image-42617\" src=\"https:\/\/www.enerjigazetesi.ist\/wp-content\/uploads\/2015\/08\/abdnin-karbondioksit-emisyonlarinda-tarihi-gerileme-300x163.jpg\" alt=\"abdnin-karbondioksit-emisyonlari\" width=\"300\" height=\"163\" srcset=\"https:\/\/www.enerjigazetesi.ist\/wp-content\/uploads\/2015\/08\/abdnin-karbondioksit-emisyonlarinda-tarihi-gerileme-300x163.jpg 300w, https:\/\/www.enerjigazetesi.ist\/wp-content\/uploads\/2015\/08\/abdnin-karbondioksit-emisyonlarinda-tarihi-gerileme-80x43.jpg 80w, https:\/\/www.enerjigazetesi.ist\/wp-content\/uploads\/2015\/08\/abdnin-karbondioksit-emisyonlarinda-tarihi-gerileme.jpg 460w\" sizes=\"(max-width: 300px) 100vw, 300px\" \/><\/a><\/p>\n<p>Do\u011falgaz t\u00fcketiminin artmas\u0131 ve k\u00f6m\u00fcr t\u00fcketiminin azalmas\u0131 nedeni ile do\u011falgaz kaynakl\u0131 karbondioksit sal\u0131m\u0131nda bu y\u0131l y\u00fczde 10 oran\u0131nda bir art\u0131\u015f ya\u015fanacakt\u0131r.<\/p>\n<p>2015 y\u0131l\u0131nda \u00fclkede do\u011falgaz t\u00fcketimi k\u00f6m\u00fcr t\u00fcketiminden y\u00fczde 81 oran\u0131nda daha fazla oranda ger\u00e7ekle\u015fmi\u015ftir. Bu art\u0131\u015f ile birlikte atmosfere karbondioksit sal\u0131m\u0131nda k\u00f6m\u00fcr ile neredeyse e\u015fit bir d\u00fczeye gelmektedir.<\/p>\n<p>2016 y\u0131l\u0131nda do\u011falgaz\u0131n elektrik \u00fcretimindeki pay\u0131 y\u00fczde 34.3 olup k\u00f6m\u00fcr\u00fcn pay\u0131 ise y\u00fczde 30.3 olacakt\u0131r. N\u00fckleer enerjinin pay\u0131 y\u00fczde 19.4 olurken, yenilenebilir enerjinin pay\u0131n\u0131n ise\u00a0y\u00fczde 14.8 olmas\u0131 tahmin edilmektedir.<\/p>","protected":false},"excerpt":{"rendered":"<p>Sorry, this entry is only available in Turkish. For the sake of viewer convenience, the content is shown below in the alternative language. You may click the link to switch the active language.ABD&#8217;nin atmosfere karbondioksit sal\u0131m\u0131nda 40 y\u0131ld\u0131r ilk defa bu y\u0131l do\u011falgaz k\u00f6m\u00fcr\u00fc ge\u00e7ecektir. ABD Enerji Enformasyon \u0130daresi (EIA) verilerine g\u00f6re, ABD&#8217;de do\u011falgaz kaynakl\u0131 [&hellip;]<\/p>\n","protected":false},"author":1,"featured_media":42617,"comment_status":"open","ping_status":"open","sticky":false,"template":"","format":"standard","meta":[],"categories":[46,53,24649],"tags":[1198,6102,92,226,19761,2092,2677,884,5353,63,67,1009,2698,165,1775,1675,14822,5097],"views":955,"_links":{"self":[{"href":"https:\/\/www.enerjigazetesi.ist\/en\/wp-json\/wp\/v2\/posts\/56923"}],"collection":[{"href":"https:\/\/www.enerjigazetesi.ist\/en\/wp-json\/wp\/v2\/posts"}],"about":[{"href":"https:\/\/www.enerjigazetesi.ist\/en\/wp-json\/wp\/v2\/types\/post"}],"author":[{"embeddable":true,"href":"https:\/\/www.enerjigazetesi.ist\/en\/wp-json\/wp\/v2\/users\/1"}],"replies":[{"embeddable":true,"href":"https:\/\/www.enerjigazetesi.ist\/en\/wp-json\/wp\/v2\/comments?post=56923"}],"version-history":[{"count":1,"href":"https:\/\/www.enerjigazetesi.ist\/en\/wp-json\/wp\/v2\/posts\/56923\/revisions"}],"predecessor-version":[{"id":56924,"href":"https:\/\/www.enerjigazetesi.ist\/en\/wp-json\/wp\/v2\/posts\/56923\/revisions\/56924"}],"wp:featuredmedia":[{"embeddable":true,"href":"https:\/\/www.enerjigazetesi.ist\/en\/wp-json\/wp\/v2\/media\/42617"}],"wp:attachment":[{"href":"https:\/\/www.enerjigazetesi.ist\/en\/wp-json\/wp\/v2\/media?parent=56923"}],"wp:term":[{"taxonomy":"category","embeddable":true,"href":"https:\/\/www.enerjigazetesi.ist\/en\/wp-json\/wp\/v2\/categories?post=56923"},{"taxonomy":"post_tag","embeddable":true,"href":"https:\/\/www.enerjigazetesi.ist\/en\/wp-json\/wp\/v2\/tags?post=56923"}],"curies":[{"name":"wp","href":"https:\/\/api.w.org\/{rel}","templated":true}]}}