{"id":5692,"date":"2013-01-28T10:04:30","date_gmt":"2013-01-28T07:04:30","guid":{"rendered":"https:\/\/www.enerjigazetesi.ist\/?p=5692"},"modified":"2013-01-28T10:17:58","modified_gmt":"2013-01-28T07:17:58","slug":"karadenizde-petrol-arama-sirasi-shellde","status":"publish","type":"post","link":"https:\/\/www.enerjigazetesi.ist\/en\/karadenizde-petrol-arama-sirasi-shellde\/","title":{"rendered":"(Turkish) Karadeniz\u2019de Petrol Arama S\u0131ras\u0131 Shell\u2019de"},"content":{"rendered":"<p class=\"qtranxs-available-languages-message qtranxs-available-languages-message-en\">Sorry, this entry is only available in <a href=\"https:\/\/www.enerjigazetesi.ist\/tr\/wp-json\/wp\/v2\/posts\/5692\" class=\"qtranxs-available-language-link qtranxs-available-language-link-tr\" title=\"Turkish\">Turkish<\/a>. For the sake of viewer convenience, the content is shown below in the alternative language. You may click the link to switch the active language.<\/p><p><strong>Denizlerde petrol arama \u00e7al\u0131\u015fmalar\u0131na h\u0131z verilece\u011fini dile getiren Enerji ve Tabii Kaynaklar Bakan\u0131 Taner Y\u0131ld\u0131z , \u00f6n\u00fcm\u00fczdeki iki-\u00fc\u00e7 hafta i\u00e7inde Karadeniz\u2019de petrol arama konusunda yeni bir anla\u015fma imzalamaya haz\u0131rland\u0131klar\u0131n\u0131 s\u00f6yledi. H\u00fcrriyet\u2019te yer alan habere g\u00f6re \u201cG\u00f6r\u00fc\u015ft\u00fc\u011f\u00fcm\u00fcz firma dev bir \u015firket\u201d diyen Y\u0131ld\u0131z, anla\u015fma yap\u0131lacak \u015firketin ismini a\u00e7\u0131klamaktan ka\u00e7\u0131nd\u0131.<\/strong><\/p>\n<p><img loading=\"lazy\" class=\"alignright size-medium wp-image-5693\" title=\"shell-karadeniz-petrol-arama-sondaj-505x256\" src=\"https:\/\/www.enerjigazetesi.ist\/wp-content\/uploads\/2013\/01\/shell-karadeniz-petrol-arama-sondaj-505x256-300x152.jpg\" alt=\"\" width=\"300\" height=\"152\" srcset=\"https:\/\/www.enerjigazetesi.ist\/wp-content\/uploads\/2013\/01\/shell-karadeniz-petrol-arama-sondaj-505x256-300x152.jpg 300w, https:\/\/www.enerjigazetesi.ist\/wp-content\/uploads\/2013\/01\/shell-karadeniz-petrol-arama-sondaj-505x256-500x253.jpg 500w, https:\/\/www.enerjigazetesi.ist\/wp-content\/uploads\/2013\/01\/shell-karadeniz-petrol-arama-sondaj-505x256-80x40.jpg 80w, https:\/\/www.enerjigazetesi.ist\/wp-content\/uploads\/2013\/01\/shell-karadeniz-petrol-arama-sondaj-505x256.jpg 505w\" sizes=\"(max-width: 300px) 100vw, 300px\" \/>Bakanl\u0131k kaynaklar\u0131ndan edinilen bilgilere g\u00f6re, Karadeniz\u2019de derin denizlerde petrol aramaya haz\u0131rlanan bu \u015firket Hollanda-\u0130ngiliz enerji devi Shell . TPAO ile Shell\u2019in aylard\u0131r ortakl\u0131k i\u00e7in g\u00f6r\u00fc\u015fmeler y\u00fcr\u00fctt\u00fc\u011f\u00fc ifade ediliyor. Sona gelinen g\u00f6r\u00fc\u015fmelerde, ortakl\u0131k imzalar\u0131n\u0131n at\u0131laca\u011f\u0131 tarih ise \u015fimdilik 14 \u015eubat olarak belirlendi. \u0130ki \u015firket, bu tarihte d\u00fczenleyecekleri toplant\u0131yla, Karadeniz i\u00e7in yapacaklar\u0131 yeni arama ve \u00fcretim anla\u015fmas\u0131n\u0131 duyurmaya haz\u0131rlan\u0131yor.<\/p>\n<p>\u00d6te yandan Shell\u2019in, Akdeniz\u2019de tek ba\u015f\u0131na petrol ve do\u011falgaz arama \u00e7al\u0131\u015fmalar\u0131 y\u00fcr\u00fcten TPAO\u2019ya, Mersin K\u00f6rfezi\u2019nde de ortak \u00e7al\u0131\u015fmak i\u00e7in teklif mektubu verdi\u011fi \u00f6\u011frenildi.<\/p>\n<p>Kaynak: <a href=\"http:\/\/enerjienstitusu.com\/2013\/01\/27\/shell-karadenizde-petrol-arayacak\/\" target=\"_blank\">Enerji Enstit\u00fcs\u00fc<\/a><\/p>","protected":false},"excerpt":{"rendered":"<p>Sorry, this entry is only available in Turkish. For the sake of viewer convenience, the content is shown below in the alternative language. You may click the link to switch the active language.Denizlerde petrol arama \u00e7al\u0131\u015fmalar\u0131na h\u0131z verilece\u011fini dile getiren Enerji ve Tabii Kaynaklar Bakan\u0131 Taner Y\u0131ld\u0131z , \u00f6n\u00fcm\u00fczdeki iki-\u00fc\u00e7 hafta i\u00e7inde Karadeniz\u2019de petrol arama [&hellip;]<\/p>\n","protected":false},"author":1,"featured_media":5693,"comment_status":"open","ping_status":"open","sticky":false,"template":"","format":"standard","meta":[],"categories":[53,44],"tags":[67,2007,81,79],"views":795,"_links":{"self":[{"href":"https:\/\/www.enerjigazetesi.ist\/en\/wp-json\/wp\/v2\/posts\/5692"}],"collection":[{"href":"https:\/\/www.enerjigazetesi.ist\/en\/wp-json\/wp\/v2\/posts"}],"about":[{"href":"https:\/\/www.enerjigazetesi.ist\/en\/wp-json\/wp\/v2\/types\/post"}],"author":[{"embeddable":true,"href":"https:\/\/www.enerjigazetesi.ist\/en\/wp-json\/wp\/v2\/users\/1"}],"replies":[{"embeddable":true,"href":"https:\/\/www.enerjigazetesi.ist\/en\/wp-json\/wp\/v2\/comments?post=5692"}],"version-history":[{"count":3,"href":"https:\/\/www.enerjigazetesi.ist\/en\/wp-json\/wp\/v2\/posts\/5692\/revisions"}],"predecessor-version":[{"id":5701,"href":"https:\/\/www.enerjigazetesi.ist\/en\/wp-json\/wp\/v2\/posts\/5692\/revisions\/5701"}],"wp:featuredmedia":[{"embeddable":true,"href":"https:\/\/www.enerjigazetesi.ist\/en\/wp-json\/wp\/v2\/media\/5693"}],"wp:attachment":[{"href":"https:\/\/www.enerjigazetesi.ist\/en\/wp-json\/wp\/v2\/media?parent=5692"}],"wp:term":[{"taxonomy":"category","embeddable":true,"href":"https:\/\/www.enerjigazetesi.ist\/en\/wp-json\/wp\/v2\/categories?post=5692"},{"taxonomy":"post_tag","embeddable":true,"href":"https:\/\/www.enerjigazetesi.ist\/en\/wp-json\/wp\/v2\/tags?post=5692"}],"curies":[{"name":"wp","href":"https:\/\/api.w.org\/{rel}","templated":true}]}}