{"id":56854,"date":"2016-08-26T02:18:12","date_gmt":"2016-08-25T23:18:12","guid":{"rendered":"https:\/\/www.enerjigazetesi.ist\/?p=56854"},"modified":"2016-08-26T02:18:12","modified_gmt":"2016-08-25T23:18:12","slug":"parasi-olanin-cevreye-daha-cok-zarari-dokunuyor","status":"publish","type":"post","link":"https:\/\/www.enerjigazetesi.ist\/en\/parasi-olanin-cevreye-daha-cok-zarari-dokunuyor\/","title":{"rendered":"(Turkish) Paras\u0131 Olan\u0131n \u00c7evreye Daha \u00c7ok Zarar\u0131 Dokunuyor&#8230;"},"content":{"rendered":"<p class=\"qtranxs-available-languages-message qtranxs-available-languages-message-en\">Sorry, this entry is only available in <a href=\"https:\/\/www.enerjigazetesi.ist\/tr\/wp-json\/wp\/v2\/posts\/56854\" class=\"qtranxs-available-language-link qtranxs-available-language-link-tr\" title=\"Turkish\">Turkish<\/a>. For the sake of viewer convenience, the content is shown below in the alternative language. You may click the link to switch the active language.<\/p><p><\/p>\n<p class=\"selectionShareable\" style=\"color: #0a0a0a;\"><strong>Bir ara\u015ft\u0131rmaya g\u00f6re b\u00fcy\u00fck evler, otomobil seyahatleri ve u\u00e7ak yolculuklar\u0131 ekolojik bilan\u00e7oyu alt\u00fcst etmektedir.<\/strong><\/p>\n<p class=\"selectionShareable\" style=\"color: #0a0a0a;\">\u2018\u00c7evre t\u00fcketimini\u2019 belirleyen fakt\u00f6rler nelerdir, gelir d\u00fczeyi ve \u00e7evre bilinci do\u011fal kaynak t\u00fcketiminde ne gibi bir rol oynar? Almanya Federal \u00c7evre Dairesi (UBA) bu konuda ayr\u0131nt\u0131l\u0131 bir ara\u015ft\u0131rma yapt\u0131.<span id=\"more-83255\"><\/span>\u00a0Ankete kat\u0131lan bin ki\u015fiye nas\u0131l oturduklar\u0131, \u0131s\u0131nd\u0131klar\u0131, y\u0131kand\u0131kla<a href=\"https:\/\/www.enerjigazetesi.ist\/wp-content\/uploads\/2013\/12\/emisyonlari-2030de-yariya-dusurmek-mumkun.jpg\"><img loading=\"lazy\" class=\"alignright wp-image-18691 size-medium\" src=\"https:\/\/www.enerjigazetesi.ist\/wp-content\/uploads\/2013\/12\/emisyonlari-2030de-yariya-dusurmek-mumkun-300x193.jpg\" alt=\"emisyonlari-2030de-yariya-dusurmek-mumkun\" width=\"300\" height=\"193\" srcset=\"https:\/\/www.enerjigazetesi.ist\/wp-content\/uploads\/2013\/12\/emisyonlari-2030de-yariya-dusurmek-mumkun-300x193.jpg 300w, https:\/\/www.enerjigazetesi.ist\/wp-content\/uploads\/2013\/12\/emisyonlari-2030de-yariya-dusurmek-mumkun-77x50.jpg 77w, https:\/\/www.enerjigazetesi.ist\/wp-content\/uploads\/2013\/12\/emisyonlari-2030de-yariya-dusurmek-mumkun.jpg 388w\" sizes=\"(max-width: 300px) 100vw, 300px\" \/><\/a>r\u0131, beslendikleri, giyindikleri, seyahat ettikleri, otomobil kulland\u0131klar\u0131 ve ne kadar para kazand\u0131klar\u0131 soruldu.<\/p>\n<p class=\"selectionShareable\" style=\"color: #0a0a0a;\">Anket sonucuna g\u00f6re, gelir artt\u0131k\u00e7a enerji ve kaynak t\u00fcketimi de art\u0131yor. UBA Ba\u015fkan\u0131 Maria Krautzberger, \u201cParas\u0131 olan a\u011f\u0131r ve fazla t\u00fcketen otomobil al\u0131yor, b\u00fcy\u00fck evlerde oturuyor, daha fazla u\u00e7ak yolculu\u011fu yap\u0131yor, ancak g\u00fcnl\u00fck hayatta \u00e7evreyle uyumlu olmaya \u00f6zen g\u00f6steriyor\u201d, diyor. Krautzberger\u2019e g\u00f6re gelire ba\u011fl\u0131 a\u015f\u0131r\u0131 kaynak t\u00fcketimi organik beslenmeyle telafi etmeye yetmiyor.M\u00fctevaz\u0131 ya\u015fayan \u00e7evreyi koruyor<br \/>\nEnerji t\u00fcketimi ve sera gaz\u0131 emisyonunda \u00f6ncelikle u\u00e7ak ve otomobil yolculuklar\u0131yla evin \u0131s\u0131 izolasyonu ve geni\u015fli\u011fiyle et t\u00fcketimi rol oynuyor. Ara\u015ft\u0131rmaya g\u00f6re \u00e7evre bilincinin geli\u015fmi\u015f olmas\u0131 mutlaka \u015fahsi \u00e7evre bilan\u00e7osunun olumlu \u00e7\u0131kmas\u0131n\u0131 gerektirmiyor.<\/p>\n<p class=\"selectionShareable\" style=\"color: #0a0a0a;\">Deutsche Welle\u2019den Gero Rueter\u2019in haberine g\u00f6re, y\u00fcksek gelirliler enerji sarfiyat\u0131 d\u00fc\u015f\u00fck ev aletleri kullan\u0131yor, organik g\u0131day\u0131 tercih ediyor ve daha az et yiyor. Ancak \u00f6rne\u011fin uzun yolculuklar\u0131n s\u00fcrd\u00fcr\u00fclebilirli\u011fe katk\u0131s\u0131n\u0131 dikkate alm\u0131yor. Toplamda \u00e7evre bilinci g\u00f6sterenler dar gelirlilerden daha fazla karbondioksit \u00fcretiyorlar. Ara\u015ft\u0131rma, maddi imk\u00e2nlar\u0131 s\u0131n\u0131rl\u0131 olup \u00e7evre bilinci ta\u015f\u0131mad\u0131\u011f\u0131n\u0131 beyan edenlerin ise \u00e7evreye en az zarar\u0131 verdiklerini de ortaya \u00e7\u0131karm\u0131\u015f.<\/p>\n<p class=\"selectionShareable\" style=\"color: #0a0a0a;\"><strong>Kim ne kadar enerji t\u00fcketiyor?<\/strong><br \/>\nAra\u015ft\u0131rmaya g\u00f6re Almanya\u2019n\u0131n ki\u015fi ba\u015f\u0131na enerji t\u00fcketimi y\u0131lda 13 700 kilovat saati buluyor. Enerjinin \u00fc\u00e7te biri \u0131s\u0131nmada, di\u011fer \u00fc\u00e7te birlik k\u0131sm\u0131 ara\u00e7 kullanmada, kalan b\u00f6l\u00fcm\u00fc ise beslenme, seyahat, giyinme, y\u0131kanma, ayd\u0131nlatma ve ev aletlerini kullanmada harcan\u0131yor.<\/p>\n<p class=\"selectionShareable\" style=\"color: #0a0a0a;\">\u00dcst gelir grubundakiler di\u011ferlerine k\u0131yasla bir kat\u0131 fazla enerji t\u00fcketiyor. Y\u00fcksek \u00f6\u011frenim g\u00f6rm\u00fc\u015f olanlar\u0131n enerji t\u00fcketimi ise sadece okul bitirenlerinkinden d\u00f6rtte bir oran\u0131nda daha fazla.<br \/>\nEnerji t\u00fcketimi hanelerdeki fert say\u0131s\u0131na g\u00f6re de\u011fi\u015fiyor. Yaln\u0131z ya\u015fayanlar d\u00f6rt ya da be\u015f ki\u015filik bir aileden daha fazla enerji harc\u0131yor.<\/p>\n<p class=\"selectionShareable\" style=\"color: #0a0a0a;\"><strong>Is\u0131nma ve ula\u015f\u0131m enerji bilan\u00e7osunu bozmaktad\u0131r<\/strong><br \/>\nEn fazla enerjiyi \u0131s\u0131 izolasyonu olmayan evlerde oturan az say\u0131da hane mensubu t\u00fcketiyor. Bu gruba, y\u00fcksek \u00f6\u011frenim alm\u0131\u015f, ileri ya\u015flardaki gelir d\u00fczeyi y\u00fcksek olanlar giriyor. Ara\u015ft\u0131rmaya g\u00f6re geliri y\u00fcksek olmamakla birlikte \u00e7al\u0131\u015fabilmek i\u00e7in her g\u00fcn otomobile binmek zorunda olanlar da a\u015f\u0131r\u0131 enerji t\u00fcketenler aras\u0131nda yer al\u0131yor.<br \/>\nEn \u00e7ok enerjiyi, u\u00e7ak yolculu\u011fu yapan \u2018bilin\u00e7li\u2019 t\u00fcketici harc\u0131yor. Bu gruba d\u00e2hil olanlar y\u00fcksek okul mezunu, y\u00fcksek gelirli ve \u00e7evre bilincini geli\u015ftirmi\u015f t\u00fcketicilerden olu\u015fuyor. Mali durumlar\u0131ndan dolay\u0131 de\u011fil de bilin\u00e7li tercih sonucu seyahatler d\u0131\u015f\u0131nda az enerji t\u00fcketmeye \u00f6zen g\u00f6steren gruptakilerin enerji bilan\u00e7osu negatif \u00e7\u0131k\u0131yor.<\/p>\n<p class=\"selectionShareable\" style=\"color: #0a0a0a;\"><strong>Cebri tasarruf t\u00fcketimi d\u00fc\u015f\u00fcr\u00fcr<\/strong><br \/>\nTutumlu ve dar gelirliler otomatikman daha az enerji t\u00fcketiyor. Mali durumu elvermedi\u011fi i\u00e7in seyahate \u00e7\u0131kamayan \u00f6\u011frenim derecesi d\u00fc\u015f\u00fck kesim fazla \u2018\u00e7evre bilincine\u2019 de sahip de\u011fil.<br \/>\nTutumlular s\u0131n\u0131f\u0131na ise geleneksel hayat tarz\u0131n\u0131 benimsemi\u015f, k\u00f6t\u00fc maddi \u015fartlar alt\u0131nda ya\u015fayan, otomobili olmayan ya\u015fl\u0131lar giriyor. Federal \u00c7evre Dairesi\u2019nin ara\u015ft\u0131rmas\u0131na g\u00f6re bu gruptakiler \u00e7evrenin korunmas\u0131na \u00f6nem verdiklerinden de\u011fil de maddi imk\u00e2nlar\u0131 el vermedi\u011fi i\u00e7in daha az enerji t\u00fcketiyorlar.<\/p>\n<p class=\"selectionShareable\" style=\"color: #0a0a0a;\"><strong>Bilgilendirme ve tavsiyeler yeterli olmuyor<\/strong><br \/>\nAra\u015ft\u0131rmada, enerji t\u00fcketiminin ve sera gazlar\u0131n\u0131n azalt\u0131labilmesi i\u00e7in enerji t\u00fcketimi fazla olan ve tasarruf potansiyeli bulunan y\u00fcksek gelirli ve bilin\u00e7li t\u00fcketiciden i\u015fe ba\u015flanmas\u0131 \u00f6neriliyor. En y\u00fcksek tasarruf potansiyeli ele\u015ftirici, yarat\u0131c\u0131 ve geliri fazla kesimin \u0131s\u0131nma ve motorlu ara\u00e7la yolculuk etme al\u0131\u015fkanl\u0131\u011f\u0131nda yat\u0131yor.<br \/>\n\u00c7evre Dairesi karbondioksit emisyonunun azalt\u0131labilmesi i\u00e7in ev ve otomobillerin enerji ihtiyac\u0131n\u0131n y\u00fcksek t\u00fcketim vergisiyle frenlenmesini \u00f6neriyor. U\u00e7ak yak\u0131t\u0131ndan daha fazla vergi al\u0131nmas\u0131n\u0131n yolculuk say\u0131s\u0131n\u0131 azaltaca\u011f\u0131 ve sarfiyat\u0131 d\u00fc\u015f\u00fck u\u00e7aklar\u0131n geli\u015ftirilmesini te\u015fvik edece\u011fi de raporda belirtiliyor.<br \/>\nDo\u011fal kaynak t\u00fcketiminin ve sera gaz\u0131 \u00fcretiminin sadece bilgilendirme ve tavsiyelerle azalt\u0131lamayaca\u011f\u0131 ifade edilen \u00c7evre Dairesi ara\u015ft\u0131rmas\u0131nda, \u2018de\u011ferlerde k\u00f6kl\u00fc de\u011fi\u015fiklik olmad\u0131\u011f\u0131 ve s\u00fcrd\u00fcr\u00fclebilir hayat tarz\u0131na ge\u00e7ilmedi\u011fi\u2019 takdirde enerji t\u00fcketiminin azalt\u0131lamayaca\u011f\u0131na dikkat \u00e7ekiliyor. Devletin belirleyece\u011fi esaslar\u0131n s\u00fcrd\u00fcr\u00fclebilir t\u00fcketime \u00f6ncelik verip, s\u00fcrd\u00fcr\u00fclebilir olmayan t\u00fcketimi \u00f6nleyici unsurlar i\u00e7ermesi gerekti\u011fine de raporda yer veriliyor.<\/p>\n<p class=\"selectionShareable\" style=\"color: #0a0a0a;\">Kaynak: <a href=\"http:\/\/www.dw.com\/tr\/paras%C4%B1-olan-%C3%A7evreye-daha-%C3%A7ok-zarar-veriyor\/a-19498247\" target=\"_blank\" rel=\"nofollow\">Deutsche Welle<\/a><\/p>\n<p><\/p>","protected":false},"excerpt":{"rendered":"<p>Sorry, this entry is only available in Turkish. For the sake of viewer convenience, the content is shown below in the alternative language. You may click the link to switch the active language. Bir ara\u015ft\u0131rmaya g\u00f6re b\u00fcy\u00fck evler, otomobil seyahatleri ve u\u00e7ak yolculuklar\u0131 ekolojik bilan\u00e7oyu alt\u00fcst etmektedir. \u2018\u00c7evre t\u00fcketimini\u2019 belirleyen fakt\u00f6rler nelerdir, gelir d\u00fczeyi ve [&hellip;]<\/p>\n","protected":false},"author":1,"featured_media":18691,"comment_status":"open","ping_status":"open","sticky":false,"template":"","format":"standard","meta":[],"categories":[53],"tags":[2309,31273,31274,63,67,1009,165,148,23250,1775],"views":879,"_links":{"self":[{"href":"https:\/\/www.enerjigazetesi.ist\/en\/wp-json\/wp\/v2\/posts\/56854"}],"collection":[{"href":"https:\/\/www.enerjigazetesi.ist\/en\/wp-json\/wp\/v2\/posts"}],"about":[{"href":"https:\/\/www.enerjigazetesi.ist\/en\/wp-json\/wp\/v2\/types\/post"}],"author":[{"embeddable":true,"href":"https:\/\/www.enerjigazetesi.ist\/en\/wp-json\/wp\/v2\/users\/1"}],"replies":[{"embeddable":true,"href":"https:\/\/www.enerjigazetesi.ist\/en\/wp-json\/wp\/v2\/comments?post=56854"}],"version-history":[{"count":1,"href":"https:\/\/www.enerjigazetesi.ist\/en\/wp-json\/wp\/v2\/posts\/56854\/revisions"}],"predecessor-version":[{"id":56855,"href":"https:\/\/www.enerjigazetesi.ist\/en\/wp-json\/wp\/v2\/posts\/56854\/revisions\/56855"}],"wp:featuredmedia":[{"embeddable":true,"href":"https:\/\/www.enerjigazetesi.ist\/en\/wp-json\/wp\/v2\/media\/18691"}],"wp:attachment":[{"href":"https:\/\/www.enerjigazetesi.ist\/en\/wp-json\/wp\/v2\/media?parent=56854"}],"wp:term":[{"taxonomy":"category","embeddable":true,"href":"https:\/\/www.enerjigazetesi.ist\/en\/wp-json\/wp\/v2\/categories?post=56854"},{"taxonomy":"post_tag","embeddable":true,"href":"https:\/\/www.enerjigazetesi.ist\/en\/wp-json\/wp\/v2\/tags?post=56854"}],"curies":[{"name":"wp","href":"https:\/\/api.w.org\/{rel}","templated":true}]}}