{"id":56834,"date":"2016-08-25T13:08:11","date_gmt":"2016-08-25T10:08:11","guid":{"rendered":"https:\/\/www.enerjigazetesi.ist\/?p=56834"},"modified":"2016-08-25T13:18:27","modified_gmt":"2016-08-25T10:18:27","slug":"15-temmuzda-yakit-satmayan-istasyonlara-operasyon-yapildi","status":"publish","type":"post","link":"https:\/\/www.enerjigazetesi.ist\/en\/15-temmuzda-yakit-satmayan-istasyonlara-operasyon-yapildi\/","title":{"rendered":"(Turkish) 15 Temmuz\u2019da Yak\u0131t Satmayan \u0130stasyonlara Operasyon Yap\u0131ld\u0131&#8230;"},"content":{"rendered":"<p class=\"qtranxs-available-languages-message qtranxs-available-languages-message-en\">Sorry, this entry is only available in <a href=\"https:\/\/www.enerjigazetesi.ist\/tr\/wp-json\/wp\/v2\/posts\/56834\" class=\"qtranxs-available-language-link qtranxs-available-language-link-tr\" title=\"Turkish\">Turkish<\/a>. For the sake of viewer convenience, the content is shown below in the alternative language. You may click the link to switch the active language.<\/p><p><\/p>\n<p class=\"selectionShareable\" style=\"color: #0a0a0a;\"><strong>Kayseri \u0130l Emniyet M\u00fcd\u00fcrl\u00fc\u011f\u00fc Ka\u00e7ak\u00e7\u0131l\u0131k ve Organize Su\u00e7larla M\u00fccadele (KOM) \u015eube M\u00fcd\u00fcrl\u00fc\u011f\u00fc ekipleri, Fetullah\u00e7\u0131 Ter\u00f6r \u00d6rg\u00fct\u00fc\u2019n\u00fcn 15 Temmuz darbe giri\u015fiminde bulunmas\u0131ndan sonra, Cumhurba\u015fkan\u0131 Erdo\u011fan\u2019\u0131n \u00e7a\u011fr\u0131s\u0131 ile meydanlara d\u00f6k\u00fclen vatanda\u015flar\u0131n ara\u00e7lar\u0131na yak\u0131t almak i\u00e7in gitti\u011fi akaryak\u0131t istasyonlar\u0131n\u0131n yak\u0131t satmamas\u0131 \u00fczerine soru\u015fturma ba\u015flat\u0131ld\u0131.<span id=\"more-83244\"><\/span>\u00a0Yak\u0131t satmad\u0131\u011f\u0131 belirlenen 6 akaryak\u0131t istasyonuna yap\u0131lan operasyonlarda ise 10 ki\u015fi hakk\u0131nda g\u00f6zalt\u0131 karar\u0131 \u00e7\u0131kt\u0131.<\/strong><\/p>\n<p class=\"selectionShareable\" style=\"color: #0a0a0a;\">Belirlenen akaryak\u0131t istasyonlar\u0131na d\u00fczenlenen operasyonlarda, akaryak\u0131t istasyonlar\u0131n\u0131n i\u015fletme s<a href=\"https:\/\/www.enerjigazetesi.ist\/wp-content\/uploads\/2015\/11\/akaryakit-pompa-696x385.jpg\"><img loading=\"lazy\" class=\"alignright size-medium wp-image-46880\" src=\"https:\/\/www.enerjigazetesi.ist\/wp-content\/uploads\/2015\/11\/akaryakit-pompa-696x385-300x165.jpg\" alt=\"akaryakit-pompa-696x385\" width=\"300\" height=\"165\" srcset=\"https:\/\/www.enerjigazetesi.ist\/wp-content\/uploads\/2015\/11\/akaryakit-pompa-696x385-300x165.jpg 300w, https:\/\/www.enerjigazetesi.ist\/wp-content\/uploads\/2015\/11\/akaryakit-pompa-696x385-500x276.jpg 500w, https:\/\/www.enerjigazetesi.ist\/wp-content\/uploads\/2015\/11\/akaryakit-pompa-696x385-80x44.jpg 80w, https:\/\/www.enerjigazetesi.ist\/wp-content\/uploads\/2015\/11\/akaryakit-pompa-696x385.jpg 696w\" sizes=\"(max-width: 300px) 100vw, 300px\" \/><\/a>ahibi ve y\u00f6neticileri konumundaki Serdar E., Bur\u00e7in \u00dc., H\u00fcseyin S., Hamza F., Murat K. ve Bahri P., KOM ekipleri taraf\u0131ndan g\u00f6zalt\u0131na al\u0131nd\u0131.<\/p>\n<p class=\"selectionShareable\" style=\"color: #0a0a0a;\">Haklar\u0131nda yakalama karar\u0131 olan \u015f\u00fcphelilerden Suat S.\u2019nin Fetullah\u00e7\u0131 Ter\u00f6r \u00d6rg\u00fct\u00fc\u2019ne y\u00f6nelik ba\u015flat\u0131lan soru\u015fturmalar kapsam\u0131nda daha \u00f6ncesinde de g\u00f6zalt\u0131na al\u0131nd\u0131\u011f\u0131 belirlendi. FET\u00d6 ile ba\u011flant\u0131s\u0131 oldu\u011fu belirlenen 3 ki\u015finin firar etti\u011fi ve firar eden FET\u00d6\u2019c\u00fclerin yakalanmas\u0131 i\u00e7in \u00e7al\u0131\u015fmalar\u0131n s\u00fcrd\u00fcr\u00fcld\u00fc\u011f\u00fc belirtildi.<\/p>\n<p class=\"selectionShareable\" style=\"color: #0a0a0a;\">FET\u00d6\u2019c\u00fclere destek vererek\u00a0akaryak\u0131t satmayan Arnavutk\u00f6y\u2019deki akaryak\u0131t istasyonu sahibi ve i\u015fletme m\u00fcd\u00fcr\u00fc ise tutukland\u0131.<\/p>\n<p class=\"selectionShareable\" style=\"color: #0a0a0a;\">15 Temmuz darbe giri\u015fimi gecesi meydanlara gitmek isteyen vatanda\u015flar sat\u0131\u015f yapmayan Arnavutk\u00f6y\u2019deki benzin istasyonu hakk\u0131nda \u015fikayette bulundular. \u015eikayetlerin de\u011ferlendirilmesi ile darbe giri\u015fimi gecesi akaryak\u0131t almak isteyen vatanda\u015flara <strong>02:00 ile 07:00<\/strong> saatleri aras\u0131nda sat\u0131\u015f yapmad\u0131\u011f\u0131 tespit edilen akaryak\u0131t sahibi Yusuf Pehlivan, i\u015fletmenin m\u00fcd\u00fcr\u00fc Emrah k\u00f6se, \u201csilahl\u0131 ter\u00f6r \u00f6rg\u00fct\u00fc \u00fcyesi olmak\u201d su\u00e7lar\u0131ndan dolay\u0131 \u00e7\u0131kar\u0131ld\u0131klar\u0131 mahkemece tutukland\u0131lar.<\/p>\n<p><\/p>","protected":false},"excerpt":{"rendered":"<p>Sorry, this entry is only available in Turkish. For the sake of viewer convenience, the content is shown below in the alternative language. You may click the link to switch the active language. Kayseri \u0130l Emniyet M\u00fcd\u00fcrl\u00fc\u011f\u00fc Ka\u00e7ak\u00e7\u0131l\u0131k ve Organize Su\u00e7larla M\u00fccadele (KOM) \u015eube M\u00fcd\u00fcrl\u00fc\u011f\u00fc ekipleri, Fetullah\u00e7\u0131 Ter\u00f6r \u00d6rg\u00fct\u00fc\u2019n\u00fcn 15 Temmuz darbe giri\u015fiminde bulunmas\u0131ndan sonra, [&hellip;]<\/p>\n","protected":false},"author":1,"featured_media":46880,"comment_status":"open","ping_status":"open","sticky":false,"template":"","format":"standard","meta":[],"categories":[53,44],"tags":[31265,3474,63,67,1009,2698,165,30719,30720,31266,27809,59,79,2388,887,2522,31267,31268],"views":1117,"_links":{"self":[{"href":"https:\/\/www.enerjigazetesi.ist\/en\/wp-json\/wp\/v2\/posts\/56834"}],"collection":[{"href":"https:\/\/www.enerjigazetesi.ist\/en\/wp-json\/wp\/v2\/posts"}],"about":[{"href":"https:\/\/www.enerjigazetesi.ist\/en\/wp-json\/wp\/v2\/types\/post"}],"author":[{"embeddable":true,"href":"https:\/\/www.enerjigazetesi.ist\/en\/wp-json\/wp\/v2\/users\/1"}],"replies":[{"embeddable":true,"href":"https:\/\/www.enerjigazetesi.ist\/en\/wp-json\/wp\/v2\/comments?post=56834"}],"version-history":[{"count":4,"href":"https:\/\/www.enerjigazetesi.ist\/en\/wp-json\/wp\/v2\/posts\/56834\/revisions"}],"predecessor-version":[{"id":56838,"href":"https:\/\/www.enerjigazetesi.ist\/en\/wp-json\/wp\/v2\/posts\/56834\/revisions\/56838"}],"wp:featuredmedia":[{"embeddable":true,"href":"https:\/\/www.enerjigazetesi.ist\/en\/wp-json\/wp\/v2\/media\/46880"}],"wp:attachment":[{"href":"https:\/\/www.enerjigazetesi.ist\/en\/wp-json\/wp\/v2\/media?parent=56834"}],"wp:term":[{"taxonomy":"category","embeddable":true,"href":"https:\/\/www.enerjigazetesi.ist\/en\/wp-json\/wp\/v2\/categories?post=56834"},{"taxonomy":"post_tag","embeddable":true,"href":"https:\/\/www.enerjigazetesi.ist\/en\/wp-json\/wp\/v2\/tags?post=56834"}],"curies":[{"name":"wp","href":"https:\/\/api.w.org\/{rel}","templated":true}]}}