{"id":56808,"date":"2016-08-24T19:52:33","date_gmt":"2016-08-24T16:52:33","guid":{"rendered":"https:\/\/www.enerjigazetesi.ist\/?p=56808"},"modified":"2016-08-24T19:59:03","modified_gmt":"2016-08-24T16:59:03","slug":"izmir-yarimadasini-imara-acacak-olan-karar-mahkemeye-tasiniyor","status":"publish","type":"post","link":"https:\/\/www.enerjigazetesi.ist\/en\/izmir-yarimadasini-imara-acacak-olan-karar-mahkemeye-tasiniyor\/","title":{"rendered":"(Turkish) \u0130zmir Yar\u0131madas\u0131\u2019n\u0131 \u0130mara A\u00e7acak Olan Karar Mahkemeye Ta\u015f\u0131n\u0131yor!"},"content":{"rendered":"<p class=\"qtranxs-available-languages-message qtranxs-available-languages-message-en\">Sorry, this entry is only available in <a href=\"https:\/\/www.enerjigazetesi.ist\/tr\/wp-json\/wp\/v2\/posts\/56808\" class=\"qtranxs-available-language-link qtranxs-available-language-link-tr\" title=\"Turkish\">Turkish<\/a>. For the sake of viewer convenience, the content is shown below in the alternative language. You may click the link to switch the active language.<\/p><p><span style=\"font-weight: bold; color: #242424;\">\u00c7evreci Enerji Derne\u011fi taraf\u0131ndan \u00c7e\u015fme, Karaburun ve Urla\u2019da S\u0130T alanlar\u0131n\u0131n konut ve turizme a\u00e7\u0131lmas\u0131n\u0131 sa\u011flayacak olan d\u00fczenlemeler yarg\u0131ya\u00a0ta\u015f\u0131n\u0131yor.<\/span><\/p>\n<p style=\"color: #4d4e53;\">\u0130zmir 1 Nolu Tabiat Varl\u0131klar\u0131n\u0131 Koruma B\u00f6lge Komisyonu\u2019nun 08.06.2016 tarih 650 say\u0131l\u0131 karar\u0131 ile Urla ve Seferihisar il\u00e7elerinde, \u0130zmir 3 Nolu Tabiat Varl\u0131klar\u0131n\u0131 Koruma B\u00f6lge Komisyonu\u2019nun da 08.06.2016 tarih 949 sa<a href=\"https:\/\/www.enerjigazetesi.ist\/wp-content\/uploads\/2016\/08\/izmir-yarimadasini-imara-acacak-olan-karar-mahkemeye-tasiniyor.jpg\"><img loading=\"lazy\" class=\"alignright size-medium wp-image-56809\" src=\"https:\/\/www.enerjigazetesi.ist\/wp-content\/uploads\/2016\/08\/izmir-yarimadasini-imara-acacak-olan-karar-mahkemeye-tasiniyor-300x153.jpg\" alt=\"izmir-yarimadasini-imara-acacak-olan-karar-mahkemeye-tasiniyor\" width=\"300\" height=\"153\" srcset=\"https:\/\/www.enerjigazetesi.ist\/wp-content\/uploads\/2016\/08\/izmir-yarimadasini-imara-acacak-olan-karar-mahkemeye-tasiniyor-300x153.jpg 300w, https:\/\/www.enerjigazetesi.ist\/wp-content\/uploads\/2016\/08\/izmir-yarimadasini-imara-acacak-olan-karar-mahkemeye-tasiniyor-500x255.jpg 500w, https:\/\/www.enerjigazetesi.ist\/wp-content\/uploads\/2016\/08\/izmir-yarimadasini-imara-acacak-olan-karar-mahkemeye-tasiniyor-80x40.jpg 80w, https:\/\/www.enerjigazetesi.ist\/wp-content\/uploads\/2016\/08\/izmir-yarimadasini-imara-acacak-olan-karar-mahkemeye-tasiniyor.jpg 685w\" sizes=\"(max-width: 300px) 100vw, 300px\" \/><\/a>y\u0131l\u0131 karar\u0131 ile \u00c7e\u015fme\u2019de do\u011fal sit stat\u00fcl\u00fc alanlar\u0131 konut, turizm ve d\u00fc\u015f\u00fck yo\u011funluklu faaliyetlere izin veren \u2018S\u00fcrd\u00fcr\u00fclebilir Koruma ve Kontroll\u00fc Kullan\u0131m Alan\u0131\u2019 olarak de\u011fi\u015ftiren karar\u0131 mahkemeye ta\u015f\u0131n\u0131yor. \u00c7evreci Enerji Derne\u011fi, T\u00fcrkiye\u2019de r\u00fczgar g\u00fcc\u00fcnden elektrik \u00fcretmeye uygun 3 r\u00fczgar koridorundan birine sahip olan \u0130zmir Yar\u0131madas\u0131\u2019n\u0131n Ku\u015fadas\u0131 gibi betonla\u015ft\u0131r\u0131lmas\u0131na izin verilmeyece\u011fini a\u00e7\u0131klad\u0131.<\/p>\n<p style=\"color: #4d4e53;\">Al\u0131nan karar\u0131n, T\u00fcrkiye\u2019nin 3 \u00f6nemli r\u00fczgar koridorundan biri olan \u00c7e\u015fme, Urla, Karaburun\u2019da g\u00fcn\u00fcm\u00fcze kalm\u0131\u015f do\u011fal yap\u0131y\u0131 Ku\u015fadas\u0131\u2019nda oldu\u011fu gibi betonla\u015fmaya mahkum edece\u011fini savunan \u00c7evreci Enerji Derne\u011fi Ba\u015fkan\u0131 Tolga \u015eall\u0131, ask\u0131 s\u00fcresinde itiraz ettikleri bu kararlara kar\u015f\u0131 dava a\u00e7acaklar\u0131n\u0131\u00a0belirtti.<\/p>\n<p style=\"color: #4d4e53;\">S\u00fcrd\u00fcr\u00fclebilir koruma ve kontroll\u00fc kullan\u0131m alan\u0131 olarak ilan edilen yerlerde d\u00fc\u015f\u00fck yo\u011funlukta faaliyetlere, turizm ve yerle\u015fimlere izin verildi\u011fine dikkat \u00e7eken \u015eall\u0131, yazl\u0131k evler gibi ikincil konut uygulamalar\u0131 ile \u0130zmir Yar\u0131madas\u0131\u2019n\u0131n do\u011fal ve sosyal dokusunun zaten b\u00fcy\u00fck zarar g\u00f6rd\u00fc\u011f\u00fcn\u00fc, bu kararlar ile Yar\u0131mada\u2019da betonla\u015fman\u0131n daha da artaca\u011f\u0131n\u0131 belirterek, \u201c\u0130zmir Yar\u0131madas\u0131 e\u015fsiz do\u011fas\u0131yla var olma sava\u015f\u0131 i\u00e7indeyken al\u0131nan bu karar bu il\u00e7elerimizin t\u00fcm tepeleri i\u015fgal edilecek, maalesef betondan ba\u015fka hi\u00e7bir g\u00f6r\u00fcnt\u00fcs\u00fc olmayan Ku\u015fadas\u0131 gibi olacakt\u0131r\u201d dedi.<\/p>\n<p style=\"color: #4d4e53;\">\u015eall\u0131, do\u011fal S\u0130T alanlar\u0131n\u0131n imara ve yap\u0131la\u015fmaya a\u00e7\u0131lmas\u0131 i\u00e7in \u00f6ncelikle S\u0130T derecelerinin de\u011fi\u015ftirilmek zorunda oldu\u011funa dikkat \u00e7ekerek, \u201cBu prosed\u00fcrden sonra da S\u0130T derecelerine g\u00f6re i\u015flemlere devam edilece\u011fi \u00f6ng\u00f6r\u00fclmektedir. Derne\u011fimizin temel amac\u0131; do\u011fal ortam\u0131n yenilenebilir enerjiyle korunmas\u0131na destek olmakt\u0131r. Bu kapsamda derne\u011fimiz b\u00fcnyesinde bulunan Hukuk Kurulu ve Bilim ve Dan\u0131\u015fma Kurulu konuyu titizlikle takip etmektedir\u201d diye konu\u015ftu.<\/p>\n<p><strong>RES\u2019e uygun alanlar konutlar ile dolmas\u0131n<\/strong><\/p>\n<p>Bir y\u0131l \u00f6nce \u0130zmir\u2019de faaliyetlerine ba\u015flayan\u00a0\u00c7evreci Enerji Derne\u011fi\u2019nin faaliyet alanlar\u0131n\u0131n olarak \u00e7evre, do\u011fal hayat ve hayvanlar\u0131 koruma dernekleri s\u0131n\u0131f\u0131nda yer ald\u0131\u011f\u0131n\u0131 vurgulayan Tolga \u015eall\u0131, \u015funlar\u0131 belirtti: \u201cDerne\u011fimiz, do\u011fan\u0131n ve iklimin korunmas\u0131 i\u00e7in yenilenebilir enerji uygulamalar\u0131na ve enerji kooperatiflerine destek vermektedir. En temel amac\u0131m\u0131z ise do\u011fal ortam\u0131n yenilenebilir enerjiyle korunmas\u0131na destek olmakt\u0131r. \u00dclkemizde r\u00fczgar enerji santrallerinin (RES) kurulmas\u0131na elveri\u015fli alanlar olduk\u00e7a s\u0131n\u0131rl\u0131d\u0131r. \u0130zmir Yar\u0131madas\u0131\u2019nda bulunan \u00c7e\u015fme, Urla ve Karaburun, T\u00fcrkiye\u2019de RES i\u00e7in uygun 3 r\u00fczgar koridorundan biri \u00fczerinde bulunuyor. Bu b\u00f6lgeler i\u00e7in haz\u0131rlanan 1\/100 binlik imar planlarda RES\u2019e olan uygunlu\u011fu a\u00e7\u0131k\u00e7a belirtiliyor. Bu alanlar\u0131n da ikincil konut ve turizm tesislerine a\u00e7\u0131larak betonla\u015ft\u0131r\u0131lmas\u0131 bu anlamda kesinlikle \u00f6nlenmelidir.\u201d<\/p>\n<p><strong>1 MW g\u00fcc\u00fcndeki RES ile bin evin elektrik ihtiyac\u0131 kar\u015f\u0131lanmaktad\u0131r<\/strong><\/p>\n<p>\u015eall\u0131, T\u00fcrkiye&#8217;nin r\u00fczgardan 10 bin MW&#8217;\u0131 denizlerde ve 38 bin MW karada olmak \u00fczere, toplam 48 bin MW g\u00fcc\u00fcnde elektrik \u00fcretme potansiyeli oldu\u011funu, \u015fu ana kadar ise 5 bin MW kurulu g\u00fcce ula\u015f\u0131ld\u0131\u011f\u0131na dikkat \u00e7ekerek, &#8220;Yakla\u015f\u0131k 1 MW g\u00fcc\u00fcndeki RES 750 ila bin evin elektrik ihtiyac\u0131n\u0131 kar\u015f\u0131l\u0131yor. B\u00f6ylece\u00a048 bin MW&#8217;l\u0131k g\u00fc\u00e7 36 milyon konutun elektrik ihtiyac\u0131 kar\u015f\u0131lanmaktad\u0131r.\u00a0Tamamen \u00e7evreci ve s\u00fcrd\u00fcr\u00fclebilir enerji \u00fcretme imkan\u0131 bulunan s\u0131n\u0131rl\u0131 alanlar\u0131m\u0131z\u0131n betonla\u015fmaya a\u00e7\u0131lmas\u0131 stratejik olarak \u00e7ok b\u00fcy\u00fck hatad\u0131r&#8221;\u00a0ifadelerine yer verdi.<\/p>","protected":false},"excerpt":{"rendered":"<p>Sorry, this entry is only available in Turkish. For the sake of viewer convenience, the content is shown below in the alternative language. You may click the link to switch the active language.\u00c7evreci Enerji Derne\u011fi taraf\u0131ndan \u00c7e\u015fme, Karaburun ve Urla\u2019da S\u0130T alanlar\u0131n\u0131n konut ve turizme a\u00e7\u0131lmas\u0131n\u0131 sa\u011flayacak olan d\u00fczenlemeler yarg\u0131ya\u00a0ta\u015f\u0131n\u0131yor. \u0130zmir 1 Nolu Tabiat Varl\u0131klar\u0131n\u0131 [&hellip;]<\/p>\n","protected":false},"author":1,"featured_media":56809,"comment_status":"open","ping_status":"open","sticky":false,"template":"","format":"standard","meta":[],"categories":[53,50],"tags":[31255,2878,29150,63,67,1009,2698,165,31252,474,69,16,231,23318,31253,22615,312,842,31254,105],"views":908,"_links":{"self":[{"href":"https:\/\/www.enerjigazetesi.ist\/en\/wp-json\/wp\/v2\/posts\/56808"}],"collection":[{"href":"https:\/\/www.enerjigazetesi.ist\/en\/wp-json\/wp\/v2\/posts"}],"about":[{"href":"https:\/\/www.enerjigazetesi.ist\/en\/wp-json\/wp\/v2\/types\/post"}],"author":[{"embeddable":true,"href":"https:\/\/www.enerjigazetesi.ist\/en\/wp-json\/wp\/v2\/users\/1"}],"replies":[{"embeddable":true,"href":"https:\/\/www.enerjigazetesi.ist\/en\/wp-json\/wp\/v2\/comments?post=56808"}],"version-history":[{"count":4,"href":"https:\/\/www.enerjigazetesi.ist\/en\/wp-json\/wp\/v2\/posts\/56808\/revisions"}],"predecessor-version":[{"id":56813,"href":"https:\/\/www.enerjigazetesi.ist\/en\/wp-json\/wp\/v2\/posts\/56808\/revisions\/56813"}],"wp:featuredmedia":[{"embeddable":true,"href":"https:\/\/www.enerjigazetesi.ist\/en\/wp-json\/wp\/v2\/media\/56809"}],"wp:attachment":[{"href":"https:\/\/www.enerjigazetesi.ist\/en\/wp-json\/wp\/v2\/media?parent=56808"}],"wp:term":[{"taxonomy":"category","embeddable":true,"href":"https:\/\/www.enerjigazetesi.ist\/en\/wp-json\/wp\/v2\/categories?post=56808"},{"taxonomy":"post_tag","embeddable":true,"href":"https:\/\/www.enerjigazetesi.ist\/en\/wp-json\/wp\/v2\/tags?post=56808"}],"curies":[{"name":"wp","href":"https:\/\/api.w.org\/{rel}","templated":true}]}}