{"id":56746,"date":"2016-08-23T10:28:47","date_gmt":"2016-08-23T07:28:47","guid":{"rendered":"https:\/\/www.enerjigazetesi.ist\/?p=56746"},"modified":"2016-08-24T01:32:53","modified_gmt":"2016-08-23T22:32:53","slug":"turkiyedeki-vergi-orani-ab-ulkeleri-ortalamasindan-cok-daha-dusuktur","status":"publish","type":"post","link":"https:\/\/www.enerjigazetesi.ist\/en\/turkiyedeki-vergi-orani-ab-ulkeleri-ortalamasindan-cok-daha-dusuktur\/","title":{"rendered":"(Turkish) T\u00fcrkiye\u2019nin Elektrikte ki Vergi Oran\u0131 AB \u00dclkeleri Ortalamas\u0131n\u0131n Alt\u0131ndad\u0131r!"},"content":{"rendered":"<p class=\"qtranxs-available-languages-message qtranxs-available-languages-message-en\">Sorry, this entry is only available in <a href=\"https:\/\/www.enerjigazetesi.ist\/tr\/wp-json\/wp\/v2\/posts\/56746\" class=\"qtranxs-available-language-link qtranxs-available-language-link-tr\" title=\"Turkish\">Turkish<\/a>. For the sake of viewer convenience, the content is shown below in the alternative language. You may click the link to switch the active language.<\/p><p><\/p>\n<p class=\"selectionShareable\" style=\"color: #0a0a0a;\"><strong>Vaasaett d\u00fc\u015f\u00fcnce kurulu\u015funun yay\u0131mlanan \u201cAvrupa\u2019da Mesken Enerji Fiyat Endeksi\u201d raporu verilerine g\u00f6re, elektrik t\u00fcketiminde vergi oran\u0131 y\u00fckseldik\u00e7e, tasarruf yapman\u0131n da zorla\u015ft\u0131\u011f\u0131 g\u00f6zler \u00f6n\u00fcne serilmektedir.<\/strong><span id=\"more-83181\"><\/span><\/p>\n<p class=\"selectionShareable\" style=\"color: #0a0a0a;\">Raporda\u00a0Avrupa genelinde \u00f6denen elektrik faturas\u0131n\u0131n y\u00fczde 28\u2019ini vergilerin, geri kalan y\u00fczde 72\u2019lik b\u00f6l\u00fcm\u00fcn\u00fc enerji maliyeti ve da\u011f\u0131t\u0131m bedellerinin olu\u015fturdu\u011fu belirtilmi\u015ftir.<a href=\"https:\/\/www.enerjigazetesi.ist\/wp-content\/uploads\/2015\/03\/elektrik-hatt\u0131-237892397823798323.jpg\"><img loading=\"lazy\" class=\"alignright size-medium wp-image-37099\" src=\"https:\/\/www.enerjigazetesi.ist\/wp-content\/uploads\/2015\/03\/elektrik-hatt\u0131-237892397823798323-300x224.jpg\" alt=\"elektrik-hatt\u0131-237892397823798323\" width=\"300\" height=\"224\" srcset=\"https:\/\/www.enerjigazetesi.ist\/wp-content\/uploads\/2015\/03\/elektrik-hatt\u0131-237892397823798323-300x224.jpg 300w, https:\/\/www.enerjigazetesi.ist\/wp-content\/uploads\/2015\/03\/elektrik-hatt\u0131-237892397823798323-500x374.jpg 500w, https:\/\/www.enerjigazetesi.ist\/wp-content\/uploads\/2015\/03\/elektrik-hatt\u0131-237892397823798323-66x50.jpg 66w, https:\/\/www.enerjigazetesi.ist\/wp-content\/uploads\/2015\/03\/elektrik-hatt\u0131-237892397823798323.jpg 870w\" sizes=\"(max-width: 300px) 100vw, 300px\" \/><\/a><\/p>\n<p class=\"selectionShareable\" style=\"color: #0a0a0a;\">T\u00fcrkiye\u2019de ise elektrik faturas\u0131n\u0131n y\u00fczde 19\u2019u vergilerden, geriye kalan k\u0131s\u0131m da enerji bedeli maliyetlerden meydana gelmektedir.\u00a0T\u00fcrkiye, elektrik t\u00fcketiminde uygulad\u0131\u011f\u0131 d\u00fc\u015f\u00fck vergi oran\u0131 ile, bir\u00e7ok Avrupa \u00fclkesini de \u00e7ok gerilerde b\u0131rakmaktad\u0131r.<\/p>\n<p class=\"selectionShareable\" style=\"color: #0a0a0a;\">AB\u2019de ise elektrik faturas\u0131nda vergi pay\u0131n\u0131n en y\u00fcksek oldu\u011fu Danimarka ve Almanya, ayn\u0131 zamanda Birli\u011fin en pahal\u0131 elektri\u011fini kullan\u0131yor. Birlik \u00fclkeleri aras\u0131nda elektrik t\u00fcketiminde en y\u00fcksek vergi y\u00fczde 67 ile Danimarka\u2019da uygulan\u0131yor. Onu y\u00fczde 46 ile Almanya takip etmektedir.<\/p>\n<p class=\"selectionShareable\" style=\"color: #0a0a0a;\">Rapora g\u00f6re, elektrik faturas\u0131nda vergi oran\u0131 en y\u00fcksek \u00fc\u00e7\u00fcnc\u00fc \u00fclke, y\u00fczde 43 ile Avusturya olurken, y\u00fczde 39\u2019la \u0130sve\u00e7 d\u00f6rd\u00fcnc\u00fc ve y\u00fczde 37 ile \u0130talya be\u015finci s\u0131rada yer almaktad\u0131r.<\/p>\n<p class=\"selectionShareable\" style=\"color: #0a0a0a;\">AB \u00fcyesi \u00fclkeler aras\u0131nda elektrikte en d\u00fc\u015f\u00fck vergi oran\u0131 ise y\u00fczde 5 ile Malta\u2019da uygulan\u0131yor. Malta\u2019y\u0131, y\u00fczde 17 ile ayn\u0131 vergi oran\u0131na sahip \u0130ngiltere, Bulgaristan ve Slovakya izlemektedir.<\/p>\n<p class=\"selectionShareable\" style=\"color: #0a0a0a;\">Ak\u0131ll\u0131 Tarife \u015firketinin taraf\u0131ndan haz\u0131rlanan\u00a0T\u00fcrkiye raporuna g\u00f6re ise\u00a0elektrik faturas\u0131nda vergilendirmenin d\u00fc\u015f\u00fck seviyelerde olmas\u0131 ve y\u0131ll\u0131k 3 bin 600 kilovatsaat olarak belirlenen serbest t\u00fcketici limitinin ileride tamamen kald\u0131r\u0131lacak olmas\u0131, elektrik faturalar\u0131nda daha fazla fiyat indirimi yap\u0131lmas\u0131n\u0131n \u00f6n\u00fcn\u00fc\u00a0de a\u00e7acakt\u0131r.<\/p>\n<p class=\"selectionShareable\" style=\"color: #0a0a0a;\">Raporda ayr\u0131ca serbestle\u015fen elektrik piyasas\u0131nda rekabetin artmas\u0131yla m\u00fc\u015fteri \u00e7ekmek isteyen elektrik tedarik \u015firketlerinin faturalarda indirim avantaj\u0131 sunmaya ba\u015flayaca\u011f\u0131 belirtilmektedir. Elektri\u011fin birim fiyat\u0131ndaki y\u00fckseli\u015fin, enerji ve da\u011f\u0131t\u0131m maliyetlerindeki art\u0131\u015ftan kaynakland\u0131\u011f\u0131n\u0131n da vurgusu yap\u0131lmaktad\u0131r.<\/p>\n<p class=\"selectionShareable\" style=\"color: #0a0a0a;\">T\u00fcrkiye\u2019de tedarik\u00e7isini de\u011fi\u015ftirmek isteyen bir aboneye yap\u0131lacak indirim, enerji maliyetleri \u00fczerinden d\u00fc\u015f\u00fclmektedir. Faturadaki vergi oranlar\u0131nda herhangi bir indirim uygulanmamaktad\u0131r.<\/p>\n<p class=\"selectionShareable\" style=\"color: #0a0a0a;\"><strong>T\u00fcrkiye ve AB \u00fclkelerinde elektrik faturalar\u0131na uygulanan vergi oranlar\u0131 s\u0131ras\u0131yla \u015fu \u015fekildedir:<\/strong><\/p>\n<p class=\"selectionShareable\" style=\"color: #0a0a0a;\">\u00dclke Vergi oran\u0131 (%)<br \/>\nT\u00fcrkiye 19<br \/>\nAB-28 ortalamas\u0131 28<br \/>\nMalta 5<br \/>\n\u0130ngiltere 17<br \/>\nBulgaristan 17<br \/>\nSlovakya 17<br \/>\n\u0130rlanda 18<br \/>\nG\u00fcney K\u0131br\u0131s Rum Y\u00f6netimi 19<br \/>\nL\u00fcksembrurg 20<br \/>\nPortekiz 20<br \/>\nMacaristan 21<br \/>\n\u0130spanya 21<br \/>\nPolonya 22<br \/>\nH\u0131rvatistan 23<br \/>\nHollanda 25<br \/>\nBel\u00e7ika 26<br \/>\nLitvanya 27<br \/>\nRomanya 28<br \/>\nEstonya 29<br \/>\n\u00c7ek Cumhuriyeti 30<br \/>\nYunanistan 30<br \/>\nSlovenya 30<br \/>\nFransa 35<br \/>\nLetonya 35<br \/>\nFinlandiya 36<br \/>\n\u0130talya 37<br \/>\n\u0130sve\u00e7 39<br \/>\nAvusturya 43<br \/>\nAlmanya 46<br \/>\nDanimarka 67<\/p>\n<p><\/p>","protected":false},"excerpt":{"rendered":"<p>Sorry, this entry is only available in Turkish. For the sake of viewer convenience, the content is shown below in the alternative language. You may click the link to switch the active language. Vaasaett d\u00fc\u015f\u00fcnce kurulu\u015funun yay\u0131mlanan \u201cAvrupa\u2019da Mesken Enerji Fiyat Endeksi\u201d raporu verilerine g\u00f6re, elektrik t\u00fcketiminde vergi oran\u0131 y\u00fckseldik\u00e7e, tasarruf yapman\u0131n da zorla\u015ft\u0131\u011f\u0131 g\u00f6zler [&hellip;]<\/p>\n","protected":false},"author":1,"featured_media":45656,"comment_status":"open","ping_status":"open","sticky":false,"template":"","format":"standard","meta":[],"categories":[51,53],"tags":[31226,31227,68,61,1229,19638,1451,2873,130,31228,63,67,1009,2698,165,846],"views":1008,"_links":{"self":[{"href":"https:\/\/www.enerjigazetesi.ist\/en\/wp-json\/wp\/v2\/posts\/56746"}],"collection":[{"href":"https:\/\/www.enerjigazetesi.ist\/en\/wp-json\/wp\/v2\/posts"}],"about":[{"href":"https:\/\/www.enerjigazetesi.ist\/en\/wp-json\/wp\/v2\/types\/post"}],"author":[{"embeddable":true,"href":"https:\/\/www.enerjigazetesi.ist\/en\/wp-json\/wp\/v2\/users\/1"}],"replies":[{"embeddable":true,"href":"https:\/\/www.enerjigazetesi.ist\/en\/wp-json\/wp\/v2\/comments?post=56746"}],"version-history":[{"count":6,"href":"https:\/\/www.enerjigazetesi.ist\/en\/wp-json\/wp\/v2\/posts\/56746\/revisions"}],"predecessor-version":[{"id":56782,"href":"https:\/\/www.enerjigazetesi.ist\/en\/wp-json\/wp\/v2\/posts\/56746\/revisions\/56782"}],"wp:featuredmedia":[{"embeddable":true,"href":"https:\/\/www.enerjigazetesi.ist\/en\/wp-json\/wp\/v2\/media\/45656"}],"wp:attachment":[{"href":"https:\/\/www.enerjigazetesi.ist\/en\/wp-json\/wp\/v2\/media?parent=56746"}],"wp:term":[{"taxonomy":"category","embeddable":true,"href":"https:\/\/www.enerjigazetesi.ist\/en\/wp-json\/wp\/v2\/categories?post=56746"},{"taxonomy":"post_tag","embeddable":true,"href":"https:\/\/www.enerjigazetesi.ist\/en\/wp-json\/wp\/v2\/tags?post=56746"}],"curies":[{"name":"wp","href":"https:\/\/api.w.org\/{rel}","templated":true}]}}