{"id":56736,"date":"2016-08-22T16:38:50","date_gmt":"2016-08-22T13:38:50","guid":{"rendered":"https:\/\/www.enerjigazetesi.ist\/?p=56736"},"modified":"2016-08-22T16:38:50","modified_gmt":"2016-08-22T13:38:50","slug":"nigde-belediyesi-tarafindan-4-bin-konutun-elektrigi-copten-uretilecek","status":"publish","type":"post","link":"https:\/\/www.enerjigazetesi.ist\/en\/nigde-belediyesi-tarafindan-4-bin-konutun-elektrigi-copten-uretilecek\/","title":{"rendered":"(Turkish) Ni\u011fde Belediyesi Taraf\u0131ndan 4 Bin Konutun Elektri\u011fi \u00c7\u00f6pten \u00dcretilecek!"},"content":{"rendered":"<p class=\"qtranxs-available-languages-message qtranxs-available-languages-message-en\">Sorry, this entry is only available in <a href=\"https:\/\/www.enerjigazetesi.ist\/tr\/wp-json\/wp\/v2\/posts\/56736\" class=\"qtranxs-available-language-link qtranxs-available-language-link-tr\" title=\"Turkish\">Turkish<\/a>. For the sake of viewer convenience, the content is shown below in the alternative language. You may click the link to switch the active language.<\/p><p><\/p>\n<p class=\"selectionShareable\" style=\"color: #0a0a0a;\"><strong>Ni\u011fde Belediyesi taraf\u0131ndan 4 bin konutun enerji ihtiyac\u0131n\u0131 kar\u015f\u0131layacak olan enerji \u00fcretim tesisi, ekim ay\u0131nda\u00a0faaliyetine ba\u015flayacakt\u0131r.<\/strong><span id=\"more-83162\"><\/span><\/p>\n<p class=\"selectionShareable\" style=\"color: #0a0a0a;\">Ni\u011fde Belediye Ba\u015fkan\u0131 Faruk Akdo\u011fan, 4 bin konutun enerji ihtiyac\u0131n\u0131 kar\u015f\u0131layacak olan enerji \u00fcretim tes<a href=\"https:\/\/www.enerjigazetesi.ist\/wp-content\/uploads\/2013\/04\/copten-elektrik-uretimi-biyogaz.jpg\"><img loading=\"lazy\" class=\"alignright size-medium wp-image-9086\" src=\"https:\/\/www.enerjigazetesi.ist\/wp-content\/uploads\/2013\/04\/copten-elektrik-uretimi-biyogaz-300x177.jpg\" alt=\"copten-elektrik-uretimi-biyogaz\" width=\"300\" height=\"177\" srcset=\"https:\/\/www.enerjigazetesi.ist\/wp-content\/uploads\/2013\/04\/copten-elektrik-uretimi-biyogaz-300x177.jpg 300w, https:\/\/www.enerjigazetesi.ist\/wp-content\/uploads\/2013\/04\/copten-elektrik-uretimi-biyogaz-80x47.jpg 80w, https:\/\/www.enerjigazetesi.ist\/wp-content\/uploads\/2013\/04\/copten-elektrik-uretimi-biyogaz.jpg 464w\" sizes=\"(max-width: 300px) 100vw, 300px\" \/><\/a>isinin, Ekim ay\u0131nda faaliyete ge\u00e7ece\u011fini ifade etti. Ni\u011fde D\u00fczenli Kat\u0131 At\u0131k \u0130\u015fletme Birli\u011fi\u2019ne ait D\u00fczenli Kat\u0131 At\u0131k Depolama\u00a0Tesisi\u2019nde g\u00fcnl\u00fck toplanan 300 ton evsel at\u0131ktan elde edilecek gazla, ekim ay\u0131ndan itibaren enerji \u00fcretimine ba\u015flanacakt\u0131r.<\/p>\n<p class=\"selectionShareable\" style=\"color: #0a0a0a;\">Ni\u011fde\u2019nin sanayile\u015fme yolunda \u00f6nemli ad\u0131mlar att\u0131\u011f\u0131na belirten\u00a0Ba\u015fkan Akdo\u011fan, \u201cElbette n\u00fcfus yo\u011funlu\u011fu da art\u0131\u015f g\u00f6sterme e\u011filiminde. Bu durumda ka\u00e7\u0131n\u0131lmaz sonu\u00e7 olan \u00e7evre kirlili\u011finin \u00f6nlenmesi, ekolojik dengenin sa\u011flanmas\u0131 da gerekiyor. \u00c7evre kirlili\u011fi ve ekolojik tahribat\u0131n \u00f6nlenmesi i\u00e7in Ni\u011fde Belediyesi olarak gerekli tedbirleri al\u0131yoruz\u201d dedi.<\/p>\n<p class=\"selectionShareable\" style=\"color: #0a0a0a;\">\u00c7\u00f6plerin daha \u00f6nce Efendibey Mahallesi\u2019ndeki bo\u015f alanda topland\u0131\u011f\u0131n\u0131 an\u0131msatan Ba\u015fkan Akdo\u011fan, \u201c\u00c7\u00f6pler, 2010 y\u0131l\u0131nda Ni\u011fde\u2019ye kazand\u0131rd\u0131\u011f\u0131m\u0131z D\u00fczenli Depolama Tesisleri\u2019nde toplan\u0131yordu. Bundan sonra ise, burada toplanan kat\u0131 at\u0131klardan enerji \u00fcretimine ba\u015flanacakt\u0131r. Yani Ni\u011fde\u2019nin \u00e7\u00f6p\u00fcnden elektrik enerjisi \u00fcretilecektir\u201d\u00a0ifadelerine yer verdi.<\/p>\n<p><\/p>","protected":false},"excerpt":{"rendered":"<p>Sorry, this entry is only available in Turkish. For the sake of viewer convenience, the content is shown below in the alternative language. You may click the link to switch the active language. Ni\u011fde Belediyesi taraf\u0131ndan 4 bin konutun enerji ihtiyac\u0131n\u0131 kar\u015f\u0131layacak olan enerji \u00fcretim tesisi, ekim ay\u0131nda\u00a0faaliyetine ba\u015flayacakt\u0131r. Ni\u011fde Belediye Ba\u015fkan\u0131 Faruk Akdo\u011fan, 4 [&hellip;]<\/p>\n","protected":false},"author":1,"featured_media":9086,"comment_status":"open","ping_status":"open","sticky":false,"template":"","format":"standard","meta":[],"categories":[22893,51,53],"tags":[5220,2880,31220,19,63,67,1009,93,2698,165,2765,18,31219,31218],"views":1115,"_links":{"self":[{"href":"https:\/\/www.enerjigazetesi.ist\/en\/wp-json\/wp\/v2\/posts\/56736"}],"collection":[{"href":"https:\/\/www.enerjigazetesi.ist\/en\/wp-json\/wp\/v2\/posts"}],"about":[{"href":"https:\/\/www.enerjigazetesi.ist\/en\/wp-json\/wp\/v2\/types\/post"}],"author":[{"embeddable":true,"href":"https:\/\/www.enerjigazetesi.ist\/en\/wp-json\/wp\/v2\/users\/1"}],"replies":[{"embeddable":true,"href":"https:\/\/www.enerjigazetesi.ist\/en\/wp-json\/wp\/v2\/comments?post=56736"}],"version-history":[{"count":1,"href":"https:\/\/www.enerjigazetesi.ist\/en\/wp-json\/wp\/v2\/posts\/56736\/revisions"}],"predecessor-version":[{"id":56737,"href":"https:\/\/www.enerjigazetesi.ist\/en\/wp-json\/wp\/v2\/posts\/56736\/revisions\/56737"}],"wp:featuredmedia":[{"embeddable":true,"href":"https:\/\/www.enerjigazetesi.ist\/en\/wp-json\/wp\/v2\/media\/9086"}],"wp:attachment":[{"href":"https:\/\/www.enerjigazetesi.ist\/en\/wp-json\/wp\/v2\/media?parent=56736"}],"wp:term":[{"taxonomy":"category","embeddable":true,"href":"https:\/\/www.enerjigazetesi.ist\/en\/wp-json\/wp\/v2\/categories?post=56736"},{"taxonomy":"post_tag","embeddable":true,"href":"https:\/\/www.enerjigazetesi.ist\/en\/wp-json\/wp\/v2\/tags?post=56736"}],"curies":[{"name":"wp","href":"https:\/\/api.w.org\/{rel}","templated":true}]}}