{"id":56726,"date":"2016-08-22T13:14:16","date_gmt":"2016-08-22T10:14:16","guid":{"rendered":"https:\/\/www.enerjigazetesi.ist\/?p=56726"},"modified":"2016-08-22T13:17:02","modified_gmt":"2016-08-22T10:17:02","slug":"gunes-ulkesinin-gunes-enerjisi-bulusmasi-aralik-ayinda-istanbulda","status":"publish","type":"post","link":"https:\/\/www.enerjigazetesi.ist\/en\/gunes-ulkesinin-gunes-enerjisi-bulusmasi-aralik-ayinda-istanbulda\/","title":{"rendered":"(Turkish) G\u00fcne\u015f \u00dclkesi&#8217;nin \u201cG\u00fcne\u015f Enerjisi\u201d Bulu\u015fmas\u0131 Aral\u0131k Ay\u0131nda \u0130stanbul&#8217;da&#8230;"},"content":{"rendered":"<p class=\"qtranxs-available-languages-message qtranxs-available-languages-message-en\">Sorry, this entry is only available in <a href=\"https:\/\/www.enerjigazetesi.ist\/tr\/wp-json\/wp\/v2\/posts\/56726\" class=\"qtranxs-available-language-link qtranxs-available-language-link-tr\" title=\"Turkish\">Turkish<\/a>. For the sake of viewer convenience, the content is shown below in the alternative language. You may click the link to switch the active language.<\/p><p><strong>T\u00fcrkiye\u2019de \u00f6nemi giderek artan g\u00fcne\u015f enerjisinin yayg\u0131n kullan\u0131m\u0131nda, yenilik\u00e7i teknoloji ve uygulamalar\u0131 \u00a0 \u201cSOLARTR 2016\u201d da 06 \u2013 08 Aral\u0131k tarihleri aras\u0131nda \u0130stanbul\u2019da d\u00fczenlenerek masaya yat\u0131r\u0131lacakt\u0131r.<\/strong><\/p>\n<p><strong>T\u00fcrkiye g\u00fcne\u015f enerjisi sekt\u00f6r\u00fcn\u00fcn \u00f6nc\u00fc kurulu\u015flar\u0131n\u0131n kat\u0131l\u0131m\u0131yla d\u00fczenlenen konferansta, \u00fcniversiteden<\/strong><strong> sanayiye, kamudan uygulamac\u0131ya b\u00fct\u00fcn payda\u015flar bir araya gelerek t\u00fcm y\u00f6nleriyle sekt\u00f6r\u00fc ve geli\u015fimini de\u011ferlendirecektir.<\/strong><\/p>\n<p>\u00d6nemi giderek artan ve d\u00fc\u015f\u00fck karbon ekonomisinin \u00f6nemli kald\u0131ra\u00e7lar\u0131ndan olan g\u00fcne\u015f enerjisinin yayg\u0131n kullan\u0131m\u0131nda <a href=\"https:\/\/www.enerjigazetesi.ist\/wp-content\/uploads\/2016\/08\/gunes-ulkesinde-gunes-enerjisi-bulusmasi-aralik-ayinda-istanbulda.jpg\"><img loading=\"lazy\" class=\"alignleft size-medium wp-image-56727\" src=\"https:\/\/www.enerjigazetesi.ist\/wp-content\/uploads\/2016\/08\/gunes-ulkesinde-gunes-enerjisi-bulusmasi-aralik-ayinda-istanbulda-300x150.jpg\" alt=\"gunes-ulkesinde-gunes-enerjisi-bulusmasi-aralik-ayinda-istanbulda\" width=\"300\" height=\"150\" srcset=\"https:\/\/www.enerjigazetesi.ist\/wp-content\/uploads\/2016\/08\/gunes-ulkesinde-gunes-enerjisi-bulusmasi-aralik-ayinda-istanbulda-300x150.jpg 300w, https:\/\/www.enerjigazetesi.ist\/wp-content\/uploads\/2016\/08\/gunes-ulkesinde-gunes-enerjisi-bulusmasi-aralik-ayinda-istanbulda-500x250.jpg 500w, https:\/\/www.enerjigazetesi.ist\/wp-content\/uploads\/2016\/08\/gunes-ulkesinde-gunes-enerjisi-bulusmasi-aralik-ayinda-istanbulda-80x40.jpg 80w, https:\/\/www.enerjigazetesi.ist\/wp-content\/uploads\/2016\/08\/gunes-ulkesinde-gunes-enerjisi-bulusmasi-aralik-ayinda-istanbulda.jpg 640w\" sizes=\"(max-width: 300px) 100vw, 300px\" \/><\/a>yenilik\u00e7i teknoloji ve uygulamalar\u0131 konu alan, bilim ve teknoloji a\u011f\u0131rl\u0131kl\u0131, uluslararas\u0131 konferans ve sergi etkinli\u011fi \u201cSOLARTR 2016\u201d;\u00fcniversite, sanayi, kamu kurum ve kurulu\u015flar\u0131, sivil toplum \u00f6rg\u00fctleri i\u015fbirli\u011finde, <strong>06 \u2013 08 Aral\u0131k 2016<\/strong> tarihleri aras\u0131nda, \u0130stanbul\u2019da ger\u00e7ekle\u015ftirilecek.<\/p>\n<p>Ulusal Fotovolatik Teknoloji Platformu (UFTP)&#8217;nin evsahipli\u011finde; Ege \u00dcniversitesi G\u00fcne\u015f Enerjisi Enstit\u00fcs\u00fc (EGE-GEE), GAP Yenilenebilir Enerji ve Enerji Verimlili\u011fi Merkezi (GAP-YENEV), T\u00fcbitak Marmara Ara\u015ft\u0131rma Merkezi (T\u00dcB\u0130TAK-MAM), Uluslararas\u0131 G\u00fcne\u015f Enerjisi Toplulu\u011fu\u2013T\u00fcrkiye B\u00f6l\u00fcm\u00fc (G\u00dcNDER) ve Yenilenebilir Enerji Genel M\u00fcd\u00fcrl\u00fc\u011f\u00fc (YEGM) i\u015fbirli\u011finde d\u00fczenlenecek \u201cSOLARTR 2016\u201d bilimsel etkinli\u011finde; uluslararas\u0131 d\u00fczeyde ara\u015ft\u0131rmac\u0131dan sanayiciye, kamudan uygulamac\u0131ya t\u00fcm payda\u015flar bir araya gelerek g\u00fcne\u015f enerjisini ve sekt\u00f6r\u00fcn geli\u015fimi de\u011ferlendirilecektir.<\/p>\n<p><strong>G\u00fcne\u015f Enerjisi sekt\u00f6r\u00fc her y\u00f6n\u00fcyle ele al\u0131nacak<\/strong><\/p>\n<p>2 y\u0131lda bir yap\u0131lmas\u0131 planlanan ve \u0130stanbul\u2019da 3 g\u00fcn boyunca s\u00fcrecek olan konferansta; h\u0131zl\u0131 b\u00fcy\u00fcmekte olan g\u00fcne\u015f enerjisi sekt\u00f6r\u00fcn\u00fcn geli\u015fimi i\u00e7in \u00f6nerilerle birlikte olas\u0131 tehditlerin giderilmesi ve engellerin kald\u0131r\u0131lmas\u0131na katk\u0131 sa\u011flanacak yol haritalar\u0131n\u0131n ve eylem planlar\u0131n\u0131n alt yap\u0131s\u0131 haz\u0131rlanacak. Mevzuat ve gereklilikleri, sorun ve \u00e7\u00f6z\u00fcm \u00f6nerileri, b\u00fct\u00fcnle\u015fik sekt\u00f6r yap\u0131lanmas\u0131n\u0131n ulusal, b\u00f6lgesel ve uluslararas\u0131 boyutta ihtiya\u00e7lar\u0131 dile getirilecek.<\/p>\n<p>Konferansta, g\u00fcne\u015f enerjisi teknolojileri (PV, Is\u0131l) ve yeni e\u011filimler, PV malzeme ve cihazlar\u0131n\u0131n \u00f6l\u00e7\u00fcm ve karakterizasyonu, PV enerji tesisleri, yo\u011funla\u015ft\u0131r\u0131lm\u0131\u015f g\u00fcne\u015f enerjisi (CSP, CPV), g\u00fcne\u015f enerjisi sistemlerinin i\u015fletimi, performans\u0131 ve g\u00fcvenilirli\u011fi, g\u00fcne\u015f \u0131s\u0131l ve g\u00fcne\u015f elektri\u011fi sekt\u00f6r\u00fc ve pazar dinamikleri, kent planlamas\u0131nda g\u00fcne\u015f enerjisi, g\u00fcne\u015f enerjisi ile \u0131s\u0131tma ve so\u011futma, b\u00fcy\u00fck \u00f6l\u00e7ekli sistemler, sanayi \u00fcretim s\u00fcre\u00e7leri ile g\u00fcne\u015f \u0131s\u0131l enerjisinin b\u00fct\u00fcnle\u015ftirilmesi, binalarda b\u00fct\u00fcnle\u015fik g\u00fcne\u015f enerjisi sistemleri, binalar\u0131n yenilenmesinde g\u00fcne\u015f enerjisi kullan\u0131m\u0131, s\u0131f\u0131r enerjili binalarda g\u00fcne\u015f enerjisinin rol\u00fc, enerji depolama sistemleri, hibrid sistemler, de\u011ferlendirme ve sertifikaland\u0131rma prosed\u00fcrleri, yeni malzeme ve yakla\u015f\u0131mlar, y\u00f6netmelikler, \u00e7er\u00e7eve mevzuat ve b\u00f6lgesel kalk\u0131nma, \u0130klim de\u011fi\u015fikli\u011fi ve g\u00fcne\u015f enerjisi, Sal\u0131m ticareti, g\u00fcne\u015f enerjisinde yenilik\u00e7i finansman modelleri, Ar-Ge, \u00dcr-Ge ve gelecek i\u015fbirlikleri, \u00e7evre sa\u011fl\u0131\u011f\u0131 ve i\u015f g\u00fcvenli\u011fi konular\u0131 \u00e7ok y\u00f6nl\u00fc olarak ele al\u0131nacak.<\/p>\n<p>\u0130ki y\u0131lda bir d\u00fczenlenmekte olan SOLARTR Konferans ve Sergisinin bu sene ger\u00e7ekle\u015fecek d\u00f6rd\u00fcnc\u00fcs\u00fcnde B2B Toplant\u0131lar\u0131 ve Proje Pazar\u0131 Etkinli\u011fi sekt\u00f6r payda\u015flar\u0131n\u0131n \u00e7ok y\u00f6nl\u00fc i\u015fbirli\u011fi geli\u015ftirmesine de \u00f6nemli katk\u0131\u00a0sa\u011flayacakt\u0131r.<\/p>\n<p><strong>SOLARTR 2016<\/strong> ile ilgili detayl\u0131 bilgi i\u00e7in: <a href=\"mailto:konferans@solartr.org.tr\">konferans@solartr.org.tr<\/a>\u00a0&#8211;\u00a0<a href=\"http:\/\/www.solartr.org.tr\/\">www.solartr.org.tr<\/a><\/p>","protected":false},"excerpt":{"rendered":"<p>Sorry, this entry is only available in Turkish. For the sake of viewer convenience, the content is shown below in the alternative language. You may click the link to switch the active language.T\u00fcrkiye\u2019de \u00f6nemi giderek artan g\u00fcne\u015f enerjisinin yayg\u0131n kullan\u0131m\u0131nda, yenilik\u00e7i teknoloji ve uygulamalar\u0131 \u00a0 \u201cSOLARTR 2016\u201d da 06 \u2013 08 Aral\u0131k tarihleri aras\u0131nda \u0130stanbul\u2019da [&hellip;]<\/p>\n","protected":false},"author":1,"featured_media":56727,"comment_status":"open","ping_status":"open","sticky":false,"template":"","format":"standard","meta":[],"categories":[53,49],"tags":[63,67,1009,2698,165,227,13,23133,31211,22975,4269,30571,31212],"views":1004,"_links":{"self":[{"href":"https:\/\/www.enerjigazetesi.ist\/en\/wp-json\/wp\/v2\/posts\/56726"}],"collection":[{"href":"https:\/\/www.enerjigazetesi.ist\/en\/wp-json\/wp\/v2\/posts"}],"about":[{"href":"https:\/\/www.enerjigazetesi.ist\/en\/wp-json\/wp\/v2\/types\/post"}],"author":[{"embeddable":true,"href":"https:\/\/www.enerjigazetesi.ist\/en\/wp-json\/wp\/v2\/users\/1"}],"replies":[{"embeddable":true,"href":"https:\/\/www.enerjigazetesi.ist\/en\/wp-json\/wp\/v2\/comments?post=56726"}],"version-history":[{"count":2,"href":"https:\/\/www.enerjigazetesi.ist\/en\/wp-json\/wp\/v2\/posts\/56726\/revisions"}],"predecessor-version":[{"id":56729,"href":"https:\/\/www.enerjigazetesi.ist\/en\/wp-json\/wp\/v2\/posts\/56726\/revisions\/56729"}],"wp:featuredmedia":[{"embeddable":true,"href":"https:\/\/www.enerjigazetesi.ist\/en\/wp-json\/wp\/v2\/media\/56727"}],"wp:attachment":[{"href":"https:\/\/www.enerjigazetesi.ist\/en\/wp-json\/wp\/v2\/media?parent=56726"}],"wp:term":[{"taxonomy":"category","embeddable":true,"href":"https:\/\/www.enerjigazetesi.ist\/en\/wp-json\/wp\/v2\/categories?post=56726"},{"taxonomy":"post_tag","embeddable":true,"href":"https:\/\/www.enerjigazetesi.ist\/en\/wp-json\/wp\/v2\/tags?post=56726"}],"curies":[{"name":"wp","href":"https:\/\/api.w.org\/{rel}","templated":true}]}}