{"id":56697,"date":"2016-08-21T14:21:56","date_gmt":"2016-08-21T11:21:56","guid":{"rendered":"https:\/\/www.enerjigazetesi.ist\/?p=56697"},"modified":"2016-08-21T14:24:10","modified_gmt":"2016-08-21T11:24:10","slug":"norvecte-benzin-ve-dizel-ile-calisan-araclarin-satisina-yasak-geliyor","status":"publish","type":"post","link":"https:\/\/www.enerjigazetesi.ist\/en\/norvecte-benzin-ve-dizel-ile-calisan-araclarin-satisina-yasak-geliyor\/","title":{"rendered":"(Turkish) Norve\u00e7\u2019te Benzin ve Dizel \u0130le \u00c7al\u0131\u015fan Ara\u00e7lar\u0131n Sat\u0131\u015f\u0131na Yasak Geliyor&#8230;"},"content":{"rendered":"<p class=\"qtranxs-available-languages-message qtranxs-available-languages-message-en\">Sorry, this entry is only available in <a href=\"https:\/\/www.enerjigazetesi.ist\/tr\/wp-json\/wp\/v2\/posts\/56697\" class=\"qtranxs-available-language-link qtranxs-available-language-link-tr\" title=\"Turkish\">Turkish<\/a>. For the sake of viewer convenience, the content is shown below in the alternative language. You may click the link to switch the active language.<\/p><p><strong><span style=\"color: #000000;\">Norve\u00e7 h\u00fck\u00fcmeti iklim de\u011fi\u015fikli\u011fiyle m\u00fccadele kapsam\u0131nda \u00f6nemli bir karar almaya haz\u0131rlanmaktad\u0131r. 2025 y\u0131l\u0131 itibar\u0131yla benzin ve dizel yak\u0131t ile \u00e7al\u0131\u015fan otomobil sat\u0131\u015flar\u0131na yasak getirilecektir.<\/span><\/strong><\/p>\n<p>Norve\u00e7&#8217;in \u00f6nde gelen partiler 2025 y\u0131l\u0131nda petrolle \u00e7al\u0131\u015fan otomobillerin sat\u0131\u015f\u0131n\u0131 yasaklamak konusunda a<a href=\"https:\/\/www.enerjigazetesi.ist\/wp-content\/uploads\/2016\/01\/benzin-pompa-ppp-2378279833-696x385.jpeg\"><img loading=\"lazy\" class=\"alignright size-medium wp-image-49632\" src=\"https:\/\/www.enerjigazetesi.ist\/wp-content\/uploads\/2016\/01\/benzin-pompa-ppp-2378279833-696x385-300x165.jpeg\" alt=\"benzin-pompa-ppp-2378279833-696x385\" width=\"300\" height=\"165\" srcset=\"https:\/\/www.enerjigazetesi.ist\/wp-content\/uploads\/2016\/01\/benzin-pompa-ppp-2378279833-696x385-300x165.jpeg 300w, https:\/\/www.enerjigazetesi.ist\/wp-content\/uploads\/2016\/01\/benzin-pompa-ppp-2378279833-696x385-500x276.jpeg 500w, https:\/\/www.enerjigazetesi.ist\/wp-content\/uploads\/2016\/01\/benzin-pompa-ppp-2378279833-696x385-80x44.jpeg 80w, https:\/\/www.enerjigazetesi.ist\/wp-content\/uploads\/2016\/01\/benzin-pompa-ppp-2378279833-696x385.jpeg 696w\" sizes=\"(max-width: 300px) 100vw, 300px\" \/><\/a>nla\u015fmaya vard\u0131lar.<\/p>\n<p>Fosil yak\u0131tla \u00e7al\u0131\u015fan otomobillerin sat\u0131\u015f\u0131n\u0131n yasaklanmas\u0131n\u0131 \u00f6ng\u00f6ren d\u00fczenleme, &#8220;Ulusal Ula\u015f\u0131m Plan\u0131&#8221; ba\u015fl\u0131kl\u0131 yasa paketi kapsam\u0131nda yer al\u0131yor. Norve\u00e7 Parlamentosu&#8217;nun ula\u015ft\u0131rma komitesi ba\u015fkan\u0131 Nikolai Astrup, bu konuda uzla\u015fma sa\u011fland\u0131\u011f\u0131n\u0131 bildirdi. &#8220;Ulusal Ula\u015f\u0131m Plan\u0131&#8221;n\u0131n \u00f6n\u00fcm\u00fczdeki y\u0131l\u0131n bahar aylar\u0131nda parlamentoda ele al\u0131nmas\u0131 bekleniyor.<\/p>\n<p style=\"color: #3e3e3e;\"><strong><span style=\"color: #000000;\">Elektrik Y\u00fczde 100 Yenilenebilir Enerji&#8217;den Sa\u011flan\u0131yor<\/span><\/strong><\/p>\n<p>Norve\u00e7, zengin petrol ve do\u011falgaz rezervlerine ra\u011fmen elektrik ihtiyac\u0131n\u0131n y\u00fczde 100&#8217;\u00fcn\u00fc su ve r\u00fczgar gibi yenilenebilir kaynaklardan kar\u015f\u0131lamaktad\u0131r.<\/p>\n<p style=\"color: #3e3e3e;\">Elektrikli otomobillerin sat\u0131\u015f\u0131 uzun y\u0131llard\u0131r Norve\u00e7&#8217;te devlet taraf\u0131ndan te\u015fvik ediliyor. Bu kapsamda sa\u011flanan vergi indirimleri elektrikli otomobil sat\u0131\u015flar\u0131n\u0131 ciddi oranda art\u0131rd\u0131. Buna kar\u015f\u0131l\u0131k devletin gelir kayb\u0131 243 milyon euroya ula\u015ft\u0131.<\/p>\n<p><span style=\"color: #000000;\"><strong>Te\u015fvikler geri al\u0131nacak<\/strong><br \/>\n<\/span><br \/>\nNorve\u00e7 Parlamentosu&#8217;nun ula\u015ft\u0131rma komitesi ba\u015fkan\u0131 Nikolai Astrup devletin gelir kayb\u0131n\u0131n h\u0131zla art\u0131\u015f\u0131 nedeniyle elektrikli otomobile sa\u011flanan te\u015fviklerin 2017&#8217;den itibaren kademeli olarak geri al\u0131naca\u011f\u0131n\u0131\u00a0a\u00e7\u0131klad\u0131.<\/p>\n<p style=\"color: #3e3e3e;\">Elektrikli otomobillere \u015fimdiye kadar otob\u00fcs \u015feritlerini kullanma izni veriliyordu. B\u00f6ylece elektrikli ara\u00e7 sahipleri, i\u015f \u00e7\u0131k\u0131\u015f\u0131 yo\u011funla\u015fan ak\u015fam trafi\u011finde yolda harcad\u0131klar\u0131 s\u00fcreyi yar\u0131ya indirebiliyordu. Artan elektrikli ara\u00e7 say\u0131s\u0131 nedeniyle bir\u00e7ok belediye bu hakk\u0131 k\u0131s\u0131tlama karar\u0131 ald\u0131. Elektrikli ara\u00e7 sahiplerine sunulan bedava park yeri imk\u00e2n\u0131n\u0131n devam edip etmeyece\u011fine de yerel y\u00f6netimlerin karar verece\u011fi\u00a0belirtildi.<\/p>\n<p style=\"color: #3e3e3e;\">Kaynak:\u00a0<a href=\"http:\/\/www.dw.com\/tr\/norve%C3%A7-benzin-ve-dizel-ile-%C3%A7al%C4%B1%C5%9Fan-otomobilleri-yasaklayacak\/a-19477762\" target=\"_blank\" rel=\"nofollow\">\u00a9 Deutsche Welle T\u00fcrk\u00e7e<\/a><\/p>\n<p><\/p>","protected":false},"excerpt":{"rendered":"<p>Sorry, this entry is only available in Turkish. For the sake of viewer convenience, the content is shown below in the alternative language. You may click the link to switch the active language.Norve\u00e7 h\u00fck\u00fcmeti iklim de\u011fi\u015fikli\u011fiyle m\u00fccadele kapsam\u0131nda \u00f6nemli bir karar almaya haz\u0131rlanmaktad\u0131r. 2025 y\u0131l\u0131 itibar\u0131yla benzin ve dizel yak\u0131t ile \u00e7al\u0131\u015fan otomobil sat\u0131\u015flar\u0131na yasak [&hellip;]<\/p>\n","protected":false},"author":1,"featured_media":49632,"comment_status":"open","ping_status":"open","sticky":false,"template":"","format":"standard","meta":[],"categories":[51,53,44,157],"tags":[31200,215,1270,63,67,1009,165,6331,2077],"views":1043,"_links":{"self":[{"href":"https:\/\/www.enerjigazetesi.ist\/en\/wp-json\/wp\/v2\/posts\/56697"}],"collection":[{"href":"https:\/\/www.enerjigazetesi.ist\/en\/wp-json\/wp\/v2\/posts"}],"about":[{"href":"https:\/\/www.enerjigazetesi.ist\/en\/wp-json\/wp\/v2\/types\/post"}],"author":[{"embeddable":true,"href":"https:\/\/www.enerjigazetesi.ist\/en\/wp-json\/wp\/v2\/users\/1"}],"replies":[{"embeddable":true,"href":"https:\/\/www.enerjigazetesi.ist\/en\/wp-json\/wp\/v2\/comments?post=56697"}],"version-history":[{"count":4,"href":"https:\/\/www.enerjigazetesi.ist\/en\/wp-json\/wp\/v2\/posts\/56697\/revisions"}],"predecessor-version":[{"id":56701,"href":"https:\/\/www.enerjigazetesi.ist\/en\/wp-json\/wp\/v2\/posts\/56697\/revisions\/56701"}],"wp:featuredmedia":[{"embeddable":true,"href":"https:\/\/www.enerjigazetesi.ist\/en\/wp-json\/wp\/v2\/media\/49632"}],"wp:attachment":[{"href":"https:\/\/www.enerjigazetesi.ist\/en\/wp-json\/wp\/v2\/media?parent=56697"}],"wp:term":[{"taxonomy":"category","embeddable":true,"href":"https:\/\/www.enerjigazetesi.ist\/en\/wp-json\/wp\/v2\/categories?post=56697"},{"taxonomy":"post_tag","embeddable":true,"href":"https:\/\/www.enerjigazetesi.ist\/en\/wp-json\/wp\/v2\/tags?post=56697"}],"curies":[{"name":"wp","href":"https:\/\/api.w.org\/{rel}","templated":true}]}}