{"id":56672,"date":"2016-08-20T10:45:31","date_gmt":"2016-08-20T07:45:31","guid":{"rendered":"https:\/\/www.enerjigazetesi.ist\/?p=56672"},"modified":"2016-08-20T10:45:31","modified_gmt":"2016-08-20T07:45:31","slug":"ilk-alti-ayda-428mwlik-ruzgar-santrali-devreye-girdi","status":"publish","type":"post","link":"https:\/\/www.enerjigazetesi.ist\/en\/ilk-alti-ayda-428mwlik-ruzgar-santrali-devreye-girdi\/","title":{"rendered":"(Turkish) \u0130lk Alt\u0131 Ayda 428MW&#8217;l\u0131k R\u00fczgar Santrali Devreye Girdi&#8230;"},"content":{"rendered":"<p class=\"qtranxs-available-languages-message qtranxs-available-languages-message-en\">Sorry, this entry is only available in <a href=\"https:\/\/www.enerjigazetesi.ist\/tr\/wp-json\/wp\/v2\/posts\/56672\" class=\"qtranxs-available-language-link qtranxs-available-language-link-tr\" title=\"Turkish\">Turkish<\/a>. For the sake of viewer convenience, the content is shown below in the alternative language. You may click the link to switch the active language.<\/p><p><\/p>\n<p class=\"selectionShareable\" style=\"color: #0a0a0a;\"><strong>T\u00fcrkiye\u2019nin r\u00fczgar enerjisinde kurulu g\u00fcc\u00fc bu y\u0131l\u0131n ilk alt\u0131 ay\u0131nda 428 megavatl\u0131k santralin i\u015fletmeye al\u0131nmas\u0131yla birlikte toplamda 5 bin 146 megavat g\u00fcce ula\u015ft\u0131.<\/strong><span id=\"more-83140\"><\/span><\/p>\n<p class=\"selectionShareable\" style=\"color: #0a0a0a;\">T\u00fcrkiye R\u00fczgar Enerjisi Birli\u011finin (T\u00dcREB) 6 ayda bir a\u00e7\u0131klad\u0131\u011f\u0131 R\u00fczgar Enerjisi \u0130statistikleri Raporu yay\u0131mland\u0131. Rapora g\u00f6re, i\u015fletmedeki r\u00fczgar enerjisi santrallerinin (RES) kurulu g\u00fc\u00e7 bak\u0131m\u0131ndan y\u00fczde 75\u2019i Ege ve Marmara b\u00f6lgele<a href=\"https:\/\/www.enerjigazetesi.ist\/wp-content\/uploads\/2014\/12\/turkiyenin-en-buyuk-ruzgar-santrali.jpg\"><img loading=\"lazy\" class=\"alignright size-medium wp-image-34658\" src=\"https:\/\/www.enerjigazetesi.ist\/wp-content\/uploads\/2014\/12\/turkiyenin-en-buyuk-ruzgar-santrali-300x200.jpg\" alt=\"ruzgar-santrali\" width=\"300\" height=\"200\" srcset=\"https:\/\/www.enerjigazetesi.ist\/wp-content\/uploads\/2014\/12\/turkiyenin-en-buyuk-ruzgar-santrali-300x200.jpg 300w, https:\/\/www.enerjigazetesi.ist\/wp-content\/uploads\/2014\/12\/turkiyenin-en-buyuk-ruzgar-santrali-500x334.jpg 500w, https:\/\/www.enerjigazetesi.ist\/wp-content\/uploads\/2014\/12\/turkiyenin-en-buyuk-ruzgar-santrali-74x50.jpg 74w, https:\/\/www.enerjigazetesi.ist\/wp-content\/uploads\/2014\/12\/turkiyenin-en-buyuk-ruzgar-santrali.jpg 640w\" sizes=\"(max-width: 300px) 100vw, 300px\" \/><\/a>rinde bulunuyor.<\/p>\n<p class=\"selectionShareable\" style=\"color: #0a0a0a;\">Y\u0131l\u0131n ilk yar\u0131s\u0131nda il baz\u0131ndaki s\u0131ralama de\u011fi\u015fmedi, Bal\u0131kesir\u2019in 970 megavatla birinci oldu\u011fu r\u00fczgar enerjisinde, 936 megavatla \u0130zmir ikinci, 575 megavatla Manisa \u00fc\u00e7\u00fcnc\u00fc s\u0131rada yer ald\u0131. \u0130lk alt\u0131 ayda 428 megavatl\u0131k santralin i\u015fletmeye al\u0131nmas\u0131yla kurulu g\u00fc\u00e7 5 bin 146 megavata ula\u015ft\u0131.<\/p>\n<p class=\"selectionShareable\" style=\"color: #0a0a0a;\">\u0130n\u015faat\u0131 ba\u015flamam\u0131\u015f 86 adet lisansl\u0131 RES\u2019in toplam kurulu g\u00fcc\u00fc 3 bin 244 megavat\u0131 buldu, b\u00f6lgelere g\u00f6re da\u011f\u0131l\u0131m\u0131nda bin 672 megavatla Marmara ilk s\u0131rada, 683 megavatla Ege ikinci, 352 megavatla da \u0130\u00e7 Anadolu B\u00f6lgesi \u00fc\u00e7\u00fcnc\u00fc s\u0131rada yer ald\u0131.<\/p>\n<p class=\"selectionShareable\" style=\"color: #0a0a0a;\">\u0130n\u015faat\u0131 ba\u015flamam\u0131\u015f RES\u2019lerin illere g\u00f6re da\u011f\u0131l\u0131m\u0131nda ise 456 megavatla \u00c7anakkale ilk s\u0131rada yer ald\u0131, bunu 236 megavat ile Konya ve 219 megavat ile Bal\u0131kesir\u00a0takip etti.<\/p>\n<p class=\"selectionShareable\" style=\"color: #0a0a0a;\">Ge\u00e7en y\u0131l\u0131n sonunda 5,5 milyon hanenin elektri\u011fi r\u00fczgardan kar\u015f\u0131land\u0131. Bu y\u0131l\u0131n ilk yar\u0131s\u0131nda ise buna 500 bin hane daha eklendi ve bu say\u0131 6 milyona ula\u015fm\u0131\u015f oldu.<\/p>\n<p><\/p>","protected":false},"excerpt":{"rendered":"<p>Sorry, this entry is only available in Turkish. For the sake of viewer convenience, the content is shown below in the alternative language. You may click the link to switch the active language. T\u00fcrkiye\u2019nin r\u00fczgar enerjisinde kurulu g\u00fcc\u00fc bu y\u0131l\u0131n ilk alt\u0131 ay\u0131nda 428 megavatl\u0131k santralin i\u015fletmeye al\u0131nmas\u0131yla birlikte toplamda 5 bin 146 megavat g\u00fcce [&hellip;]<\/p>\n","protected":false},"author":1,"featured_media":34658,"comment_status":"open","ping_status":"open","sticky":false,"template":"","format":"standard","meta":[],"categories":[53,50],"tags":[63,67,1009,2698,165,474,69,16,5132,23318,17608,22615,312,4784,1682,3390,31187,105],"views":1543,"_links":{"self":[{"href":"https:\/\/www.enerjigazetesi.ist\/en\/wp-json\/wp\/v2\/posts\/56672"}],"collection":[{"href":"https:\/\/www.enerjigazetesi.ist\/en\/wp-json\/wp\/v2\/posts"}],"about":[{"href":"https:\/\/www.enerjigazetesi.ist\/en\/wp-json\/wp\/v2\/types\/post"}],"author":[{"embeddable":true,"href":"https:\/\/www.enerjigazetesi.ist\/en\/wp-json\/wp\/v2\/users\/1"}],"replies":[{"embeddable":true,"href":"https:\/\/www.enerjigazetesi.ist\/en\/wp-json\/wp\/v2\/comments?post=56672"}],"version-history":[{"count":1,"href":"https:\/\/www.enerjigazetesi.ist\/en\/wp-json\/wp\/v2\/posts\/56672\/revisions"}],"predecessor-version":[{"id":56673,"href":"https:\/\/www.enerjigazetesi.ist\/en\/wp-json\/wp\/v2\/posts\/56672\/revisions\/56673"}],"wp:featuredmedia":[{"embeddable":true,"href":"https:\/\/www.enerjigazetesi.ist\/en\/wp-json\/wp\/v2\/media\/34658"}],"wp:attachment":[{"href":"https:\/\/www.enerjigazetesi.ist\/en\/wp-json\/wp\/v2\/media?parent=56672"}],"wp:term":[{"taxonomy":"category","embeddable":true,"href":"https:\/\/www.enerjigazetesi.ist\/en\/wp-json\/wp\/v2\/categories?post=56672"},{"taxonomy":"post_tag","embeddable":true,"href":"https:\/\/www.enerjigazetesi.ist\/en\/wp-json\/wp\/v2\/tags?post=56672"}],"curies":[{"name":"wp","href":"https:\/\/api.w.org\/{rel}","templated":true}]}}