{"id":56635,"date":"2016-08-19T14:27:38","date_gmt":"2016-08-19T11:27:38","guid":{"rendered":"https:\/\/www.enerjigazetesi.ist\/?p=56635"},"modified":"2016-08-19T14:29:19","modified_gmt":"2016-08-19T11:29:19","slug":"ingiltere-ve-cin-arasinda-yasanan-nukleer-santral-gerilimi","status":"publish","type":"post","link":"https:\/\/www.enerjigazetesi.ist\/en\/ingiltere-ve-cin-arasinda-yasanan-nukleer-santral-gerilimi\/","title":{"rendered":"(Turkish) \u0130ngiltere ve \u00c7in Aras\u0131nda Ya\u015fanan N\u00fckleer Santral Gerilimi&#8230;"},"content":{"rendered":"<p class=\"qtranxs-available-languages-message qtranxs-available-languages-message-en\">Sorry, this entry is only available in <a href=\"https:\/\/www.enerjigazetesi.ist\/tr\/wp-json\/wp\/v2\/posts\/56635\" class=\"qtranxs-available-language-link qtranxs-available-language-link-tr\" title=\"Turkish\">Turkish<\/a>. For the sake of viewer convenience, the content is shown below in the alternative language. You may click the link to switch the active language.<\/p><p><\/p>\n<p class=\"selectionShareable\" style=\"color: #0a0a0a;\"><strong>\u0130ngiltere&#8217;nin \u0130\u015f, Enerji ve End\u00fcstriyel Strateji Bakan\u0131 Greg Clark\u2019\u0131n \u0130ngiltere\u2019de 20 y\u0131l sonra in\u015fa edilecek ilk n\u00fckleer santralle ilgili anla\u015fma imzalamas\u0131 sonras\u0131\u00a0son anda (29 Temmuz) ertelendi\u011finin bildirilmesi \u0130ngiltere ve \u00c7in aras\u0131nda so\u011fuk r\u00fczgarlar\u0131n esmesine\u00a0neden oldu.<\/strong><span id=\"more-83119\"><\/span><\/p>\n<p class=\"selectionShareable\" style=\"color: #0a0a0a;\">23 Haziran\u2019daki Avrupa Birli\u011fi (AB) referandumundan Brexit karar\u0131n\u0131n \u00e7\u0131kmas\u0131n\u0131n ard\u0131ndan h\u0131zl\u0131 bir \u015fekilde selefi David Cameron\u2019\u0131n koltu\u011funa oturan Ba\u015fbakan Theresa May\u2019in ilk icraatlar\u0131ndan birisi \u00fclkenin g\u00fcneyinde yap\u0131lmas\u0131 planlanan \u201cHinkey Point\u201d n\u00fckle<a href=\"https:\/\/www.enerjigazetesi.ist\/wp-content\/uploads\/2015\/11\/n\u00fckleer-santral-2222222222289687-696x385.jpg\"><img loading=\"lazy\" class=\"alignleft size-medium wp-image-46669\" src=\"https:\/\/www.enerjigazetesi.ist\/wp-content\/uploads\/2015\/11\/n\u00fckleer-santral-2222222222289687-696x385-300x165.jpg\" alt=\"n\u00fckleer-santral-2222222222289687-696x385\" width=\"300\" height=\"165\" srcset=\"https:\/\/www.enerjigazetesi.ist\/wp-content\/uploads\/2015\/11\/n\u00fckleer-santral-2222222222289687-696x385-300x165.jpg 300w, https:\/\/www.enerjigazetesi.ist\/wp-content\/uploads\/2015\/11\/n\u00fckleer-santral-2222222222289687-696x385-500x276.jpg 500w, https:\/\/www.enerjigazetesi.ist\/wp-content\/uploads\/2015\/11\/n\u00fckleer-santral-2222222222289687-696x385-80x44.jpg 80w, https:\/\/www.enerjigazetesi.ist\/wp-content\/uploads\/2015\/11\/n\u00fckleer-santral-2222222222289687-696x385.jpg 696w\" sizes=\"(max-width: 300px) 100vw, 300px\" \/><\/a>er santral projesini durdurmak oldu. Projede \u00c7in devlet \u015firketlerinin yer almas\u0131n\u0131n \u201culusal g\u00fcvenlik\u201d sorunu yaratabilece\u011fi y\u00f6n\u00fcnde \u0130ngiliz bas\u0131n\u0131nda uzun s\u00fcredir endi\u015feler dile getiriliyor olsa da projenin son dakikada durdurulmas\u0131 \u00c7in taraf\u0131ndan ho\u015f kar\u015f\u0131lanmad\u0131.<\/p>\n<p class=\"selectionShareable\" style=\"color: #0a0a0a;\">Theresa May\u2019in ad\u0131m\u0131na \u00c7in\u2019den de bu ay ba\u015f\u0131nda kar\u015f\u0131l\u0131k geldi.<\/p>\n<p class=\"selectionShareable\" style=\"color: #0a0a0a;\">\u00c7in\u2019in \u0130ngiltere B\u00fcy\u00fckel\u00e7isi Liu Xiaoming Financal Times gazetesine yazd\u0131\u011f\u0131 makalede projenin bir an evvel onaylanmas\u0131 i\u00e7in \u0130ngiliz h\u00fck\u00fcmetine \u00e7a\u011fr\u0131da bulundu. Bir anlamda projenin iptali halinde \u00fclkedeki \u00c7in yat\u0131r\u0131mlar\u0131n\u0131n da etkilenebilece\u011fine i\u015faret eden bir diplomasi dili kulland\u0131.<\/p>\n<p class=\"selectionShareable\" style=\"color: #0a0a0a;\">Londra merkezli yat\u0131r\u0131m uzmanlar\u0131 ya\u015fanan son gerilimin ard\u0131ndan \u00c7in\u2019in \u0130ngiltere\u2019deki yat\u0131r\u0131mlar\u0131n\u0131 durdurabilece\u011fi ya da geri \u00e7ekebilece\u011fi y\u00f6n\u00fcndeki riskleri s\u0131kl\u0131kla vurgulamaya ba\u015flad\u0131. \u00d6rne\u011fin \u0130ngiliz bas\u0131n\u0131nda Hazine Bakan\u0131 Jim O\u2019Neill\u2019in \u00c7in\u2019le ya\u015fanan gerilim sebebiyle g\u00f6revinden istifa edebilece\u011fi belirtiliyor. Hatta O\u2019Neill\u2019in, yak\u0131n \u00e7evresine t\u00fcm bu ya\u015fananlardan sonra hala neden g\u00f6revde tutuldu\u011funu anlamad\u0131\u011f\u0131n\u0131 s\u00f6yledi\u011fi \u00f6ne s\u00fcr\u00fcl\u00fcyor.<\/p>\n<p class=\"selectionShareable\" style=\"color: #0a0a0a;\">\u0130ngiltere Ba\u015fbakan\u0131 May, Hinkley Point n\u00fckleer santral projesini incelemeye alarak geciktirmesinin, hatta bir nevi ask\u0131ya alma karar\u0131n\u0131n \u00c7in ile ili\u015fkileri bu denli gerebilece\u011fini biliyor muydu? B\u00fcy\u00fck ihtimalle hay\u0131r. \u0130ngiltere\u2019nin yeni Ba\u015fbakan\u0131 May \u00f6nceki kabinede \u0130\u00e7i\u015fleri Bakanl\u0131\u011f\u0131 g\u00f6revini y\u00fcr\u00fct\u00fcyordu. Nitekim son geli\u015fmeler, May\u2019in \u201cd\u0131\u015fi\u015flerindeki\u201d ilk hatas\u0131n\u0131 telafi etmeye \u00e7al\u0131\u015ft\u0131\u011f\u0131 \u015feklinde yorumlan\u0131yor.<\/p>\n<p class=\"selectionShareable\" style=\"color: #0a0a0a;\">\u0130ngiliz The Guardian gazetesinin haberine g\u00f6re \u0130ngiltere Ba\u015fbakan\u0131 May bu hafta \u00c7in Halk Cumhuriyeti Devlet Ba\u015fkan\u0131 \u015ei Cinping\u2019e iletilmek \u00fczere bir mektup yazarak \u0130ngiltere\u2019nin Asya\u2019dan Sorumlu Bakan\u0131 Alok Sharma\u2019ya teslim etti. \u0130ngiliz Ba\u015fbakanl\u0131k kaynaklar\u0131 mektubun i\u00e7eri\u011fini a\u00e7\u0131klayamayacaklar\u0131n\u0131 belirterek mektubun \u0130ngiltere ve \u00c7in\u2019in ikili ili\u015fkilerini g\u00fc\u00e7lendirmeyi ama\u00e7lad\u0131\u011f\u0131n\u0131 belirtmekle yetindi. Mektubun ikili ili\u015fkileri onarmaya yetip yetmeyece\u011fini biraz da \u00f6n\u00fcm\u00fczdeki g\u00fcnlerde n\u00fckleer santral projesinin ak\u0131beti belirleyecek gibi g\u00f6r\u00fcn\u00fcyor.<\/p>\n<p class=\"selectionShareable\" style=\"color: #0a0a0a;\">\u0130ngiltere Ba\u015fbakan\u0131 May\u2019in \u00c7in ile ili\u015fkilerin gerilmesine yol a\u00e7mas\u0131 \u0130ngiliz bas\u0131n\u0131nda da tart\u0131\u015f\u0131l\u0131yor. The Guardian gazetesinin uzun y\u0131llar Moskova, Paris, Washington ve \u00c7in muhabirli\u011fini yapan Mary Dejevsky, \u201cMay ger\u00e7ekten \u00c7in\u2019le ilgili ne d\u00fc\u015f\u00fcn\u00fcyor?\u201d ba\u015fl\u0131kl\u0131 yay\u0131nlanan makalesinde; \u201cYeni h\u00fck\u00fcmetin \u00c7in\u2019e kar\u015f\u0131 niyeti nedir? Hareketlerin arkas\u0131nda bir mant\u0131k var m\u0131, ya da bakanlar ne oldu\u011funu biliyorlar m\u0131?\u201d sorular\u0131n\u0131 y\u00f6neltmektedir.<\/p>\n<p class=\"selectionShareable\" style=\"color: #0a0a0a;\">Kaynak: <a href=\"http:\/\/enerjienstitusu.com\/2016\/08\/19\/ingiltere-ile-cin-arasinda-nukleer-santral-gerilimi\/\" target=\"_blank\" rel=\"nofollow\">Enerji Enstit\u00fcs\u00fc<\/a><\/p>\n<p><\/p>","protected":false},"excerpt":{"rendered":"<p>Sorry, this entry is only available in Turkish. For the sake of viewer convenience, the content is shown below in the alternative language. You may click the link to switch the active language. \u0130ngiltere&#8217;nin \u0130\u015f, Enerji ve End\u00fcstriyel Strateji Bakan\u0131 Greg Clark\u2019\u0131n \u0130ngiltere\u2019de 20 y\u0131l sonra in\u015fa edilecek ilk n\u00fckleer santralle ilgili anla\u015fma imzalamas\u0131 sonras\u0131\u00a0son [&hellip;]<\/p>\n","protected":false},"author":1,"featured_media":46669,"comment_status":"open","ping_status":"open","sticky":false,"template":"","format":"standard","meta":[],"categories":[53,43],"tags":[31175,2132,31176,886,63,67,1009,2698,165,31177,1092,31178,71,21,25480,23614,31179,2973],"views":769,"_links":{"self":[{"href":"https:\/\/www.enerjigazetesi.ist\/en\/wp-json\/wp\/v2\/posts\/56635"}],"collection":[{"href":"https:\/\/www.enerjigazetesi.ist\/en\/wp-json\/wp\/v2\/posts"}],"about":[{"href":"https:\/\/www.enerjigazetesi.ist\/en\/wp-json\/wp\/v2\/types\/post"}],"author":[{"embeddable":true,"href":"https:\/\/www.enerjigazetesi.ist\/en\/wp-json\/wp\/v2\/users\/1"}],"replies":[{"embeddable":true,"href":"https:\/\/www.enerjigazetesi.ist\/en\/wp-json\/wp\/v2\/comments?post=56635"}],"version-history":[{"count":3,"href":"https:\/\/www.enerjigazetesi.ist\/en\/wp-json\/wp\/v2\/posts\/56635\/revisions"}],"predecessor-version":[{"id":56638,"href":"https:\/\/www.enerjigazetesi.ist\/en\/wp-json\/wp\/v2\/posts\/56635\/revisions\/56638"}],"wp:featuredmedia":[{"embeddable":true,"href":"https:\/\/www.enerjigazetesi.ist\/en\/wp-json\/wp\/v2\/media\/46669"}],"wp:attachment":[{"href":"https:\/\/www.enerjigazetesi.ist\/en\/wp-json\/wp\/v2\/media?parent=56635"}],"wp:term":[{"taxonomy":"category","embeddable":true,"href":"https:\/\/www.enerjigazetesi.ist\/en\/wp-json\/wp\/v2\/categories?post=56635"},{"taxonomy":"post_tag","embeddable":true,"href":"https:\/\/www.enerjigazetesi.ist\/en\/wp-json\/wp\/v2\/tags?post=56635"}],"curies":[{"name":"wp","href":"https:\/\/api.w.org\/{rel}","templated":true}]}}