{"id":56617,"date":"2016-08-19T04:03:40","date_gmt":"2016-08-19T01:03:40","guid":{"rendered":"https:\/\/www.enerjigazetesi.ist\/?p=56617"},"modified":"2016-08-19T04:03:40","modified_gmt":"2016-08-19T01:03:40","slug":"cinden-dunyanin-en-guclu-gelgit-enerji-jeneratoru","status":"publish","type":"post","link":"https:\/\/www.enerjigazetesi.ist\/en\/cinden-dunyanin-en-guclu-gelgit-enerji-jeneratoru\/","title":{"rendered":"(Turkish) \u00c7in&#8217;den, D\u00fcnyan\u0131n En G\u00fc\u00e7l\u00fc Gelgit Enerji Jenerat\u00f6r\u00fc&#8230;"},"content":{"rendered":"<p class=\"qtranxs-available-languages-message qtranxs-available-languages-message-en\">Sorry, this entry is only available in <a href=\"https:\/\/www.enerjigazetesi.ist\/tr\/wp-json\/wp\/v2\/posts\/56617\" class=\"qtranxs-available-language-link qtranxs-available-language-link-tr\" title=\"Turkish\">Turkish<\/a>. For the sake of viewer convenience, the content is shown below in the alternative language. You may click the link to switch the active language.<\/p><p><\/p>\n<p class=\"selectionShareable\" style=\"color: #0a0a0a;\"><strong>\u00c7in taraf\u0131ndan ba\u011f\u0131ms\u0131z olarak geli\u015ftirilen d\u00fcnyada\u00a0ilk olan 3.4 megavatl\u0131k mod\u00fcler gelgit enerji ak\u0131m jenerat\u00f6r\u00fcn\u00fc\u00a0faaliyetine ba\u015flad\u0131.<\/strong><span id=\"more-83095\"><\/span><\/p>\n<p class=\"selectionShareable\" style=\"color: #0a0a0a;\">People\u2019s Daily&#8217;nin hab<img loading=\"lazy\" class=\"alignleft size-medium wp-image-56618\" src=\"https:\/\/www.enerjigazetesi.ist\/wp-content\/uploads\/2016\/08\/cinden-dunyanin-en-guclu-gelgit-enerji-jeneratoru-300x200.jpg\" alt=\"cinden-dunyanin-en-guclu-gelgit-enerji-jeneratoru\" width=\"300\" height=\"200\" srcset=\"https:\/\/www.enerjigazetesi.ist\/wp-content\/uploads\/2016\/08\/cinden-dunyanin-en-guclu-gelgit-enerji-jeneratoru-300x200.jpg 300w, https:\/\/www.enerjigazetesi.ist\/wp-content\/uploads\/2016\/08\/cinden-dunyanin-en-guclu-gelgit-enerji-jeneratoru-500x333.jpg 500w, https:\/\/www.enerjigazetesi.ist\/wp-content\/uploads\/2016\/08\/cinden-dunyanin-en-guclu-gelgit-enerji-jeneratoru-75x50.jpg 75w, https:\/\/www.enerjigazetesi.ist\/wp-content\/uploads\/2016\/08\/cinden-dunyanin-en-guclu-gelgit-enerji-jeneratoru.jpg 696w\" sizes=\"(max-width: 300px) 100vw, 300px\" \/>erine g\u00f6re, 27 Temmuz\u2019da Zhejiang eyaletinin Zhoushan il\u00e7esindeki Syushan Adas\u0131\u2019nda kurulan gelgit ak\u0131m jenerat\u00f6r\u00fc 15 A\u011fustos\u2019ta ilk toplu elektrik \u00fcretimini\u00a0ger\u00e7ekle\u015ftirdi.<\/p>\n<p class=\"selectionShareable\" style=\"color: #0a0a0a;\">\n7 mod\u00fcl\u00fcnden 2\u2019sinin etkin oldu\u011fu jenerat\u00f6r\u00fcn di\u011fer mod\u00fclleri, ortak \u015febekeye ba\u011flanmas\u0131n\u0131 ard\u0131ndan A\u011fustos 2016 sonuna kadar enerji \u00fcretimine ba\u015flam\u0131\u015f olacakt\u0131r.<\/p>\n<p class=\"selectionShareable\" style=\"color: #0a0a0a;\">Jenerat\u00f6r\u00fcn 5-6 milyon kilovat saatlik y\u0131ll\u0131k enerji \u00fcretimi ile 2-3 bin haneye elektrik sa\u011flanacakt\u0131r.<\/p>\n<p class=\"selectionShareable\" style=\"color: #0a0a0a;\">Jenerat\u00f6r tam kapasitede\u00a0\u00e7al\u0131\u015ft\u0131\u011f\u0131nda ise d\u00fcnyadaki mevcut jenerat\u00f6rlerin en g\u00fc\u00e7l\u00fcs\u00fc\u00a0haline gelecektir.<\/p>\n<p><\/p>","protected":false},"excerpt":{"rendered":"<p>Sorry, this entry is only available in Turkish. For the sake of viewer convenience, the content is shown below in the alternative language. You may click the link to switch the active language. \u00c7in taraf\u0131ndan ba\u011f\u0131ms\u0131z olarak geli\u015ftirilen d\u00fcnyada\u00a0ilk olan 3.4 megavatl\u0131k mod\u00fcler gelgit enerji ak\u0131m jenerat\u00f6r\u00fcn\u00fc\u00a0faaliyetine ba\u015flad\u0131. People\u2019s Daily&#8217;nin haberine g\u00f6re, 27 Temmuz\u2019da Zhejiang [&hellip;]<\/p>\n","protected":false},"author":1,"featured_media":56618,"comment_status":"open","ping_status":"open","sticky":false,"template":"","format":"standard","meta":[],"categories":[51,53],"tags":[886,19,31167,63,67,1009,2698,165,31168],"views":1653,"_links":{"self":[{"href":"https:\/\/www.enerjigazetesi.ist\/en\/wp-json\/wp\/v2\/posts\/56617"}],"collection":[{"href":"https:\/\/www.enerjigazetesi.ist\/en\/wp-json\/wp\/v2\/posts"}],"about":[{"href":"https:\/\/www.enerjigazetesi.ist\/en\/wp-json\/wp\/v2\/types\/post"}],"author":[{"embeddable":true,"href":"https:\/\/www.enerjigazetesi.ist\/en\/wp-json\/wp\/v2\/users\/1"}],"replies":[{"embeddable":true,"href":"https:\/\/www.enerjigazetesi.ist\/en\/wp-json\/wp\/v2\/comments?post=56617"}],"version-history":[{"count":1,"href":"https:\/\/www.enerjigazetesi.ist\/en\/wp-json\/wp\/v2\/posts\/56617\/revisions"}],"predecessor-version":[{"id":56619,"href":"https:\/\/www.enerjigazetesi.ist\/en\/wp-json\/wp\/v2\/posts\/56617\/revisions\/56619"}],"wp:featuredmedia":[{"embeddable":true,"href":"https:\/\/www.enerjigazetesi.ist\/en\/wp-json\/wp\/v2\/media\/56618"}],"wp:attachment":[{"href":"https:\/\/www.enerjigazetesi.ist\/en\/wp-json\/wp\/v2\/media?parent=56617"}],"wp:term":[{"taxonomy":"category","embeddable":true,"href":"https:\/\/www.enerjigazetesi.ist\/en\/wp-json\/wp\/v2\/categories?post=56617"},{"taxonomy":"post_tag","embeddable":true,"href":"https:\/\/www.enerjigazetesi.ist\/en\/wp-json\/wp\/v2\/tags?post=56617"}],"curies":[{"name":"wp","href":"https:\/\/api.w.org\/{rel}","templated":true}]}}