{"id":56572,"date":"2016-08-18T01:39:54","date_gmt":"2016-08-17T22:39:54","guid":{"rendered":"https:\/\/www.enerjigazetesi.ist\/?p=56572"},"modified":"2016-08-18T01:39:54","modified_gmt":"2016-08-17T22:39:54","slug":"abdden-rusyanin-gaz-anlasmalarini-bloke-icin-avrupaya-baski","status":"publish","type":"post","link":"https:\/\/www.enerjigazetesi.ist\/en\/abdden-rusyanin-gaz-anlasmalarini-bloke-icin-avrupaya-baski\/","title":{"rendered":"(Turkish) ABD&#8217;den Rusya\u2019n\u0131n Gaz Anla\u015fmalar\u0131n\u0131 Bloke \u0130\u00e7in Avrupa\u2019ya Bask\u0131!"},"content":{"rendered":"<p class=\"qtranxs-available-languages-message qtranxs-available-languages-message-en\">Sorry, this entry is only available in <a href=\"https:\/\/www.enerjigazetesi.ist\/tr\/wp-json\/wp\/v2\/posts\/56572\" class=\"qtranxs-available-language-link qtranxs-available-language-link-tr\" title=\"Turkish\">Turkish<\/a>. For the sake of viewer convenience, the content is shown below in the alternative language. You may click the link to switch the active language.<\/p><p><\/p>\n<p class=\"selectionShareable\" style=\"color: #0a0a0a;\"><strong>Avusturya\u2019da yay\u0131mlanan Die Presse, ABD\u2019nin, Rusya\u2019yla yapmay\u0131 planlad\u0131klar\u0131 enerji anla\u015fmalar\u0131n\u0131 bloke etmek i\u00e7in Avrupa \u00fclkelerine bask\u0131s\u0131n\u0131\u00a0haber olarak yay\u0131mlad\u0131.<\/strong><span id=\"more-83068\"><\/span><\/p>\n<p class=\"selectionShareable\" style=\"color: #0a0a0a;\">Die Presse gazetesine g\u00f6re, bunun \u00f6rneklerinden birinin ABD\u2019nin Rus enerji devi Gazprom ile Viyana merkezli OMV\u2019nin imzalamay\u0131 planlad\u0131\u011f\u0131 bir anla\u015fma oldu\u011fu belirtildi.<\/p>\n<p class=\"selectionShareable\" style=\"color: #0a0a0a;\">Gazprom ve OMV\u2019nin Sibirya <a href=\"https:\/\/www.enerjigazetesi.ist\/wp-content\/uploads\/2016\/08\/Cp-uwEpWIAAafOg.jpg\"><img loading=\"lazy\" class=\"alignleft size-medium wp-image-56573\" src=\"https:\/\/www.enerjigazetesi.ist\/wp-content\/uploads\/2016\/08\/Cp-uwEpWIAAafOg-300x162.jpg\" alt=\"Cp-uwEpWIAAafOg\" width=\"300\" height=\"162\" srcset=\"https:\/\/www.enerjigazetesi.ist\/wp-content\/uploads\/2016\/08\/Cp-uwEpWIAAafOg-300x162.jpg 300w, https:\/\/www.enerjigazetesi.ist\/wp-content\/uploads\/2016\/08\/Cp-uwEpWIAAafOg-500x270.jpg 500w, https:\/\/www.enerjigazetesi.ist\/wp-content\/uploads\/2016\/08\/Cp-uwEpWIAAafOg-80x43.jpg 80w, https:\/\/www.enerjigazetesi.ist\/wp-content\/uploads\/2016\/08\/Cp-uwEpWIAAafOg.jpg 1000w\" sizes=\"(max-width: 300px) 100vw, 300px\" \/><\/a>ve Norve\u00e7\u2019te bulunan petrol projelerindeki hisselerinin belirli bir b\u00f6l\u00fcm\u00fcn\u00fc birbirleriyle takas etmeleri planlan\u0131yordu. Fakat Norve\u00e7, Gazprom\u2019un kendi kara sular\u0131nda petrol \u00e7\u0131karacak olmas\u0131n\u0131 iyi kar\u015f\u0131lamad\u0131. Nitekim gazeteye g\u00f6re, hisse takas\u0131 anla\u015fmas\u0131n\u0131n ilan edilmesi ard\u0131ndan ABD Norve\u00e7\u2019e, bizzat da Enerji Bakan\u0131 Tord Lien\u2019e bask\u0131 yapt\u0131.<\/p>\n<p class=\"selectionShareable\" style=\"color: #0a0a0a;\">Die Presse\u2019nin kaynaklar\u0131na g\u00f6re ABD\u2019nin m\u00fcdahale etti\u011fi enerji anla\u015fmalar\u0131 OMV\u2019yle yap\u0131lanlarla da s\u0131n\u0131rl\u0131 kalm\u0131yor. Zira ABD, Kuzey Ak\u0131m-2 projesi de dahil olmak \u00fczere Avrupa \u00fclkeleri ve Rusya aras\u0131ndaki gaz anla\u015fmalar\u0131n\u0131 bozmak i\u00e7in \u2018her seviye etkinlik g\u00f6steriyor.\u2019<\/p>\n<p class=\"selectionShareable\" style=\"color: #0a0a0a;\"><strong>DAN\u0130MARKA&#8217;YA DA BASKI<\/strong><\/p>\n<p class=\"selectionShareable\" style=\"color: #0a0a0a;\">\u201cS\u00f6zgelimi Danimarka boru hatt\u0131n\u0131n (Kuzey Ak\u0131m) geni\u015fletilmesine kar\u015f\u0131 olmad\u0131\u011f\u0131 ama Washington\u2019\u0131 g\u00fccendirmek de istemedi\u011fi i\u00e7in kendini \u00e7aresiz bir durumda buldu\u011fundan \u015fikayet ediyor. Polonya ise tam tersine ABD\u2019ye teslim olmu\u015f durumda\u201d denilen Die Presse\u2019de yer alan haber de \u015fu ifadelere yer verildi: \u201cGazprom, Shell, OMV, Engie, Uniper ve Wintershall \u015firketleri Kuzey Ak\u0131m-2 projesi i\u00e7in konsorsiyum kurma planlar\u0131ndan vazge\u00e7ti. Bunun sebebi Polonya\u2019n\u0131n projeyi bloke etmesiydi.\u201d<\/p>\n<p class=\"selectionShareable\" style=\"color: #0a0a0a;\">Kaynak: <a href=\"http:\/\/tr.sputniknews.com\/avrupa\/20160817\/1024419837\/abd-rusya-gaz-anlasmalarini-bloke-etmek-icin-avrupaya-baski-yapiyor.html\" target=\"_blank\" rel=\"nofollow\">Sputnik<\/a><\/p>\n<p><\/p>","protected":false},"excerpt":{"rendered":"<p>Sorry, this entry is only available in Turkish. For the sake of viewer convenience, the content is shown below in the alternative language. You may click the link to switch the active language. Avusturya\u2019da yay\u0131mlanan Die Presse, ABD\u2019nin, Rusya\u2019yla yapmay\u0131 planlad\u0131klar\u0131 enerji anla\u015fmalar\u0131n\u0131 bloke etmek i\u00e7in Avrupa \u00fclkelerine bask\u0131s\u0131n\u0131\u00a0haber olarak yay\u0131mlad\u0131. Die Presse gazetesine g\u00f6re, [&hellip;]<\/p>\n","protected":false},"author":1,"featured_media":56573,"comment_status":"open","ping_status":"open","sticky":false,"template":"","format":"standard","meta":[],"categories":[46,53],"tags":[1198,92,876,226,19761,2092,2677,63,67,1009,2698,165,1277,25467,2818,31142],"views":1118,"_links":{"self":[{"href":"https:\/\/www.enerjigazetesi.ist\/en\/wp-json\/wp\/v2\/posts\/56572"}],"collection":[{"href":"https:\/\/www.enerjigazetesi.ist\/en\/wp-json\/wp\/v2\/posts"}],"about":[{"href":"https:\/\/www.enerjigazetesi.ist\/en\/wp-json\/wp\/v2\/types\/post"}],"author":[{"embeddable":true,"href":"https:\/\/www.enerjigazetesi.ist\/en\/wp-json\/wp\/v2\/users\/1"}],"replies":[{"embeddable":true,"href":"https:\/\/www.enerjigazetesi.ist\/en\/wp-json\/wp\/v2\/comments?post=56572"}],"version-history":[{"count":1,"href":"https:\/\/www.enerjigazetesi.ist\/en\/wp-json\/wp\/v2\/posts\/56572\/revisions"}],"predecessor-version":[{"id":56574,"href":"https:\/\/www.enerjigazetesi.ist\/en\/wp-json\/wp\/v2\/posts\/56572\/revisions\/56574"}],"wp:featuredmedia":[{"embeddable":true,"href":"https:\/\/www.enerjigazetesi.ist\/en\/wp-json\/wp\/v2\/media\/56573"}],"wp:attachment":[{"href":"https:\/\/www.enerjigazetesi.ist\/en\/wp-json\/wp\/v2\/media?parent=56572"}],"wp:term":[{"taxonomy":"category","embeddable":true,"href":"https:\/\/www.enerjigazetesi.ist\/en\/wp-json\/wp\/v2\/categories?post=56572"},{"taxonomy":"post_tag","embeddable":true,"href":"https:\/\/www.enerjigazetesi.ist\/en\/wp-json\/wp\/v2\/tags?post=56572"}],"curies":[{"name":"wp","href":"https:\/\/api.w.org\/{rel}","templated":true}]}}