{"id":56555,"date":"2016-08-17T11:40:42","date_gmt":"2016-08-17T08:40:42","guid":{"rendered":"https:\/\/www.enerjigazetesi.ist\/?p=56555"},"modified":"2016-08-17T11:40:42","modified_gmt":"2016-08-17T08:40:42","slug":"rusya-ekim-ayinda-opec-temsilcileri-ile-biraraya-geliyor","status":"publish","type":"post","link":"https:\/\/www.enerjigazetesi.ist\/en\/rusya-ekim-ayinda-opec-temsilcileri-ile-biraraya-geliyor\/","title":{"rendered":"(Turkish) Rusya Ekim Ay\u0131nda OPEC Temsilcileri \u0130le Biraraya Geliyor&#8230;"},"content":{"rendered":"<p class=\"qtranxs-available-languages-message qtranxs-available-languages-message-en\">Sorry, this entry is only available in <a href=\"https:\/\/www.enerjigazetesi.ist\/tr\/wp-json\/wp\/v2\/posts\/56555\" class=\"qtranxs-available-language-link qtranxs-available-language-link-tr\" title=\"Turkish\">Turkish<\/a>. For the sake of viewer convenience, the content is shown below in the alternative language. You may click the link to switch the active language.<\/p><p><\/p>\n<p class=\"selectionShareable\" style=\"color: #0a0a0a;\"><strong>Rusya Enerji Bakan\u0131 Novak\u2019\u0131n, kesin tarihi hen\u00fcz belli olmamakla birlikte, ekim ay\u0131 i\u00e7erisinde\u00a0OPEC temsilcileriyle Viyana\u2019da bir g\u00f6r\u00fc\u015fme ger\u00e7ekle\u015ftirece\u011fi\u00a0a\u00e7\u0131klamas\u0131 yap\u0131ld\u0131.<a href=\"https:\/\/www.enerjigazetesi.ist\/wp-content\/uploads\/2016\/02\/opec-2782382379823-696x385.jpg\"><img loading=\"lazy\" class=\"alignright size-medium wp-image-50264\" src=\"https:\/\/www.enerjigazetesi.ist\/wp-content\/uploads\/2016\/02\/opec-2782382379823-696x385-300x165.jpg\" alt=\"opec-2782382379823-696x385\" width=\"300\" height=\"165\" srcset=\"https:\/\/www.enerjigazetesi.ist\/wp-content\/uploads\/2016\/02\/opec-2782382379823-696x385-300x165.jpg 300w, https:\/\/www.enerjigazetesi.ist\/wp-content\/uploads\/2016\/02\/opec-2782382379823-696x385-500x276.jpg 500w, https:\/\/www.enerjigazetesi.ist\/wp-content\/uploads\/2016\/02\/opec-2782382379823-696x385-80x44.jpg 80w, https:\/\/www.enerjigazetesi.ist\/wp-content\/uploads\/2016\/02\/opec-2782382379823-696x385.jpg 696w\" sizes=\"(max-width: 300px) 100vw, 300px\" \/><\/a><\/strong><span id=\"more-83052\"><\/span><\/p>\n<p class=\"selectionShareable\" style=\"color: #0a0a0a;\">Rusya Enerji Bakan\u0131 Aleksandr Novak\u2019\u0131n, ekim ay\u0131nda Petrol \u0130hra\u00e7 Eden \u00dclkeler \u00d6rg\u00fct\u00fc (OPEC) temsilcileriyle Viyana\u2019da bir araya gelece\u011fi\u00a0belirtildi.<\/p>\n<p class=\"selectionShareable\" style=\"color: #0a0a0a;\">Rusya Enerji Bakanl\u0131\u011f\u0131 bas\u0131n merkezinin a\u00e7\u0131klamas\u0131nda, Novak\u2019\u0131n, kesin tarihi hen\u00fcz belli olmamakla birlikte, ekim ay\u0131 i\u00e7inde OPEC temsilcileriyle Viyana\u2019da bir g\u00f6r\u00fc\u015fme ger\u00e7ekle\u015ftirilece\u011fi\u00a0s\u00f6ylendi.<\/p>\n<p class=\"selectionShareable\" style=\"color: #0a0a0a;\">OPEC \u00fcyelerinin, 26-28 Eyl\u00fcl tarihleri aras\u0131nda Cezayir\u2019de d\u00fczenlenecek \u201cUluslararas\u0131 Enerji Forumu\u201d s\u0131ras\u0131nda g\u00f6r\u00fc\u015fmeler ger\u00e7ekle\u015ftirmesi bekleniyor.<\/p>\n<p><\/p>","protected":false},"excerpt":{"rendered":"<p>Sorry, this entry is only available in Turkish. For the sake of viewer convenience, the content is shown below in the alternative language. You may click the link to switch the active language. Rusya Enerji Bakan\u0131 Novak\u2019\u0131n, kesin tarihi hen\u00fcz belli olmamakla birlikte, ekim ay\u0131 i\u00e7erisinde\u00a0OPEC temsilcileriyle Viyana\u2019da bir g\u00f6r\u00fc\u015fme ger\u00e7ekle\u015ftirece\u011fi\u00a0a\u00e7\u0131klamas\u0131 yap\u0131ld\u0131. Rusya Enerji Bakan\u0131 [&hellip;]<\/p>\n","protected":false},"author":1,"featured_media":50264,"comment_status":"open","ping_status":"open","sticky":false,"template":"","format":"standard","meta":[],"categories":[53,44],"tags":[63,67,1009,2698,165,1377,59,79,2388,6790,887,2522,885,31119],"views":571,"_links":{"self":[{"href":"https:\/\/www.enerjigazetesi.ist\/en\/wp-json\/wp\/v2\/posts\/56555"}],"collection":[{"href":"https:\/\/www.enerjigazetesi.ist\/en\/wp-json\/wp\/v2\/posts"}],"about":[{"href":"https:\/\/www.enerjigazetesi.ist\/en\/wp-json\/wp\/v2\/types\/post"}],"author":[{"embeddable":true,"href":"https:\/\/www.enerjigazetesi.ist\/en\/wp-json\/wp\/v2\/users\/1"}],"replies":[{"embeddable":true,"href":"https:\/\/www.enerjigazetesi.ist\/en\/wp-json\/wp\/v2\/comments?post=56555"}],"version-history":[{"count":1,"href":"https:\/\/www.enerjigazetesi.ist\/en\/wp-json\/wp\/v2\/posts\/56555\/revisions"}],"predecessor-version":[{"id":56556,"href":"https:\/\/www.enerjigazetesi.ist\/en\/wp-json\/wp\/v2\/posts\/56555\/revisions\/56556"}],"wp:featuredmedia":[{"embeddable":true,"href":"https:\/\/www.enerjigazetesi.ist\/en\/wp-json\/wp\/v2\/media\/50264"}],"wp:attachment":[{"href":"https:\/\/www.enerjigazetesi.ist\/en\/wp-json\/wp\/v2\/media?parent=56555"}],"wp:term":[{"taxonomy":"category","embeddable":true,"href":"https:\/\/www.enerjigazetesi.ist\/en\/wp-json\/wp\/v2\/categories?post=56555"},{"taxonomy":"post_tag","embeddable":true,"href":"https:\/\/www.enerjigazetesi.ist\/en\/wp-json\/wp\/v2\/tags?post=56555"}],"curies":[{"name":"wp","href":"https:\/\/api.w.org\/{rel}","templated":true}]}}