{"id":56466,"date":"2016-08-15T10:42:45","date_gmt":"2016-08-15T07:42:45","guid":{"rendered":"https:\/\/www.enerjigazetesi.ist\/?p=56466"},"modified":"2016-08-15T10:45:42","modified_gmt":"2016-08-15T07:45:42","slug":"hibrid-araclar-icin-vergi-indirimi-mujdesi-geldi","status":"publish","type":"post","link":"https:\/\/www.enerjigazetesi.ist\/en\/hibrid-araclar-icin-vergi-indirimi-mujdesi-geldi\/","title":{"rendered":"(Turkish) Hibrid Ara\u00e7lar \u0130\u00e7in Vergi \u0130ndirimi M\u00fcjdesi Geldi!"},"content":{"rendered":"<p class=\"qtranxs-available-languages-message qtranxs-available-languages-message-en\">Sorry, this entry is only available in <a href=\"https:\/\/www.enerjigazetesi.ist\/tr\/wp-json\/wp\/v2\/posts\/56466\" class=\"qtranxs-available-language-link qtranxs-available-language-link-tr\" title=\"Turkish\">Turkish<\/a>. For the sake of viewer convenience, the content is shown below in the alternative language. You may click the link to switch the active language.<\/p><p><\/p>\n<p class=\"selectionShareable\" style=\"color: #0a0a0a;\"><strong>Ba\u015fbakan Yard\u0131mc\u0131s\u0131 Mehmet \u015eim\u015fek taraf\u0131ndan ticari ara\u00e7lara getirilen\u00a0\u00d6TV indirimi ile birlikte s\u0131f\u0131r km hibrid ara\u00e7lar\u0131n da vergi sistemi \u00fczerinde \u00e7al\u0131\u015f\u0131ld\u0131\u011f\u0131n\u0131\u00a0bilgisini verdi.<\/strong><span id=\"more-82974\"><\/span><\/p>\n<p class=\"selectionShareable\" style=\"color: #0a0a0a;\">Elektrikli ara\u00e7lara vergi indirimi getiren h\u00fck\u00fcmet \u015fimdi de hibrid (melez) motorlu ara\u00e7lar i\u00e7in vergi d\u00fczenlemesi haz\u0131rl\u0131\u011f\u0131 yap\u0131yor. CNN T\u00fcrk\u2019te bir programda a\u00e7\u0131klamalarda bulunan\u00a0Ba\u015fbakan Yard\u0131mc\u0131s\u0131 Mehmet \u015eim\u015fek hibrid ara\u00e7lar i\u00e7in de yeni bir vergi d\u00fczenle<a href=\"https:\/\/www.enerjigazetesi.ist\/wp-content\/uploads\/2013\/04\/toyota-hibrit-arac-satisi-rekor.jpg\"><img loading=\"lazy\" class=\"alignleft size-medium wp-image-9901\" src=\"https:\/\/www.enerjigazetesi.ist\/wp-content\/uploads\/2013\/04\/toyota-hibrit-arac-satisi-rekor-300x181.jpg\" alt=\"toyota-hibrit-arac-satisi-rekor\" width=\"300\" height=\"181\" srcset=\"https:\/\/www.enerjigazetesi.ist\/wp-content\/uploads\/2013\/04\/toyota-hibrit-arac-satisi-rekor-300x181.jpg 300w, https:\/\/www.enerjigazetesi.ist\/wp-content\/uploads\/2013\/04\/toyota-hibrit-arac-satisi-rekor-80x48.jpg 80w, https:\/\/www.enerjigazetesi.ist\/wp-content\/uploads\/2013\/04\/toyota-hibrit-arac-satisi-rekor.jpg 480w\" sizes=\"(max-width: 300px) 100vw, 300px\" \/><\/a>melesi yapacaklar\u0131n\u0131 s\u00f6yledi. Ticari ara\u00e7 sahiplerine bir kereye y\u00f6nelik yap\u0131lacak \u00d6TV indirimi karar\u0131n\u0131n da mecliste oldu\u011funu dile getiren \u015eim\u015fek ekonomiyi canland\u0131r\u0131c\u0131\u00a0kararlar\u0131 almaya devam edeceklerini ifade etti.<\/p>\n<p class=\"selectionShareable\" style=\"color: #0a0a0a;\">Toyota T\u00fcrkiye Pazarlama ve Sat\u0131\u015f A\u015e \u00dcst Y\u00f6neticisi (CEO) Ali Haydar Bozkurt, d\u00fcnyada b\u00fct\u00fcn \u00fclkelerde hibrid teknolojisinin te\u015fvik edildi\u011fini belirterek, hibridin yeni bir teknoloji olmas\u0131ndan dolay\u0131 geli\u015ftirme maliyetlerinin y\u00fcksek oldu\u011funu s\u00f6yledi. Hibridin otomobil kullan\u0131c\u0131lar\u0131 taraf\u0131ndan benimsenmesi i\u00e7in d\u00fcnyada \u00fclkelerin hibrid teknolojileri s\u00fcbvanse edecek \u00e7\u00f6z\u00fcmler geli\u015ftirdi\u011fine i\u015faret eden Bozkurt, s\u00f6zlerini \u015f\u00f6yle s\u00fcrd\u00fcrd\u00fc: \u201cVergi te\u015fvikleri bunun en \u00f6nemli yollar\u0131ndan biri. D\u00fcnyada \u00fclkeler hibrid otomobilleri cazip hale getirecek g\u00fczel te\u015fvikler veriyor. Biz yak\u0131n gelecekte hibrit ve benzeri teknolojilerin desteklenece\u011fine inan\u0131yoruz. Elektrikli otomobiller i\u00e7in destek yap\u0131ld\u0131 \u00e7ok ciddi avantaj sa\u011fland\u0131.\u201d<\/p>\n<p class=\"selectionShareable\" style=\"color: #0a0a0a;\">Bozkurt, hibrit teknolojisinin gelecek 15-20 y\u0131l daha g\u00fcndemde olaca\u011f\u0131n\u0131 ifade ederek, \u201cElektrikli otomobiller, altyap\u0131, batarya menzillerinin k\u0131s\u0131tl\u0131 olmas\u0131 gibi nedenlerle \u015fu an i\u00e7in pratikte sorunu \u00e7\u00f6z\u00fclmemekte. Hibritte i\u00e7inde iki tane motor var, hem elektrikli motor hem benzinli motor ayn\u0131 anda \u00e7al\u0131\u015fmaktad\u0131r. Kendi kendini \u015farj ediyor, \u015farj ihtiyac\u0131 yok. Onun i\u00e7in bu teknoloji gelecek 15-20 y\u0131la damgas\u0131n\u0131 vuracakt\u0131r. \u201d dedi.<\/p>\n<p class=\"selectionShareable\" style=\"color: #0a0a0a;\">Gelecek d\u00f6nemde hibrit ara\u00e7lar\u0131n vergisi ile ilgili te\u015fvikler g\u00fcndeme gelmesi durumunda hibrit ara\u00e7lar\u0131n toplam sat\u0131\u015ftaki oran\u0131n\u0131n y\u00fckselece\u011fini dile getiren Bozkurt, \u201c10 y\u0131l i\u00e7erisinde T\u00fcrkiye\u2019de hibrid otomobil sat\u0131\u015f pay\u0131n\u0131n toplam pazar\u0131n i\u00e7inde y\u00fczde 25\u2019lerin alt\u0131na inmeyece\u011fini\u00a0belirtti. Yeter ki markalar m\u00fc\u015fterilerinin talep ettikleri\u00a0modelin hibrid versiyonunu da sunulabilsin\u201d\u00a0ifadelerine yer verdi.<\/p>\n<p><\/p>","protected":false},"excerpt":{"rendered":"<p>Sorry, this entry is only available in Turkish. For the sake of viewer convenience, the content is shown below in the alternative language. You may click the link to switch the active language. Ba\u015fbakan Yard\u0131mc\u0131s\u0131 Mehmet \u015eim\u015fek taraf\u0131ndan ticari ara\u00e7lara getirilen\u00a0\u00d6TV indirimi ile birlikte s\u0131f\u0131r km hibrid ara\u00e7lar\u0131n da vergi sistemi \u00fczerinde \u00e7al\u0131\u015f\u0131ld\u0131\u011f\u0131n\u0131\u00a0bilgisini verdi. Elektrikli [&hellip;]<\/p>\n","protected":false},"author":1,"featured_media":9901,"comment_status":"open","ping_status":"open","sticky":false,"template":"","format":"standard","meta":[],"categories":[51,53],"tags":[1311,6298,63,67,1009,2698,165,7335,31110,31111,16564],"views":1017,"_links":{"self":[{"href":"https:\/\/www.enerjigazetesi.ist\/en\/wp-json\/wp\/v2\/posts\/56466"}],"collection":[{"href":"https:\/\/www.enerjigazetesi.ist\/en\/wp-json\/wp\/v2\/posts"}],"about":[{"href":"https:\/\/www.enerjigazetesi.ist\/en\/wp-json\/wp\/v2\/types\/post"}],"author":[{"embeddable":true,"href":"https:\/\/www.enerjigazetesi.ist\/en\/wp-json\/wp\/v2\/users\/1"}],"replies":[{"embeddable":true,"href":"https:\/\/www.enerjigazetesi.ist\/en\/wp-json\/wp\/v2\/comments?post=56466"}],"version-history":[{"count":2,"href":"https:\/\/www.enerjigazetesi.ist\/en\/wp-json\/wp\/v2\/posts\/56466\/revisions"}],"predecessor-version":[{"id":56468,"href":"https:\/\/www.enerjigazetesi.ist\/en\/wp-json\/wp\/v2\/posts\/56466\/revisions\/56468"}],"wp:featuredmedia":[{"embeddable":true,"href":"https:\/\/www.enerjigazetesi.ist\/en\/wp-json\/wp\/v2\/media\/9901"}],"wp:attachment":[{"href":"https:\/\/www.enerjigazetesi.ist\/en\/wp-json\/wp\/v2\/media?parent=56466"}],"wp:term":[{"taxonomy":"category","embeddable":true,"href":"https:\/\/www.enerjigazetesi.ist\/en\/wp-json\/wp\/v2\/categories?post=56466"},{"taxonomy":"post_tag","embeddable":true,"href":"https:\/\/www.enerjigazetesi.ist\/en\/wp-json\/wp\/v2\/tags?post=56466"}],"curies":[{"name":"wp","href":"https:\/\/api.w.org\/{rel}","templated":true}]}}