{"id":56443,"date":"2016-08-14T10:49:23","date_gmt":"2016-08-14T07:49:23","guid":{"rendered":"https:\/\/www.enerjigazetesi.ist\/?p=56443"},"modified":"2016-08-14T10:52:24","modified_gmt":"2016-08-14T07:52:24","slug":"turk-akimi-konusunda-ab-ile-anlasmak-gerekli","status":"publish","type":"post","link":"https:\/\/www.enerjigazetesi.ist\/en\/turk-akimi-konusunda-ab-ile-anlasmak-gerekli\/","title":{"rendered":"(Turkish) \u201cT\u00fcrk Ak\u0131m\u0131 Konusunda AB \u0130le Anla\u015fmak Gerekli&#8230;\u201d"},"content":{"rendered":"<p class=\"qtranxs-available-languages-message qtranxs-available-languages-message-en\">Sorry, this entry is only available in <a href=\"https:\/\/www.enerjigazetesi.ist\/tr\/wp-json\/wp\/v2\/posts\/56443\" class=\"qtranxs-available-language-link qtranxs-available-language-link-tr\" title=\"Turkish\">Turkish<\/a>. For the sake of viewer convenience, the content is shown below in the alternative language. You may click the link to switch the active language.<\/p><p><\/p>\n<p class=\"selectionShareable\" style=\"color: #0a0a0a;\"><strong>Oxford Enerji Enstit\u00fcs\u00fc Gaz Ara\u015ft\u0131rma B\u00f6l\u00fcm\u00fc Ba\u015fkan\u0131 Prof. Jonathan Stern, Rus gaz\u0131n\u0131n T\u00fcrkiye \u00fczerinden Avrupa\u2019ya ta\u015f\u0131nmas\u0131 i\u00e7in planlanan T\u00fcrk Ak\u0131m\u0131 do\u011falgaz boru hatt\u0131 projesine ili\u015fkin, \u201cT\u00fcrk Ak\u0131m\u0131\u2019nda ba\u015flang\u0131\u00e7ta T\u00fcrkiye\u2019nin faydalanaca\u011f\u0131 tek bir hatta sahip olacakt\u0131r. \u0130ki hat in\u015fa edilecekse bu AB ile mevzuat anla\u015fmas\u0131n\u0131 gerektirecektir.\u201d dedi.<\/strong><span id=\"more-82957\"><\/span><\/p>\n<p class=\"selectionShareable\" style=\"color: #0a0a0a;\">Stern, Cumhurba\u015fkan\u0131\u00a0Recep Tayyip Erdo\u011fan\u2019\u0131n Rusya ziyaretine ili\u015fkin de\u011ferlendirmelerde de bulundu.<\/p>\n<p class=\"selectionShareable\" style=\"color: #0a0a0a;\">Rusya Enerji Bakan\u0131 Aleks<a href=\"https:\/\/www.enerjigazetesi.ist\/wp-content\/uploads\/2016\/01\/gazprom-turk-akimi-ile-ilgili-gizlilik-anlasmasi-imzaladi.jpg\"><img loading=\"lazy\" class=\"alignleft size-medium wp-image-49396\" src=\"https:\/\/www.enerjigazetesi.ist\/wp-content\/uploads\/2016\/01\/gazprom-turk-akimi-ile-ilgili-gizlilik-anlasmasi-imzaladi-300x165.jpg\" alt=\"turk-akimi\" width=\"300\" height=\"165\" srcset=\"https:\/\/www.enerjigazetesi.ist\/wp-content\/uploads\/2016\/01\/gazprom-turk-akimi-ile-ilgili-gizlilik-anlasmasi-imzaladi-300x165.jpg 300w, https:\/\/www.enerjigazetesi.ist\/wp-content\/uploads\/2016\/01\/gazprom-turk-akimi-ile-ilgili-gizlilik-anlasmasi-imzaladi-500x276.jpg 500w, https:\/\/www.enerjigazetesi.ist\/wp-content\/uploads\/2016\/01\/gazprom-turk-akimi-ile-ilgili-gizlilik-anlasmasi-imzaladi-80x44.jpg 80w, https:\/\/www.enerjigazetesi.ist\/wp-content\/uploads\/2016\/01\/gazprom-turk-akimi-ile-ilgili-gizlilik-anlasmasi-imzaladi.jpg 696w\" sizes=\"(max-width: 300px) 100vw, 300px\" \/><\/a>andr Novak\u2019\u0131n, projenin imzalar\u0131n\u0131n bu y\u0131l ekimde at\u0131laca\u011f\u0131 ve in\u015faata 2019\u2019un ilk yar\u0131s\u0131nda ba\u015flanaca\u011f\u0131na y\u00f6nelik a\u00e7\u0131klamalar ile de\u011ferlendirmede bulunan Stern, \u201cEkimde bir erteleme daha olursa proje 2019\u2019a yeti\u015fmez ama imzalar ekim ay\u0131nda at\u0131l\u0131rsa tek bir hat in\u015fa edilebilir.\u201d\u00a0dedi.<\/p>\n<p class=\"selectionShareable\" style=\"color: #0a0a0a;\">Stern, T\u00fcrk Ak\u0131m\u0131\u2019nda ilk hatt\u0131n kesinlikle tamamlanaca\u011f\u0131n\u0131 ancak birden fazla hatt\u0131n in\u015fas\u0131n\u0131n Rusya ile\u00a0AB aras\u0131ndaki ili\u015fkilere ba\u011fl\u0131 oldu\u011funa dikkat \u00e7ekerek, \u201cT\u00fcrk Ak\u0131m\u0131\u2019nda ba\u015flang\u0131\u00e7ta T\u00fcrkiye\u2019nin faydalanaca\u011f\u0131 tek bir hat olacak. \u0130ki hat in\u015fa edilecekse bu AB ile mevzuat anla\u015fmas\u0131n\u0131 gerektirir.\u201d ifadelerine yer verdi.<\/p>\n<p class=\"selectionShareable\" style=\"color: #0a0a0a;\">Putin\u2019in, \u2018T\u00fcrk Ak\u0131m\u0131, G\u00fcney Ak\u0131m\u2019a alternatif olarak d\u00fc\u015f\u00fcn\u00fclmedi\u2019 s\u00f6zlerine ili\u015fkin olarak\u00a0Stern, \u201cPazar a\u00e7\u0131s\u0131ndan bakacak oldu\u011fumuzda T\u00fcrk Ak\u0131m\u0131\u2019ndan bir hat ve G\u00fcney Ak\u0131m\u2019\u0131ndan da bir hat in\u015fa etmek Ruslar i\u00e7in daha anlaml\u0131 olacakt\u0131r ancak T\u00fcrk Ak\u0131m\u0131\u2019n\u0131n olas\u0131 ikinci hatt\u0131 da G\u00fcney Ak\u0131m\u2019\u0131n tek hatt\u0131 da Avrupa\u2019ya gaz sa\u011flayaca\u011f\u0131ndan AB mevzuat\u0131yla ilgili anla\u015fmalar\u0131 gerektirecektir. Bu, uzun zaman alacaksa T\u00fcrk Ak\u0131m\u0131\u2019n\u0131n ilk hatt\u0131 yap\u0131labilecek tek \u015fey.\u201d de\u011ferlendirmelerinde bulundu.<\/p>\n<p><\/p>","protected":false},"excerpt":{"rendered":"<p>Sorry, this entry is only available in Turkish. For the sake of viewer convenience, the content is shown below in the alternative language. You may click the link to switch the active language. Oxford Enerji Enstit\u00fcs\u00fc Gaz Ara\u015ft\u0131rma B\u00f6l\u00fcm\u00fc Ba\u015fkan\u0131 Prof. Jonathan Stern, Rus gaz\u0131n\u0131n T\u00fcrkiye \u00fczerinden Avrupa\u2019ya ta\u015f\u0131nmas\u0131 i\u00e7in planlanan T\u00fcrk Ak\u0131m\u0131 do\u011falgaz boru [&hellip;]<\/p>\n","protected":false},"author":1,"featured_media":49396,"comment_status":"open","ping_status":"open","sticky":false,"template":"","format":"standard","meta":[],"categories":[46,53],"tags":[31095,92,876,226,19761,2092,2677,63,67,1009,2698,165,31096,31097,20076],"views":494,"_links":{"self":[{"href":"https:\/\/www.enerjigazetesi.ist\/en\/wp-json\/wp\/v2\/posts\/56443"}],"collection":[{"href":"https:\/\/www.enerjigazetesi.ist\/en\/wp-json\/wp\/v2\/posts"}],"about":[{"href":"https:\/\/www.enerjigazetesi.ist\/en\/wp-json\/wp\/v2\/types\/post"}],"author":[{"embeddable":true,"href":"https:\/\/www.enerjigazetesi.ist\/en\/wp-json\/wp\/v2\/users\/1"}],"replies":[{"embeddable":true,"href":"https:\/\/www.enerjigazetesi.ist\/en\/wp-json\/wp\/v2\/comments?post=56443"}],"version-history":[{"count":3,"href":"https:\/\/www.enerjigazetesi.ist\/en\/wp-json\/wp\/v2\/posts\/56443\/revisions"}],"predecessor-version":[{"id":56446,"href":"https:\/\/www.enerjigazetesi.ist\/en\/wp-json\/wp\/v2\/posts\/56443\/revisions\/56446"}],"wp:featuredmedia":[{"embeddable":true,"href":"https:\/\/www.enerjigazetesi.ist\/en\/wp-json\/wp\/v2\/media\/49396"}],"wp:attachment":[{"href":"https:\/\/www.enerjigazetesi.ist\/en\/wp-json\/wp\/v2\/media?parent=56443"}],"wp:term":[{"taxonomy":"category","embeddable":true,"href":"https:\/\/www.enerjigazetesi.ist\/en\/wp-json\/wp\/v2\/categories?post=56443"},{"taxonomy":"post_tag","embeddable":true,"href":"https:\/\/www.enerjigazetesi.ist\/en\/wp-json\/wp\/v2\/tags?post=56443"}],"curies":[{"name":"wp","href":"https:\/\/api.w.org\/{rel}","templated":true}]}}