{"id":56409,"date":"2016-08-13T09:30:22","date_gmt":"2016-08-13T06:30:22","guid":{"rendered":"https:\/\/www.enerjigazetesi.ist\/?p=56409"},"modified":"2016-08-12T20:36:41","modified_gmt":"2016-08-12T17:36:41","slug":"elder-akademik-danisma-kurulundan-doktora-ve-ar-ge-calismalarina-destek","status":"publish","type":"post","link":"https:\/\/www.enerjigazetesi.ist\/en\/elder-akademik-danisma-kurulundan-doktora-ve-ar-ge-calismalarina-destek\/","title":{"rendered":"(Turkish) ELDER Akademik Dan\u0131\u015fma Kurulu&#8217;ndan Doktora ve Ar-Ge \u00c7al\u0131\u015fmalar\u0131na Destek&#8230;"},"content":{"rendered":"<p class=\"qtranxs-available-languages-message qtranxs-available-languages-message-en\">Sorry, this entry is only available in <a href=\"https:\/\/www.enerjigazetesi.ist\/tr\/wp-json\/wp\/v2\/posts\/56409\" class=\"qtranxs-available-language-link qtranxs-available-language-link-tr\" title=\"Turkish\">Turkish<\/a>. For the sake of viewer convenience, the content is shown below in the alternative language. You may click the link to switch the active language.<\/p><p><\/p>\n<p class=\"selectionShareable\" style=\"color: #0a0a0a;\"><strong>Elektrik piyasalar\u0131ndaki g\u00fcncel konular\u0131n incelenmesi, da\u011f\u0131t\u0131m \u015firketleriyle ortak Ar-Ge projelerinin hayata ge\u00e7irilmesi ve\u00a0yap\u0131lacak doktora ve y\u00fcksek lisans tezlerinin ELDER taraf\u0131ndan desteklenmesinin sa\u011flanmas\u0131 amac\u0131yla \u2018ELDER Akademik Dan\u0131\u015fma Kurul\u2019unu olu\u015fturuldu.<span id=\"more-82925\"><\/span>\u00a0<\/strong><\/p>\n<p class=\"selectionShareable\" style=\"color: #0a0a0a;\">Ba\u011f\u0131ms\u0131z bir yap\u0131da olan ve T\u00fcrkiye\u2019nin d\u00f6rt bir yan\u0131ndaki \u00fcniversitelerden \u00fcyelere bulunan\u00a0ELDER Akademik Dan\u0131\u015fma Kurulu, ger\u00e7ekle\u015ftirilecek \u00e7al<a href=\"https:\/\/www.enerjigazetesi.ist\/wp-content\/uploads\/2015\/10\/elektrik-enerji-hatt\u0131-87234-696x385.jpg\"><img loading=\"lazy\" class=\"alignleft size-medium wp-image-45152\" src=\"https:\/\/www.enerjigazetesi.ist\/wp-content\/uploads\/2015\/10\/elektrik-enerji-hatt\u0131-87234-696x385-300x165.jpg\" alt=\"elektrik-enerji-hatt\u0131-87234-696x385\" width=\"300\" height=\"165\" srcset=\"https:\/\/www.enerjigazetesi.ist\/wp-content\/uploads\/2015\/10\/elektrik-enerji-hatt\u0131-87234-696x385-300x165.jpg 300w, https:\/\/www.enerjigazetesi.ist\/wp-content\/uploads\/2015\/10\/elektrik-enerji-hatt\u0131-87234-696x385-500x276.jpg 500w, https:\/\/www.enerjigazetesi.ist\/wp-content\/uploads\/2015\/10\/elektrik-enerji-hatt\u0131-87234-696x385-80x44.jpg 80w, https:\/\/www.enerjigazetesi.ist\/wp-content\/uploads\/2015\/10\/elektrik-enerji-hatt\u0131-87234-696x385.jpg 696w\" sizes=\"(max-width: 300px) 100vw, 300px\" \/><\/a>\u0131\u015fmalarla sekt\u00f6re y\u00f6n\u00a0verecek.<\/p>\n<p class=\"selectionShareable\" style=\"color: #0a0a0a;\">ELDER Akademik Dan\u0131\u015fma Kurulu\u2019nun, elektrik sekt\u00f6r\u00fcn\u00fcn geli\u015fimine katk\u0131 sa\u011flamas\u0131 hedeflenmektedir. Elektrik da\u011f\u0131t\u0131m sekt\u00f6r\u00fc, t\u00fcketiciyi oda\u011f\u0131na alan bir piyasa yap\u0131s\u0131na sahip. Akademik Dan\u0131\u015fma Kurulu\u2019nun \u00e7al\u0131\u015fmalar\u0131, t\u00fcketiciye sunulan hizmet kalitesini ve buna ba\u011fl\u0131 olarak t\u00fcketici memnuniyetini art\u0131r\u0131c\u0131 olacakt\u0131r. Elektrik piyasalar\u0131na y\u00f6nelik de\u011ferlendirme raporlar\u0131 ve \u00f6ng\u00f6r\u00fc \u00e7al\u0131\u015fmalar\u0131 haz\u0131rlayacak olan Akademik Dan\u0131\u015fma Kurulu\u2019nun, EDSO ve EUROELECTRIC gibi platformlar\u0131n \u00e7al\u0131\u015fma gruplar\u0131nda ELDER\u2019in temsil edilmesine y\u00f6nelik \u00e7al\u0131\u015fmalar yapmas\u0131 da hedeflenmektedir.<\/p>\n<p class=\"selectionShareable\" style=\"color: #0a0a0a;\"><strong>Veri ve Saha Uygulamalar\u0131na \u0130mk\u00e2n<\/strong><\/p>\n<p class=\"selectionShareable\" style=\"color: #0a0a0a;\">ELDER Akademik Dan\u0131\u015fma Kurulu\u2019nun y\u00fcksek lisans ve doktora \u00e7al\u0131\u015fmalar\u0131na destek vermesi hedefleniyor. Destek kapsam\u0131nda \u015firketlerden veri sa\u011flanmas\u0131 ve de saha uygulamalar\u0131na imk\u00e2n sa\u011flanmas\u0131 konular\u0131 de\u011ferlendiriliyor. Buna ek olarak, kurulun da\u011f\u0131t\u0131m \u015firketleriyle birlikte hayata ge\u00e7irece\u011fi ortak Ar-Ge \u00e7al\u0131\u015fmalar\u0131yla \u015firketlerde ve sekt\u00f6rde teknolojik d\u00f6n\u00fc\u015f\u00fcm\u00fcn sa\u011flanmas\u0131 hedefleniyor. Bu kapsamda ak\u0131ll\u0131 \u015febekeler, saya\u00e7lar\u0131n uzaktan okunmas\u0131 gibi bir\u00e7ok alanda Ar-Ge \u00e7al\u0131\u015fmalar\u0131n\u0131n yap\u0131lmas\u0131\u00a0hedeflenmektedir.<\/p>\n<p><\/p>","protected":false},"excerpt":{"rendered":"<p>Sorry, this entry is only available in Turkish. For the sake of viewer convenience, the content is shown below in the alternative language. You may click the link to switch the active language. Elektrik piyasalar\u0131ndaki g\u00fcncel konular\u0131n incelenmesi, da\u011f\u0131t\u0131m \u015firketleriyle ortak Ar-Ge projelerinin hayata ge\u00e7irilmesi ve\u00a0yap\u0131lacak doktora ve y\u00fcksek lisans tezlerinin ELDER taraf\u0131ndan desteklenmesinin sa\u011flanmas\u0131 [&hellip;]<\/p>\n","protected":false},"author":1,"featured_media":45152,"comment_status":"open","ping_status":"open","sticky":false,"template":"","format":"standard","meta":[],"categories":[51,53],"tags":[31080,21548,31081,1824,31082,68,61,19638,10234,1451,2873,63,67,1009,2698,165,31083],"views":624,"_links":{"self":[{"href":"https:\/\/www.enerjigazetesi.ist\/en\/wp-json\/wp\/v2\/posts\/56409"}],"collection":[{"href":"https:\/\/www.enerjigazetesi.ist\/en\/wp-json\/wp\/v2\/posts"}],"about":[{"href":"https:\/\/www.enerjigazetesi.ist\/en\/wp-json\/wp\/v2\/types\/post"}],"author":[{"embeddable":true,"href":"https:\/\/www.enerjigazetesi.ist\/en\/wp-json\/wp\/v2\/users\/1"}],"replies":[{"embeddable":true,"href":"https:\/\/www.enerjigazetesi.ist\/en\/wp-json\/wp\/v2\/comments?post=56409"}],"version-history":[{"count":3,"href":"https:\/\/www.enerjigazetesi.ist\/en\/wp-json\/wp\/v2\/posts\/56409\/revisions"}],"predecessor-version":[{"id":56412,"href":"https:\/\/www.enerjigazetesi.ist\/en\/wp-json\/wp\/v2\/posts\/56409\/revisions\/56412"}],"wp:featuredmedia":[{"embeddable":true,"href":"https:\/\/www.enerjigazetesi.ist\/en\/wp-json\/wp\/v2\/media\/45152"}],"wp:attachment":[{"href":"https:\/\/www.enerjigazetesi.ist\/en\/wp-json\/wp\/v2\/media?parent=56409"}],"wp:term":[{"taxonomy":"category","embeddable":true,"href":"https:\/\/www.enerjigazetesi.ist\/en\/wp-json\/wp\/v2\/categories?post=56409"},{"taxonomy":"post_tag","embeddable":true,"href":"https:\/\/www.enerjigazetesi.ist\/en\/wp-json\/wp\/v2\/tags?post=56409"}],"curies":[{"name":"wp","href":"https:\/\/api.w.org\/{rel}","templated":true}]}}