{"id":56367,"date":"2016-08-12T09:30:59","date_gmt":"2016-08-12T06:30:59","guid":{"rendered":"https:\/\/www.enerjigazetesi.ist\/?p=56367"},"modified":"2016-08-11T17:24:38","modified_gmt":"2016-08-11T14:24:38","slug":"3-uncu-nukleer-santrali-icin-cin-ile-isbirligi-anlasmasi-kabul-edildi","status":"publish","type":"post","link":"https:\/\/www.enerjigazetesi.ist\/en\/3-uncu-nukleer-santrali-icin-cin-ile-isbirligi-anlasmasi-kabul-edildi\/","title":{"rendered":"(Turkish) 3 \u00fcnc\u00fc N\u00fckleer Santrali \u0130\u00e7in \u00c7in ile \u0130\u015fbirli\u011fi Anla\u015fmas\u0131 Kabul Edildi!"},"content":{"rendered":"<p class=\"qtranxs-available-languages-message qtranxs-available-languages-message-en\">Sorry, this entry is only available in <a href=\"https:\/\/www.enerjigazetesi.ist\/tr\/wp-json\/wp\/v2\/posts\/56367\" class=\"qtranxs-available-language-link qtranxs-available-language-link-tr\" title=\"Turkish\">Turkish<\/a>. For the sake of viewer convenience, the content is shown below in the alternative language. You may click the link to switch the active language.<\/p><p><\/p>\n<p class=\"selectionShareable\" style=\"color: #0a0a0a;\"><strong>N\u00fckleer santralleri konusunda\u00a0a\u011f\u0131 geni\u015fletmeyi hedefleyen T\u00fcrkiye, \u00fc\u00e7\u00fcnc\u00fc santral i\u00e7in ad\u0131m ad\u0131m \u00c7in\u2019le i\u015fbirli\u011fine gidiyor. Enerji Bakan\u0131 Berat Albayrak\u2019\u0131n haziran sonunda \u00c7in\u2019de imzalad\u0131\u011f\u0131 i\u015fbirli\u011fi anla\u015fmas\u0131 TBMM\u2019de kabul edildi.<\/strong><span id=\"more-82913\"><\/span><\/p>\n<p class=\"selectionShareable\" style=\"color: #0a0a0a;\">Cumhurba\u015fkan\u0131 Recep\u00a0Tayyip Erdo\u011fan\u2019\u0131n, tarihi Rusya gezisinde, \u201cAkkuyu N\u00fckleer Santrali konusunda \u00e7al\u0131\u015fmalar\u0131n h\u0131zland\u0131r\u0131lmas\u0131\u201d y\u00f6n\u00fcnde v<a href=\"https:\/\/www.enerjigazetesi.ist\/wp-content\/uploads\/2016\/04\/turkiye-ile-cin-arasinda-3-nukleer-santral-gorusmesi.jpg\"><img loading=\"lazy\" class=\"alignleft size-medium wp-image-52453\" src=\"https:\/\/www.enerjigazetesi.ist\/wp-content\/uploads\/2016\/04\/turkiye-ile-cin-arasinda-3-nukleer-santral-gorusmesi-300x187.jpg\" alt=\"turkiye-ile-cin-arasinda-3-nukleer-santral-gorusmesi\" width=\"300\" height=\"187\" srcset=\"https:\/\/www.enerjigazetesi.ist\/wp-content\/uploads\/2016\/04\/turkiye-ile-cin-arasinda-3-nukleer-santral-gorusmesi-300x187.jpg 300w, https:\/\/www.enerjigazetesi.ist\/wp-content\/uploads\/2016\/04\/turkiye-ile-cin-arasinda-3-nukleer-santral-gorusmesi-1024x638.jpg 1024w, https:\/\/www.enerjigazetesi.ist\/wp-content\/uploads\/2016\/04\/turkiye-ile-cin-arasinda-3-nukleer-santral-gorusmesi-500x311.jpg 500w, https:\/\/www.enerjigazetesi.ist\/wp-content\/uploads\/2016\/04\/turkiye-ile-cin-arasinda-3-nukleer-santral-gorusmesi-80x50.jpg 80w, https:\/\/www.enerjigazetesi.ist\/wp-content\/uploads\/2016\/04\/turkiye-ile-cin-arasinda-3-nukleer-santral-gorusmesi.jpg 1068w\" sizes=\"(max-width: 300px) 100vw, 300px\" \/><\/a>ar\u0131lan mutabakat\u0131n ard\u0131ndan, \u00c7in\u2019le yap\u0131lan anla\u015fma da Meclis\u2019ten ge\u00e7ti. Bu do\u011frultuda Akkuyu\u2019daki santral i\u00e7in Rusya\u2019yla, Sinop\u2019taki santralde Japonya ile i\u015fbirli\u011finin ard\u0131ndan, \u00fc\u00e7\u00fcnc\u00fc santralde de ad\u0131m ad\u0131m \u00c7in\u2019le ortakl\u0131\u011fa gidiliyor.<\/p>\n<p class=\"selectionShareable\" style=\"color: #0a0a0a;\"><strong>\u0130\u015eB\u0130RL\u0130\u011e\u0130 KAPILARI ARALANIR<\/strong><\/p>\n<p class=\"selectionShareable\" style=\"color: #0a0a0a;\">\u201cN\u00fckleer Enerjinin Bar\u0131\u015f\u00e7\u0131l Ama\u00e7larla Kullan\u0131m\u0131na Dair Anla\u015fma\u201d kapsam\u0131nda \u015fu konularda \u00e7al\u0131\u015fmalara vize verildi: \u201cAnla\u015fma, n\u00fckleer enerji santralleri ve ara\u015ft\u0131rma\u00a0reakt\u00f6rlerinin saha et\u00fct \u00e7al\u0131\u015fmalar\u0131ndan tasar\u0131m\u0131na, in\u015fas\u0131ndan i\u015fletmeye al\u0131nmas\u0131na ve i\u015fletilmesine kadar s\u00fcre\u00e7leri kaps\u0131yor. Ayr\u0131ca, santralin modernizasyonu, test edilmesi, bak\u0131m\u0131 ve s\u00f6k\u00fcm\u00fc de i\u015fbirli\u011fine dahil.<\/p>\n<p class=\"selectionShareable\" style=\"color: #0a0a0a;\"><strong>ARGE \u00c7ALI\u015eMALARI SON HIZ<\/strong><\/p>\n<p class=\"selectionShareable\" style=\"color: #0a0a0a;\">T\u00fcrkiye ve \u00c7in, n\u00fckleer enerjinin bar\u0131\u015f\u00e7\u0131l kullan\u0131mlar\u0131nda temel ve uygulamal\u0131 AR-GE yapabilecek. N\u00fckleer minerallerin ara\u015ft\u0131r\u0131lmas\u0131, madenlerden \u00e7\u0131kar\u0131lmas\u0131, i\u015flenmesi ve bertaraf\u0131 konusunda i\u015fbirli\u011fine gidilebilecek.Anla\u015fma, \u00f6zellikle yenilik\u00e7i reakt\u00f6r ve yak\u0131tla ilgili teknolojilerin ortakla\u015fa geli\u015ftirilmesini de kaps\u0131yor.\u201d<br \/>\n<strong><br \/>\nMUTABAKAT \u0130MZALANMI\u015eTI<\/strong><\/p>\n<p class=\"selectionShareable\" style=\"color: #0a0a0a;\">Enerji ve Tabii Kaynaklar Bakan\u0131 Berat Albayrak, \u00c7in\u2019le n\u00fckleer enerjide yap\u0131lacak i\u015fbirli\u011fine dair ad\u0131m\u0131 haziran ay\u0131 sonunda ziyaretinde at\u0131lm\u0131\u015ft\u0131. Her iki \u00fclkenin enerji bakanlar\u0131n\u0131n imzald\u0131\u011f\u0131 mutabakat zapt\u0131 da, iki \u00fclke aras\u0131nda n\u00fckleer enerji alan\u0131nda i\u015fbirli\u011fini i\u00e7eriyordu. K\u00f6m\u00fcr ve yenilenebilir enerji konular\u0131nda \u00e7al\u0131\u015fma yap\u0131lmas\u0131 da benimsenmi\u015fti.<\/p>\n<p class=\"selectionShareable\" style=\"color: #0a0a0a;\"><strong>S\u00dcRE\u00c7LER HIZLANDIRILACAK<\/strong><\/p>\n<p class=\"selectionShareable\" style=\"color: #0a0a0a;\">At\u0131lan ad\u0131m, n\u00fckleer santrallerle ilgili s\u00fcre\u00e7leri de h\u0131zland\u0131racak. Cumhurba\u015fkan\u0131 Erdo\u011fan\u2019\u0131n \u00f6nceki g\u00fcn yapt\u0131\u011f\u0131 Rusya ziyaretinde, Akkuyu N\u00fckleer G\u00fc\u00e7 Santralinde (NGS) \u00e7al\u0131\u015fmalar\u0131n yeniden g\u00fcndeme geldi. 2010 y\u0131l\u0131nda Rusya ile T\u00fcrkiye aras\u0131nda imzalanan anla\u015fma \u00e7er\u00e7evesince start alan Akkuyu N\u00fckleer G\u00fc\u00e7 Santrali projesi\u2019nin 22 milyar dolara mal olmas\u0131 bekleniyor. Her biri 1200 megavat g\u00fcc\u00fcnde 4 reakt\u00f6re ev sahipli\u011fi yapacak olan santralin T\u00fcrkiye\u2019nin enerji ihtiyac\u0131n\u0131n y\u00fczde 10\u2019unu kar\u015f\u0131lamas\u0131 hedefleniyor. \u00dc\u00e7\u00fcnc\u00fc santralin yeriyle ilgili \u0130\u011fneada \u00fczerinde duruldu\u011fu belirtiliyor.<\/p>\n<p class=\"selectionShareable\" style=\"color: #0a0a0a;\"><strong>T\u00dcRK M\u00dcHEND\u0130SLER E\u011e\u0130T\u0130M ALACAK<\/strong><\/p>\n<p class=\"selectionShareable\" style=\"color: #0a0a0a;\">Yenilik\u00e7i \u00e7al\u0131\u015fmalar do\u011frultusunda ve n\u00fckleer santral \u00e7al\u0131\u015fmalar\u0131 kapsam\u0131nda T\u00fcrk m\u00fchendisler daha \u00f6nce Rusya ve Japonya\u2019ya gitmi\u015flerdi. Anla\u015fma kapsam\u0131nda benzer bir \u00e7al\u0131\u015fma \u00c7in ile de yap\u0131lacak. M\u00fchendisler uzakdo\u011fuya giderek e\u011fitim alabilecek. Bu \u00e7er\u00e7evede, g\u00fcvenlik, yay\u0131lmay\u0131 \u00f6nleme, ekolojik sa\u011flaml\u0131k ve ekonomik etkinlik konular\u0131nda \u00e7al\u0131\u015fmalar hep g\u00fcndemde olacak.<\/p>\n<p class=\"selectionShareable\" style=\"color: #0a0a0a;\">Yazan: Fazl\u0131 \u015eahan<\/p>\n<p class=\"selectionShareable\" style=\"color: #0a0a0a;\">Kaynak:\u00a0<a style=\"color: #1e73be;\" href=\"http:\/\/www.yenisafak.com\/ekonomi\/3-nukleer-santralde-cinin-ayak-sesleri-2509117\" target=\"_blank\" rel=\"nofollow\">Yeni \u015eafak<\/a><\/p>\n<p><\/p>","protected":false},"excerpt":{"rendered":"<p>Sorry, this entry is only available in Turkish. For the sake of viewer convenience, the content is shown below in the alternative language. You may click the link to switch the active language. N\u00fckleer santralleri konusunda\u00a0a\u011f\u0131 geni\u015fletmeyi hedefleyen T\u00fcrkiye, \u00fc\u00e7\u00fcnc\u00fc santral i\u00e7in ad\u0131m ad\u0131m \u00c7in\u2019le i\u015fbirli\u011fine gidiyor. Enerji Bakan\u0131 Berat Albayrak\u2019\u0131n haziran sonunda \u00c7in\u2019de imzalad\u0131\u011f\u0131 [&hellip;]<\/p>\n","protected":false},"author":1,"featured_media":52453,"comment_status":"open","ping_status":"open","sticky":false,"template":"","format":"standard","meta":[],"categories":[53,43],"tags":[886,31062,63,67,1009,2698,165,71,21,25480,12213,23614,2973,1027,2805,846,5217],"views":1392,"_links":{"self":[{"href":"https:\/\/www.enerjigazetesi.ist\/en\/wp-json\/wp\/v2\/posts\/56367"}],"collection":[{"href":"https:\/\/www.enerjigazetesi.ist\/en\/wp-json\/wp\/v2\/posts"}],"about":[{"href":"https:\/\/www.enerjigazetesi.ist\/en\/wp-json\/wp\/v2\/types\/post"}],"author":[{"embeddable":true,"href":"https:\/\/www.enerjigazetesi.ist\/en\/wp-json\/wp\/v2\/users\/1"}],"replies":[{"embeddable":true,"href":"https:\/\/www.enerjigazetesi.ist\/en\/wp-json\/wp\/v2\/comments?post=56367"}],"version-history":[{"count":1,"href":"https:\/\/www.enerjigazetesi.ist\/en\/wp-json\/wp\/v2\/posts\/56367\/revisions"}],"predecessor-version":[{"id":56368,"href":"https:\/\/www.enerjigazetesi.ist\/en\/wp-json\/wp\/v2\/posts\/56367\/revisions\/56368"}],"wp:featuredmedia":[{"embeddable":true,"href":"https:\/\/www.enerjigazetesi.ist\/en\/wp-json\/wp\/v2\/media\/52453"}],"wp:attachment":[{"href":"https:\/\/www.enerjigazetesi.ist\/en\/wp-json\/wp\/v2\/media?parent=56367"}],"wp:term":[{"taxonomy":"category","embeddable":true,"href":"https:\/\/www.enerjigazetesi.ist\/en\/wp-json\/wp\/v2\/categories?post=56367"},{"taxonomy":"post_tag","embeddable":true,"href":"https:\/\/www.enerjigazetesi.ist\/en\/wp-json\/wp\/v2\/tags?post=56367"}],"curies":[{"name":"wp","href":"https:\/\/api.w.org\/{rel}","templated":true}]}}