{"id":5635,"date":"2013-01-25T14:27:48","date_gmt":"2013-01-25T11:27:48","guid":{"rendered":"https:\/\/www.enerjigazetesi.ist\/?p=5635"},"modified":"2013-01-25T14:32:22","modified_gmt":"2013-01-25T11:32:22","slug":"turkiye-enerjide-musrif","status":"publish","type":"post","link":"https:\/\/www.enerjigazetesi.ist\/en\/turkiye-enerjide-musrif\/","title":{"rendered":"(Turkish) T\u00fcrkiye Enerjide M\u00fcsrif&#8230;"},"content":{"rendered":"<p class=\"qtranxs-available-languages-message qtranxs-available-languages-message-en\">Sorry, this entry is only available in <a href=\"https:\/\/www.enerjigazetesi.ist\/tr\/wp-json\/wp\/v2\/posts\/5635\" class=\"qtranxs-available-language-link qtranxs-available-language-link-tr\" title=\"Turkish\">Turkish<\/a>. For the sake of viewer convenience, the content is shown below in the alternative language. You may click the link to switch the active language.<\/p><p><\/p>\n<h2>&#8220;T\u00fcrkiye ENERJ\u0130 ile \u015eahlanacak&#8221; yaz\u0131 dizisinin\u00a0bu b\u00f6l\u00fcm\u00fcnde enerji uzman\u0131 Turhan \u00c7oban, r\u00fczgar enerjisinin gelece\u011fini S\u00fcheyla Y\u0131lmaz&#8217;a anlatt\u0131; enerji tasarrufuna dikkat \u00e7eken \u00c7oban, &#8220;T\u00fcrkiye m\u00fcsrif bir \u00fclke&#8221; vurgusunda bulundu.<\/h2>\n<p>G\u00fcne\u015f enerjisinin atmosfer \u00fczerindeki yerel s\u0131cakl\u0131k ve bas\u0131n\u00e7 farkl\u0131l\u0131klar\u0131 olu\u015fturmas\u0131ndan dolay\u0131 olu\u015fan, ismine r\u00fczgar dedi\u011fimiz, hava ak\u0131mlar\u0131n\u0131n kinetik enerjisini elektrik enerjisine \u00e7eviren sistemler&#8221; diye \u00f6zetli\u011fi r\u00fczgar enerjisi ile ilgili &#8220;G\u00f6receli olarak temiz bir enerji kayna\u011f\u0131 oldu\u011funu s\u00f6yleyebiliriz. R\u00fczgar enerjisi, hidrolik enerjiyle birlikte insanl\u0131\u011f\u0131n ilk yararland\u0131\u011f\u0131 enerji t\u00fcrlerinden. \u0130lk \u00e7a\u011flardan beri gemileri y\u00fcr\u00fctmek, su pompalamak ve tah\u0131l \u00f6\u011f\u00fctme i\u015flerinde r\u00fczgar enerjisi kullan\u0131l\u0131yor. G\u00fcn\u00fcm\u00fczde temel olarak su pompalama ve elektrik enerjisi kayna\u011f\u0131 olarak kullan\u0131l\u0131yor olsa da ancak gelecekte r\u00fczgar enerjisi temelli, robotik kontroll\u00fc gemilerin y\u00fck ta\u015f\u0131mac\u0131l\u0131\u011f\u0131nda \u00f6nem kazanaca\u011f\u0131 d\u00fc\u015f\u00fcn\u00fcl\u00fcyor.&#8221; bilgisini verdi.<\/p>\n<p><img loading=\"lazy\" class=\"alignright size-medium wp-image-5636\" title=\"ruzgar-enerjisi-turkiye-enerji-de-musrif\" src=\"https:\/\/www.enerjigazetesi.ist\/wp-content\/uploads\/2013\/01\/ruzgar-enerjisi-turkiye-enerji-de-musrif-300x224.jpg\" alt=\"\" width=\"300\" height=\"224\" srcset=\"https:\/\/www.enerjigazetesi.ist\/wp-content\/uploads\/2013\/01\/ruzgar-enerjisi-turkiye-enerji-de-musrif-300x224.jpg 300w, https:\/\/www.enerjigazetesi.ist\/wp-content\/uploads\/2013\/01\/ruzgar-enerjisi-turkiye-enerji-de-musrif-500x373.jpg 500w, https:\/\/www.enerjigazetesi.ist\/wp-content\/uploads\/2013\/01\/ruzgar-enerjisi-turkiye-enerji-de-musrif-66x50.jpg 66w, https:\/\/www.enerjigazetesi.ist\/wp-content\/uploads\/2013\/01\/ruzgar-enerjisi-turkiye-enerji-de-musrif.jpg 600w\" sizes=\"(max-width: 300px) 100vw, 300px\" \/>Gelecekteki enerji projelerine \u00e7e\u015fitli enerji kaynaklar\u0131n\u0131n, optimum \u015fekilde bir arada kullan\u0131lmas\u0131 \u015feklinde yakla\u015f\u0131lmas\u0131 gerekti\u011fini savunan \u00c7oban; &#8220;Tek bir enerji\u00a0 kayna\u011f\u0131na dayanan projeler yerine \u00e7e\u015fitli kaynaklar\u0131 bir arada\u00a0 kullanabilirsek \u00e7ok daha etkin bir verim elde edebiliriz. \u00d6rne\u011fin g\u00fcne\u015f\u00a0 enerjisini klasik bir santral\u0131n ilk \u0131s\u0131tmas\u0131nda kulland\u0131\u011f\u0131m\u0131zda toplam\u00a0 enerji kullan\u0131m y\u00fczdelerimiz, g\u00fcne\u015f enerjisinden direk termal elektrik\u00a0 enerjisi elde etme sistemlerine g\u00f6re \u00e7ok daha verimli olacakt\u0131r. Ayn\u0131\u00a0 \u015fekilde gelecekte r\u00fczgar \u00e7iftlikleri de g\u00fcne\u015f enerjili pv sistemleriyle\u00a0 entegre olabilir.&#8221; dedi.<\/p>\n<p><strong>-T\u00fcrkiye m\u00fcsrif bir \u00fclke<\/strong><\/p>\n<p>Enerji konusundaki \u00e7ok \u00f6nemli di\u011fer bir noktan\u0131n ise enerji tasarrufu oldu\u011funu s\u00f6yleyen \u00c7oban; &#8220;T\u00fcrkiye bu konuda m\u00fcsrif bir \u00fclkedir, enerji kullan\u0131m verimimiz \u00e7ok d\u00fc\u015f\u00fckt\u00fcr. E\u011fer enerjiyi daha iyi verimlerle\u00a0 kullanabilirsek olduk\u00e7a \u00f6nemli enerji tasarrufu yapabiliriz. Binalar\u0131n\u00a0 yal\u0131t\u0131lmas\u0131 fabrikalarda kullan\u0131lan kazanlar\u0131n baca s\u0131cakl\u0131klar\u0131n\u0131n\u00a0 a\u015fa\u011f\u0131 \u00e7ekilmesi gibi enerji harcamas\u0131n\u0131 azaltacak bir \u00e7ok \u00f6nlem\u00a0 mevcuttur.&#8221; a\u00e7\u0131klamas\u0131nda bulundu.<\/p>\n<p><strong>-R\u00fczgar\u0131n art\u0131lar\u0131, eksileri&#8230;<\/strong><\/p>\n<p>R\u00fczgar enerjisinin en \u00f6nemli art\u0131s\u0131n\u0131n di\u011fer yenilenebilir enerji kaynaklar\u0131 aras\u0131nda maliyet a\u00e7\u0131s\u0131ndan en iyi konumda bulunmas\u0131 oldu\u011funu belirten \u00c7oban; &#8220;Bu konumunu \u00f6zellikle kuzey avrupa \u00fclkelerinin son y\u0131llada yapt\u0131klar\u0131 ara\u015ft\u0131rma ve geli\u015ftirme \u00e7al\u0131\u015fmalar\u0131yla olu\u015fan yeni teknolojilerle maliyet azalmas\u0131na bor\u00e7luyuz. Bu programlar sonucu g\u00fcn\u00fcm\u00fczde \u00e7ok daha b\u00fcy\u00fck r\u00fczgar t\u00fcrbinleri yap\u0131labildi\u011finden birim enerji ba\u015f\u0131na maliyetler d\u00fc\u015ft\u00fc. Ayn\u0131 zamanda g\u00f6receli sa\u011flam, hafif kompozit polimer yap\u0131lar\u0131n geli\u015fmesi de bu s\u00fcre\u00e7te etkili olmu\u015ftur. G\u00fcne\u015f enerjisi maliyetleri de zaman i\u00e7inde d\u00fc\u015fmesine ragmen, \u00e7ok daha uzun s\u00fcrede pratik bir enerji kayna\u011f\u0131 durumuna gelecektir.&#8221; dedi.<\/p>\n<p>\u00c7oban eksi olarak g\u00f6rd\u00fc\u011f\u00fc noktalar\u0131 ise &#8220;Fakat maalesef \u00e7evresel olarak g\u00fcr\u00fclt\u00fc kirlili\u011fi ve \u00e7arpan ku\u015flar\u0131 \u00f6ld\u00fcrebilme potansiyelleri mevcut. Sera gazlar\u0131 olu\u015fturmad\u0131\u011f\u0131ndan ise kirlilik etkisi bulunmamakta.&#8221; diye \u00f6zetledi. \u00a0 <strong>-En \u00e7evreci Avrupa&#8230;<\/strong><\/p>\n<p>K\u00fcresel r\u00fczgar enerjisi kullan\u0131m\u0131 \u015fu anda 193615 MW oldu\u011funu belirten \u00c7oban; &#8220;Bunun 2386 MW\u2019\u0131 Avustralya\u2019da, 58249 ME\u2019\u0131 Asya\u2019da, 85983 MW\u2019\u0131 Avrupa\u2019da, 906 MW\u2019I Afrikada, 44188 MW\u2019\u0131 Kuzey Amerikada ve 1903 MW\u2019I G\u00fcney Amerikada yer almaktad\u0131r. \u00dclke baz\u0131nda ise \u00c7in 44733 MW, ABD 40180 MW, Almanya 27251 MW ve \u0130spanya 20676 MW kapasiteye sahiptir.&#8221; bilgisini verdi.<\/p>\n<p>&nbsp;<\/p>\n<p><strong>-T\u00fcrkiye&#8217;nin r\u00fczgar enerjisi potansiyeli&#8230; <\/strong><\/p>\n<p>&#8220;T\u00fcrkiyedeki Kas\u0131m 2011 y\u0131l\u0131 kurulu g\u00fcc\u00fc 1645.2 MW, 2010 y\u0131l\u0131 kurulu g\u00fcc\u00fc 1265 M, 2009 y\u0131l\u0131 kurulu g\u00fcc\u00fc 801 MW&#8217;d\u0131r.&#8221; diyen \u00c7oban; &#8220;2015 y\u0131l\u0131 hedefi 10000 MW olarak belirlenmi\u015f, nihai hedefin ise 20000MW civar\u0131nda olmas\u0131 beklenmektedir. \u015eu anda t\u00fcrkiyenin elektrik \u00fcretimi 40000 MW civar\u0131ndad\u0131r.&#8221; a\u00e7\u0131klamas\u0131nda bulundu.<\/p>\n<p>D\u00fcnya r\u00fczgar enerjisi derne\u011fi ba\u015fkan yard\u0131mc\u0131s\u0131 Tanay S\u0131tk\u0131 Uyar&#8217;\u0131n bildirimine g\u00f6re T\u00fcrkiye&#8217;nin 100000 MW\u2019l\u0131k r\u00fczgar enerjisi potansiyelinin oldu\u011funu s\u00f6yleyen \u00c7oban; &#8220;Di\u011fer kaynaklarda 160000 MW Br\u00fct potansiyel, 48000 MWteknik potansiyel ve 20000 MW ekonomik potansiyel bildirilmi\u015ftir. Temel olarak r\u00fczgar santrallar\u0131 Bozcaada, \u00c7anakkale, ve \u0130zmir \u00c7e\u015fme b\u00f6lgelerinde yer almaktad\u0131r. Ege denizinin 10 m y\u00fckseklikte yap\u0131lan \u00f6l\u00e7\u00fcmlerle r\u00fczgar h\u0131z\u0131n\u0131n 7-8 m\/s oldu\u011fu g\u00f6r\u00fclmektedir.\u00a0Bununla beraber Karadeniz&#8217;le de birlikte t\u00fcm k\u0131y\u0131 b\u00f6lgerimizin denizler de dahil olmak \u00fczere uygun olabilece\u011fi s\u00f6ylenebilir. &#8221; bilgisini verdi.<\/p>\n<p><img loading=\"lazy\" title=\"\" src=\"http:\/\/im.bloomberght.com\/2013\/01\/25\/1292341_c429b15b49e29712cc586b5d6401ac45.jpg?1359112301\" alt=\"\" width=\"508\" height=\"386\" \/><\/p>\n<p><strong>-R\u00fczgar enerjisinin \u00fclke ekonomisine katk\u0131s\u0131<\/strong><\/p>\n<p>\u00c7oban; \u00fclkemizde enerjinin temel olarak d\u0131\u015far\u0131dan ithal edildi\u011fini ve kar\u015f\u0131l\u0131\u011f\u0131n\u0131n da d\u00f6viz olarak \u00f6dendi\u011fini belirterek &#8220;R\u00fczgar enerjisi \u201cyerli\u201d bir enerji kayna\u011f\u0131 oldu\u011fundan burada elde edilen enerji daha az enerji ithali anlam\u0131na gelmektedir. \u015eu andaki kapasite \u00fczerinden bak\u0131lacak olursak 1645.2 MW kapasite \u00fczerinden yap\u0131lacak hesap y\u0131lda 1,239,427 ton petrol e\u015fde\u011feri yapar ki bu da y\u0131lda 1.43 milyar TL&#8217;lik bir d\u00f6viz \u00e7\u0131kt\u0131s\u0131na e\u015fde\u011ferdir, tabi ki kurulum i\u00e7n genelde d\u0131\u015fa ba\u011f\u0131ml\u0131 oldu\u011fumuz ve ilk kurulumda d\u0131\u015f \u00fclkelere d\u00f6viz aktard\u0131\u011f\u0131m\u0131z\u0131 da hesaplamak gerekir.&#8221; dedi. \u00a0 <strong>\u00a0<\/strong><\/p>\n<p><strong>-Ar-Ge&#8217;nin \u00f6nemi&#8230;<\/strong><\/p>\n<p>\u00c7oban; r\u00fczgar enerjisinin daha \u00e7ok kullan\u0131labilmesi i\u00e7inse &#8220;Yenilenebilir enerji kaynaklar\u0131n\u0131n geli\u015fmesinde devlet kolayl\u0131klar sa\u011flayarak destek olabilir, ayn\u0131 zamanda bu t\u00fcr sistemlerin \u00fclkemizde \u00fcretilmesi i\u00e7in ara\u015ft\u0131rma ve geli\u015ftirmeye yap\u0131lacak destek de sat\u0131n alma i\u00e7in harcanacak d\u00f6vizin \u00fclkemize kazand\u0131r\u0131lmas\u0131nda b\u00fcy\u00fck destek sa\u011flayacakt\u0131r.&#8221; youmunda bulundu.<\/p>\n<p><strong>-R\u00fczgar t\u00fcrbininin maliyeti&#8230; <\/strong><\/p>\n<p>Amerika fiyatlar\u0131yla tipik bir evin ayl\u0131k harcamas\u0131 olan 1000 kW\u2019I verecek bir t\u00fcrbinin maliyetinin 60,000 ile 80,000 dolar aras\u0131nda de\u011fi\u015fti\u011fini bildiren \u00c7oban; &#8220;2007 fiyatlar\u0131yla ticari 2 MW bir t\u00fcrbinin fiyat\u0131 yakla\u015f\u0131k 3.5 milyon dolard\u0131r. \u015eu andaki \u00fcretece\u011fi enerjinin petrol e\u015fde\u011ferini (\u015fu andaki petrol fiyat\u0131 varili 94.16 dolar olarak al\u0131nd\u0131\u011f\u0131nda) y\u0131lda 891,676 dolar yapar, buna minimum y\u0131ll\u0131k 200,000 dolar civar\u0131nda olacak i\u015fletme maliyetlerini de d\u00fc\u015fecek olursak 691,676 dolar elde ederiz ki bu 5 senelik bir geri \u00f6deme d\u00f6nemi demektir. Bu \u015fekliyle bir \u00e7ok yat\u0131r\u0131mc\u0131m\u0131z i\u00e7in (hala) cazip olmayabilir, ancak devlet s\u00fcbvansiyonu bu fiyatlar\u0131 geri \u00e7ekebilir.&#8221; dedi.<\/p>\n<p>\u0130steyen herkesin k\u00fc\u00e7\u00fck t\u00fcrbinlere sahip olmas\u0131n\u0131n m\u00fcmk\u00fcn oldu\u011funu belirten \u00c7oban; ancak ticari sistemler\u00a0 yani r\u00fczgar \u00e7iftlikleri kurmak i\u00e7in ise devletten lisans (izin) almak\u00a0 gerekti\u011fini hat\u0131rlatt\u0131.<\/p>\n<p><strong>-Faz kirlili\u011fi kalmayacak&#8230;<\/strong><\/p>\n<p>R\u00fczgar enerjisinde ilk \u00f6nemli sorunun faz kirlili\u011fi oldu\u011funu s\u00f6yleyen \u00c7oban; &#8220;\u0130lk t\u00fcrbinler alternatif enerji \u00fcrettiklerinden ve bu enerjinin h\u0131z\u0131 r\u00fczgar h\u0131z\u0131na (t\u00fcrbinin d\u00f6nme h\u0131z\u0131na)\u00a0 ba\u011fl\u0131 oldu\u011fundan elektrik gridinde bir faz kirlili\u011fine yol a\u00e7\u0131yor, bu da toplam kapasite i\u00e7indeki yerini s\u0131n\u0131rl\u0131yordu. Ancak modern t\u00fcrbinler do\u011fru ak\u0131m elde eden ve bu do\u011fru ak\u0131m\u0131 \u00e7evirici elektronik sistemlerle alternatif ak\u0131ma \u00e7eviren sistemler oldu\u011fundan gelecekte bu problemle kar\u015f\u0131la\u015f\u0131lmayacak. G\u00fcr\u00fclt\u00fc kirlili\u011fi mevcuttur, ancak bunun seviyesi ara\u015ft\u0131rma ve geli\u015ftirme ile a\u015fa\u011f\u0131 \u00e7ekilebilir.&#8221; a\u00e7\u0131klams\u0131nda bulundu.<\/p>\n<p>Kaynak: <a href=\"http:\/\/www.bloomberght.com\/haberler\/haber\/1292341-analiz-turkiye-enerjide-musrif\" target=\"_blank\">BloomBerght<\/a><\/p>","protected":false},"excerpt":{"rendered":"<p>Sorry, this entry is only available in Turkish. For the sake of viewer convenience, the content is shown below in the alternative language. You may click the link to switch the active language. &#8220;T\u00fcrkiye ENERJ\u0130 ile \u015eahlanacak&#8221; yaz\u0131 dizisinin\u00a0bu b\u00f6l\u00fcm\u00fcnde enerji uzman\u0131 Turhan \u00c7oban, r\u00fczgar enerjisinin gelece\u011fini S\u00fcheyla Y\u0131lmaz&#8217;a anlatt\u0131; enerji tasarrufuna dikkat \u00e7eken \u00c7oban, [&hellip;]<\/p>\n","protected":false},"author":1,"featured_media":5636,"comment_status":"open","ping_status":"open","sticky":false,"template":"","format":"standard","meta":[],"categories":[51,53,52,50],"tags":[67,103,12,69,16,133],"views":957,"_links":{"self":[{"href":"https:\/\/www.enerjigazetesi.ist\/en\/wp-json\/wp\/v2\/posts\/5635"}],"collection":[{"href":"https:\/\/www.enerjigazetesi.ist\/en\/wp-json\/wp\/v2\/posts"}],"about":[{"href":"https:\/\/www.enerjigazetesi.ist\/en\/wp-json\/wp\/v2\/types\/post"}],"author":[{"embeddable":true,"href":"https:\/\/www.enerjigazetesi.ist\/en\/wp-json\/wp\/v2\/users\/1"}],"replies":[{"embeddable":true,"href":"https:\/\/www.enerjigazetesi.ist\/en\/wp-json\/wp\/v2\/comments?post=5635"}],"version-history":[{"count":3,"href":"https:\/\/www.enerjigazetesi.ist\/en\/wp-json\/wp\/v2\/posts\/5635\/revisions"}],"predecessor-version":[{"id":5638,"href":"https:\/\/www.enerjigazetesi.ist\/en\/wp-json\/wp\/v2\/posts\/5635\/revisions\/5638"}],"wp:featuredmedia":[{"embeddable":true,"href":"https:\/\/www.enerjigazetesi.ist\/en\/wp-json\/wp\/v2\/media\/5636"}],"wp:attachment":[{"href":"https:\/\/www.enerjigazetesi.ist\/en\/wp-json\/wp\/v2\/media?parent=5635"}],"wp:term":[{"taxonomy":"category","embeddable":true,"href":"https:\/\/www.enerjigazetesi.ist\/en\/wp-json\/wp\/v2\/categories?post=5635"},{"taxonomy":"post_tag","embeddable":true,"href":"https:\/\/www.enerjigazetesi.ist\/en\/wp-json\/wp\/v2\/tags?post=5635"}],"curies":[{"name":"wp","href":"https:\/\/api.w.org\/{rel}","templated":true}]}}