{"id":56340,"date":"2016-08-11T10:10:05","date_gmt":"2016-08-11T07:10:05","guid":{"rendered":"https:\/\/www.enerjigazetesi.ist\/?p=56340"},"modified":"2016-08-10T22:40:25","modified_gmt":"2016-08-10T19:40:25","slug":"turkiye-gunes-enerjisinde-toplamda-5621-mw-kurulu-guce-ulasti","status":"publish","type":"post","link":"https:\/\/www.enerjigazetesi.ist\/en\/turkiye-gunes-enerjisinde-toplamda-5621-mw-kurulu-guce-ulasti\/","title":{"rendered":"(Turkish) T\u00fcrkiye G\u00fcne\u015f Enerjisinde Toplamda 562,1 MW Kurulu G\u00fcce Ula\u015ft\u0131!"},"content":{"rendered":"<p class=\"qtranxs-available-languages-message qtranxs-available-languages-message-en\">Sorry, this entry is only available in <a href=\"https:\/\/www.enerjigazetesi.ist\/tr\/wp-json\/wp\/v2\/posts\/56340\" class=\"qtranxs-available-language-link qtranxs-available-language-link-tr\" title=\"Turkish\">Turkish<\/a>. For the sake of viewer convenience, the content is shown below in the alternative language. You may click the link to switch the active language.<\/p><p><\/p>\n<p style=\"color: #222222;\"><strong>T\u00fcrkiye Elektrik \u0130letim A.\u015e. T\u00fcrkiye\u2019nin toplam elektrik \u00fcretim kapasitesine dair g\u00fcncel verilerini yay\u0131mlad\u0131.<\/strong><\/p>\n<p style=\"color: #222222;\"><img loading=\"lazy\" class=\"alignleft size-medium wp-image-6579\" src=\"https:\/\/www.enerjigazetesi.ist\/wp-content\/uploads\/2013\/02\/dunyada-ki-gunes-elektrigi-sistemlerinin-kurulu-gucu-100-GW-asti-300x201.png\" alt=\"gunes-elektrigi-sistemlerinin-kurulu-gucu\" width=\"300\" height=\"201\" srcset=\"https:\/\/www.enerjigazetesi.ist\/wp-content\/uploads\/2013\/02\/dunyada-ki-gunes-elektrigi-sistemlerinin-kurulu-gucu-100-GW-asti-300x201.png 300w, https:\/\/www.enerjigazetesi.ist\/wp-content\/uploads\/2013\/02\/dunyada-ki-gunes-elektrigi-sistemlerinin-kurulu-gucu-100-GW-asti-74x50.png 74w, https:\/\/www.enerjigazetesi.ist\/wp-content\/uploads\/2013\/02\/dunyada-ki-gunes-elektrigi-sistemlerinin-kurulu-gucu-100-GW-asti.png 500w\" sizes=\"(max-width: 300px) 100vw, 300px\" \/>Yay\u0131nlanan verilere g\u00f6re T\u00fcrkiye\u2019nin elektrik \u00fcretim kapasitesi 2016\u2019n\u0131n ilk 7 ay\u0131nda 3.890,8 MW art\u0131\u015f ile 77.037,5 MW seviyelerine kadar y\u00fckseldi.\u00a0Son bir ayda ise toplam g\u00fc\u00e7leri 56,2 MW olan 60 santral devreye\u00a0al\u0131nd\u0131.<\/p>\n<p style=\"color: #222222;\">Ayn\u0131 d\u00f6nemde ise g\u00fcne\u015f enerjisine dayal\u0131 elektrik \u00fcretim kapasitesi ise 313,3 MW artarak 562,1 MW\u2019a ula\u015ft\u0131.<\/p>\n<p style=\"color: #222222;\">Bu g\u00fcc\u00fcn tamam\u0131n\u0131 ise toplam say\u0131s\u0131 733\u2019e ula\u015fm\u0131\u015f lisanss\u0131z elektrik \u00fcretim santralleri olu\u015fturmaktad\u0131r.<\/p>\n<p style=\"color: #222222;\">T\u00fcrkiye\u2019nin g\u00fcne\u015f enerjisi g\u00fcc\u00fc 31 Aral\u0131k 2015 itibari ile <strong>248,8 MW<\/strong>, 30 Haziran 2016 itibari ile ise <strong>505,9 MW\u2019a<\/strong> ula\u015fm\u0131\u015ft\u0131r.<\/p>\n<p><\/p>","protected":false},"excerpt":{"rendered":"<p>Sorry, this entry is only available in Turkish. For the sake of viewer convenience, the content is shown below in the alternative language. You may click the link to switch the active language. T\u00fcrkiye Elektrik \u0130letim A.\u015e. T\u00fcrkiye\u2019nin toplam elektrik \u00fcretim kapasitesine dair g\u00fcncel verilerini yay\u0131mlad\u0131. Yay\u0131nlanan verilere g\u00f6re T\u00fcrkiye\u2019nin elektrik \u00fcretim kapasitesi 2016\u2019n\u0131n ilk [&hellip;]<\/p>\n","protected":false},"author":1,"featured_media":6579,"comment_status":"open","ping_status":"open","sticky":false,"template":"","format":"standard","meta":[],"categories":[53,49],"tags":[63,67,1009,2698,165,227,13,23133,22975,4269],"views":805,"_links":{"self":[{"href":"https:\/\/www.enerjigazetesi.ist\/en\/wp-json\/wp\/v2\/posts\/56340"}],"collection":[{"href":"https:\/\/www.enerjigazetesi.ist\/en\/wp-json\/wp\/v2\/posts"}],"about":[{"href":"https:\/\/www.enerjigazetesi.ist\/en\/wp-json\/wp\/v2\/types\/post"}],"author":[{"embeddable":true,"href":"https:\/\/www.enerjigazetesi.ist\/en\/wp-json\/wp\/v2\/users\/1"}],"replies":[{"embeddable":true,"href":"https:\/\/www.enerjigazetesi.ist\/en\/wp-json\/wp\/v2\/comments?post=56340"}],"version-history":[{"count":2,"href":"https:\/\/www.enerjigazetesi.ist\/en\/wp-json\/wp\/v2\/posts\/56340\/revisions"}],"predecessor-version":[{"id":56342,"href":"https:\/\/www.enerjigazetesi.ist\/en\/wp-json\/wp\/v2\/posts\/56340\/revisions\/56342"}],"wp:featuredmedia":[{"embeddable":true,"href":"https:\/\/www.enerjigazetesi.ist\/en\/wp-json\/wp\/v2\/media\/6579"}],"wp:attachment":[{"href":"https:\/\/www.enerjigazetesi.ist\/en\/wp-json\/wp\/v2\/media?parent=56340"}],"wp:term":[{"taxonomy":"category","embeddable":true,"href":"https:\/\/www.enerjigazetesi.ist\/en\/wp-json\/wp\/v2\/categories?post=56340"},{"taxonomy":"post_tag","embeddable":true,"href":"https:\/\/www.enerjigazetesi.ist\/en\/wp-json\/wp\/v2\/tags?post=56340"}],"curies":[{"name":"wp","href":"https:\/\/api.w.org\/{rel}","templated":true}]}}