{"id":56300,"date":"2016-08-10T14:41:29","date_gmt":"2016-08-10T11:41:29","guid":{"rendered":"https:\/\/www.enerjigazetesi.ist\/?p=56300"},"modified":"2016-08-10T14:43:42","modified_gmt":"2016-08-10T11:43:42","slug":"karkey-sirketine-odeme-yapilmadigindan-iraktaki-elektrik-uretimini-durdurdu","status":"publish","type":"post","link":"https:\/\/www.enerjigazetesi.ist\/en\/karkey-sirketine-odeme-yapilmadigindan-iraktaki-elektrik-uretimini-durdurdu\/","title":{"rendered":"(Turkish) Karkey \u015eirketine \u00d6deme Yap\u0131lmad\u0131\u011f\u0131ndan Irak\u2019taki Elektrik \u00dcretimini Durdurdu!"},"content":{"rendered":"<p class=\"qtranxs-available-languages-message qtranxs-available-languages-message-en\">Sorry, this entry is only available in <a href=\"https:\/\/www.enerjigazetesi.ist\/tr\/wp-json\/wp\/v2\/posts\/56300\" class=\"qtranxs-available-language-link qtranxs-available-language-link-tr\" title=\"Turkish\">Turkish<\/a>. For the sake of viewer convenience, the content is shown below in the alternative language. You may click the link to switch the active language.<\/p><p><\/p>\n<p class=\"selectionShareable\" style=\"color: #0a0a0a;\"><strong>Irak Elektrik Bakanl\u0131\u011f\u0131 S\u00f6zc\u00fcs\u00fc Fethi: \u201cBasra kentindeki 415 megawatt elektrik \u00fcretimi yapan T\u00fcrk \u015firketi Karkey\u2019e bakanl\u0131k taraf\u0131ndan gerekli \u00f6deme yap\u0131lmad\u0131\u011f\u0131 i\u00e7in \u015firket elektrik \u00fcretimini durdurdu\u201d dedi.<\/strong><span id=\"more-82889\"><\/span><\/p>\n<p class=\"selectionShareable\" style=\"color: #0a0a0a;\">Irak Elektrik Bakanl\u0131\u011f\u0131, \u00fclkenin g\u00fcneyindeki Basra kentinde elektrik \u00fcretimi yapan T\u00fcrk \u015firketi Karkey\u2019e\u00a0olan bor\u00e7lar\u0131n \u00f6denmemesi nedeni ile\u00a0fi<a href=\"https:\/\/www.enerjigazetesi.ist\/wp-content\/uploads\/2013\/10\/elektrik-dagitimin-ozel-sektore-devri-tamamlandi.jpg\"><img loading=\"lazy\" class=\"alignleft size-medium wp-image-16042\" src=\"https:\/\/www.enerjigazetesi.ist\/wp-content\/uploads\/2013\/10\/elektrik-dagitimin-ozel-sektore-devri-tamamlandi-300x206.jpg\" alt=\"elektrik-enerjisi\" width=\"300\" height=\"206\" srcset=\"https:\/\/www.enerjigazetesi.ist\/wp-content\/uploads\/2013\/10\/elektrik-dagitimin-ozel-sektore-devri-tamamlandi-300x206.jpg 300w, https:\/\/www.enerjigazetesi.ist\/wp-content\/uploads\/2013\/10\/elektrik-dagitimin-ozel-sektore-devri-tamamlandi-500x343.jpg 500w, https:\/\/www.enerjigazetesi.ist\/wp-content\/uploads\/2013\/10\/elektrik-dagitimin-ozel-sektore-devri-tamamlandi-72x50.jpg 72w, https:\/\/www.enerjigazetesi.ist\/wp-content\/uploads\/2013\/10\/elektrik-dagitimin-ozel-sektore-devri-tamamlandi.jpg 567w\" sizes=\"(max-width: 300px) 100vw, 300px\" \/><\/a>rman\u0131n elektrik \u00fcretimini durdurdu\u011funu s\u00f6yledi.<\/p>\n<p class=\"selectionShareable\" style=\"color: #0a0a0a;\">Elektrik Bakanl\u0131\u011f\u0131 S\u00f6zc\u00fcs\u00fc Muhammed Fethi a\u00e7\u0131klamas\u0131nda, \u201cBasra kentinde 415 megawatt elektrik \u00fcretimi yapan T\u00fcrk \u015firketi Karkey\u2019e bakanl\u0131k taraf\u0131ndan gerekli \u00f6deme yap\u0131lmad\u0131\u011f\u0131 i\u00e7in \u015firket elektrik \u00fcretimini durdurdu.\u201d ifadelerine yer verdi.<\/p>\n<p class=\"selectionShareable\" style=\"color: #0a0a0a;\">Bakanl\u0131k ve \u015firket aras\u0131nda imzalanm\u0131\u015f olan anla\u015fmaya da de\u011finen Fethi, \u201cHaziran\u2019dan Ekim ay\u0131na kadar temin edilecek 415 megawatt elektrik i\u00e7in 85 milyon dolarl\u0131k bir \u00f6deme yap\u0131lmas\u0131 gerekiyordu ancak \u015fu ana kadar gerekli \u00f6deme yap\u0131lmad\u0131\u011f\u0131 i\u00e7in elektrik \u00fcretimi \u015firket taraf\u0131ndan durduruldu.\u201d dedi.<\/p>\n<p class=\"selectionShareable\" style=\"color: #0a0a0a;\">Elektrik Bakan\u0131 Kas\u0131m Fehdavi, ge\u00e7ti\u011fimiz per\u015fembe g\u00fcn\u00fc yapt\u0131\u011f\u0131 a\u00e7\u0131klamada, T\u00fcrk \u015firketi Karkey\u2019e 85 milyon dolar bor\u00e7lu olundu\u011funu ve \u015fu ana kadar ise sadece 15 milyon dolar \u00f6deme yapt\u0131klar\u0131n\u0131\u00a0ifade etmi\u015fti.<\/p>\n<p><\/p>","protected":false},"excerpt":{"rendered":"<p>Sorry, this entry is only available in Turkish. For the sake of viewer convenience, the content is shown below in the alternative language. You may click the link to switch the active language. Irak Elektrik Bakanl\u0131\u011f\u0131 S\u00f6zc\u00fcs\u00fc Fethi: \u201cBasra kentindeki 415 megawatt elektrik \u00fcretimi yapan T\u00fcrk \u015firketi Karkey\u2019e bakanl\u0131k taraf\u0131ndan gerekli \u00f6deme yap\u0131lmad\u0131\u011f\u0131 i\u00e7in \u015firket [&hellip;]<\/p>\n","protected":false},"author":1,"featured_media":16042,"comment_status":"open","ping_status":"open","sticky":false,"template":"","format":"standard","meta":[],"categories":[51,53],"tags":[68,61,17197,1451,2873,19,63,67,1009,2698,165,30834,945,17202,2184],"views":761,"_links":{"self":[{"href":"https:\/\/www.enerjigazetesi.ist\/en\/wp-json\/wp\/v2\/posts\/56300"}],"collection":[{"href":"https:\/\/www.enerjigazetesi.ist\/en\/wp-json\/wp\/v2\/posts"}],"about":[{"href":"https:\/\/www.enerjigazetesi.ist\/en\/wp-json\/wp\/v2\/types\/post"}],"author":[{"embeddable":true,"href":"https:\/\/www.enerjigazetesi.ist\/en\/wp-json\/wp\/v2\/users\/1"}],"replies":[{"embeddable":true,"href":"https:\/\/www.enerjigazetesi.ist\/en\/wp-json\/wp\/v2\/comments?post=56300"}],"version-history":[{"count":4,"href":"https:\/\/www.enerjigazetesi.ist\/en\/wp-json\/wp\/v2\/posts\/56300\/revisions"}],"predecessor-version":[{"id":56304,"href":"https:\/\/www.enerjigazetesi.ist\/en\/wp-json\/wp\/v2\/posts\/56300\/revisions\/56304"}],"wp:featuredmedia":[{"embeddable":true,"href":"https:\/\/www.enerjigazetesi.ist\/en\/wp-json\/wp\/v2\/media\/16042"}],"wp:attachment":[{"href":"https:\/\/www.enerjigazetesi.ist\/en\/wp-json\/wp\/v2\/media?parent=56300"}],"wp:term":[{"taxonomy":"category","embeddable":true,"href":"https:\/\/www.enerjigazetesi.ist\/en\/wp-json\/wp\/v2\/categories?post=56300"},{"taxonomy":"post_tag","embeddable":true,"href":"https:\/\/www.enerjigazetesi.ist\/en\/wp-json\/wp\/v2\/tags?post=56300"}],"curies":[{"name":"wp","href":"https:\/\/api.w.org\/{rel}","templated":true}]}}