{"id":56233,"date":"2016-08-08T22:45:30","date_gmt":"2016-08-08T19:45:30","guid":{"rendered":"https:\/\/www.enerjigazetesi.ist\/?p=56233"},"modified":"2016-08-08T22:47:06","modified_gmt":"2016-08-08T19:47:06","slug":"2016-dunya-limit-asim-gunu-8-agustos-oldu","status":"publish","type":"post","link":"https:\/\/www.enerjigazetesi.ist\/en\/2016-dunya-limit-asim-gunu-8-agustos-oldu\/","title":{"rendered":"(Turkish) 2016 D\u00fcnya Limit A\u015f\u0131m G\u00fcn\u00fc 8 A\u011fustos Oldu!"},"content":{"rendered":"<p class=\"qtranxs-available-languages-message qtranxs-available-languages-message-en\">Sorry, this entry is only available in <a href=\"https:\/\/www.enerjigazetesi.ist\/tr\/wp-json\/wp\/v2\/posts\/56233\" class=\"qtranxs-available-language-link qtranxs-available-language-link-tr\" title=\"Turkish\">Turkish<\/a>. For the sake of viewer convenience, the content is shown below in the alternative language. You may click the link to switch the active language.<\/p><p><strong>Gezegenimizin bize ay\u0131rd\u0131\u011f\u0131 bir y\u0131ll\u0131k do\u011fal kaynak kapasitesini 8 A\u011fustos itibar\u0131 ile t\u00fcketmi\u015f bulunmaktay\u0131z.<\/strong><\/p>\n<p>D\u00fcnya Limit A\u015f\u0131m G\u00fcn\u00fc bu y\u0131l be\u015f g\u00fcn daha \u00f6ne \u00e7ekildi ve 8 A\u011fustos 2016 tarihine denk geldi. \u0130nsanlar\u0131n, d\u00fcnyam\u0131z\u0131n do\u011fal dengesini bozmadan bir y\u0131l i\u00e7inde \u00fcretebilece\u011fi kaynaklar\u0131 t\u00fcketti\u011fi g\u00fcn\u00fc g\u00f6steren Limit A\u015f\u0131m G\u00fcn\u00fc <a href=\"https:\/\/www.enerjigazetesi.ist\/wp-content\/uploads\/2016\/08\/2016-dunya-limit-asim-gunu-8-agustos-oldu.jpg\"><img loading=\"lazy\" class=\"alignright size-medium wp-image-56234\" src=\"https:\/\/www.enerjigazetesi.ist\/wp-content\/uploads\/2016\/08\/2016-dunya-limit-asim-gunu-8-agustos-oldu-300x208.jpg\" alt=\"2016-dunya-limit-asim-gunu-8-agustos-oldu\" width=\"300\" height=\"208\" srcset=\"https:\/\/www.enerjigazetesi.ist\/wp-content\/uploads\/2016\/08\/2016-dunya-limit-asim-gunu-8-agustos-oldu-300x208.jpg 300w, https:\/\/www.enerjigazetesi.ist\/wp-content\/uploads\/2016\/08\/2016-dunya-limit-asim-gunu-8-agustos-oldu-1024x711.jpg 1024w, https:\/\/www.enerjigazetesi.ist\/wp-content\/uploads\/2016\/08\/2016-dunya-limit-asim-gunu-8-agustos-oldu-500x347.jpg 500w, https:\/\/www.enerjigazetesi.ist\/wp-content\/uploads\/2016\/08\/2016-dunya-limit-asim-gunu-8-agustos-oldu-71x50.jpg 71w, https:\/\/www.enerjigazetesi.ist\/wp-content\/uploads\/2016\/08\/2016-dunya-limit-asim-gunu-8-agustos-oldu.jpg 1433w\" sizes=\"(max-width: 300px) 100vw, 300px\" \/><\/a>bir \u00f6nceki y\u0131l 13 A\u011fustos\u2019u i\u015faret ediyordu. Bunun nedeni <strong>bir y\u0131l \u00f6ncesine g\u00f6re okyanuslar\u0131n ve ormanlar\u0131n emebilece\u011finden daha fazla sera gaz\u0131 emisyonu \u00fcretmemiz, bal\u0131k stoklar\u0131 ve ormanlar\u0131 kendilerini yenileyebileceklerinden daha h\u0131zl\u0131 bir \u015fekilde t\u00fcketmemiz idi.<\/strong><\/p>\n<p><strong>K\u00fcresel Ayak \u0130zi A\u011f\u0131<\/strong> (Global Footprint Network\u2013GFN) adl\u0131 uluslararas\u0131 ara\u015ft\u0131rma kurulu\u015funun sa\u011flad\u0131\u011f\u0131 veriler d\u00fcnyadaki t\u00fcketimin kar\u015f\u0131lanmas\u0131 i\u00e7in art\u0131k 1,6 d\u00fcnyaya gereksinim oldu\u011funu g\u00f6steriyor. <strong>WWF-T\u00fcrkiye Do\u011fa Koruma Direkt\u00f6r\u00fc Sedat Kalem<\/strong>\u2019in tabiri ile, <strong>\u201cD\u00fcnyay\u0131 bir elma a\u011fac\u0131 kabul edersek, \u015fu anda yapt\u0131\u011f\u0131m\u0131z o a\u011fac\u0131n bize verdi\u011fi elmalar\u0131 yemekten \u00f6te a\u011fac\u0131 kesmeye ba\u015flamak\u201d<\/strong>. Kalem, limit a\u015f\u0131m\u0131na en h\u0131zl\u0131 katk\u0131y\u0131 artan karbon emisyonlar\u0131n\u0131n yapt\u0131\u011f\u0131na dikkat \u00e7ekerek, Paris Anla\u015fmas\u0131\u2019n\u0131n i\u015faret etti\u011fi yolda ilerleyip, karbon ayak izimizi 2050\u2019de s\u0131f\u0131ra yak\u0131n bir seviyeye getirmemiz gerekti\u011fini bize hat\u0131rlat\u0131yor.<\/p>\n<p><strong>K\u00fcresel Ayak \u0130zi A\u011f\u0131 Ba\u015fkan\u0131 Dr. Mathis Wackernagel<\/strong>, t\u00fcm bu olumsuz tabloya ra\u011fmen, g\u00fcn\u00fcm\u00fcz\u00fcn teknolojik olanaklar\u0131n\u0131n ve bu olanaklar\u0131n olas\u0131 kay\u0131plar kar\u015f\u0131s\u0131nda sa\u011flad\u0131\u011f\u0131 finansal getirilerin bizim i\u00e7in iyi haber say\u0131labilece\u011fini d\u00fc\u015f\u00fcn\u00fcyor. Wackernagel, \u201cBu f\u0131rsat <strong>yenilenebilir enerji<\/strong> gibi geli\u015fen sekt\u00f6rleri canland\u0131r\u0131rken, <strong>iklim de\u011fi\u015fikli\u011fiyle<\/strong> birlikte an\u0131lan yetersiz altyap\u0131yla ilgili risk ve maliyetleri de azaltacak. <strong>H\u00e2l\u00e2 ihtiya\u00e7 duydu\u011fumuz tek kaynak ise politik irade<\/strong>\u201d dedi.<\/p>\n<p>D\u00fcnya n\u00fcfusunun ve t\u00fcketimin artmas\u0131, sera gaz\u0131 emisyonlar\u0131ndaki art\u0131\u015f\u0131n da etkisiyle, 2000 y\u0131l\u0131nda Eyl\u00fcl ay\u0131na denk d\u00fc\u015fen <strong>D\u00fcnya Limit A\u015f\u0131m G\u00fcn\u00fc<\/strong>\u2019n\u00fc bu y\u0131l 8 A\u011fustos\u2019a \u00e7ekti. <strong>Tek tesellimiz son be\u015f y\u0131lda D\u00fcnya Limit A\u015f\u0131m G\u00fcn\u00fc\u2019n\u00fc daha erken bir tarihe alan h\u0131z\u0131n yava\u015flam\u0131\u015f olmas\u0131 ve bir\u00e7ok \u00fclkenin bu konuda olumlu ad\u0131mlar atmaya ba\u015flamas\u0131.<\/strong> 2016\u2019\u0131n ilk \u00fc\u00e7 ay\u0131nda elektrik \u00fcretiminin y\u00fczde 97\u2019sini yenilenebilir enerji kaynaklar\u0131ndan sa\u011flayan <strong>Kosta Rika<\/strong> ve birka\u00e7 g\u00fcn boyunca t\u00fcm elektrik ihtiyac\u0131n\u0131 yine yenilenebilir enerjiden sa\u011flayan <strong>Portekiz<\/strong> bunlardan baz\u0131lar\u0131. 2030 y\u0131l\u0131na kadar \u00fclkedeki et t\u00fcketimini y\u00fczde 50 oran\u0131nda azaltma karar\u0131 alan \u00c7in h\u00fck\u00fcmetinin bu sayede karbondioksit emisyonlar\u0131n\u0131 1 milyar ton azaltmay\u0131 hedeflemesini de bu olumlu ad\u0131mlar aras\u0131nda sayabiliriz.<\/p>\n<p><strong>WWF-T\u00fcrkiye, \u015firketlere \u00fcretim s\u00fcre\u00e7lerini en verimli \u015fekilde ger\u00e7ekle\u015ftirmeleri, bireylere ise g\u00fcnl\u00fck hayatlar\u0131nda daha iyi se\u00e7imler yapmalar\u0131 i\u00e7in \u00e7a\u011fr\u0131da bulunuyor&#8230;<\/strong><\/p>","protected":false},"excerpt":{"rendered":"<p>Sorry, this entry is only available in Turkish. For the sake of viewer convenience, the content is shown below in the alternative language. You may click the link to switch the active language.Gezegenimizin bize ay\u0131rd\u0131\u011f\u0131 bir y\u0131ll\u0131k do\u011fal kaynak kapasitesini 8 A\u011fustos itibar\u0131 ile t\u00fcketmi\u015f bulunmaktay\u0131z. D\u00fcnya Limit A\u015f\u0131m G\u00fcn\u00fc bu y\u0131l be\u015f g\u00fcn daha [&hellip;]<\/p>\n","protected":false},"author":1,"featured_media":56234,"comment_status":"open","ping_status":"open","sticky":false,"template":"","format":"standard","meta":[],"categories":[53,52],"tags":[886,31013,31011,31010,130,63,67,1009,2698,165,1999,3344,6843,31009,31012,27427,442,842,1298,105],"views":988,"_links":{"self":[{"href":"https:\/\/www.enerjigazetesi.ist\/en\/wp-json\/wp\/v2\/posts\/56233"}],"collection":[{"href":"https:\/\/www.enerjigazetesi.ist\/en\/wp-json\/wp\/v2\/posts"}],"about":[{"href":"https:\/\/www.enerjigazetesi.ist\/en\/wp-json\/wp\/v2\/types\/post"}],"author":[{"embeddable":true,"href":"https:\/\/www.enerjigazetesi.ist\/en\/wp-json\/wp\/v2\/users\/1"}],"replies":[{"embeddable":true,"href":"https:\/\/www.enerjigazetesi.ist\/en\/wp-json\/wp\/v2\/comments?post=56233"}],"version-history":[{"count":2,"href":"https:\/\/www.enerjigazetesi.ist\/en\/wp-json\/wp\/v2\/posts\/56233\/revisions"}],"predecessor-version":[{"id":56236,"href":"https:\/\/www.enerjigazetesi.ist\/en\/wp-json\/wp\/v2\/posts\/56233\/revisions\/56236"}],"wp:featuredmedia":[{"embeddable":true,"href":"https:\/\/www.enerjigazetesi.ist\/en\/wp-json\/wp\/v2\/media\/56234"}],"wp:attachment":[{"href":"https:\/\/www.enerjigazetesi.ist\/en\/wp-json\/wp\/v2\/media?parent=56233"}],"wp:term":[{"taxonomy":"category","embeddable":true,"href":"https:\/\/www.enerjigazetesi.ist\/en\/wp-json\/wp\/v2\/categories?post=56233"},{"taxonomy":"post_tag","embeddable":true,"href":"https:\/\/www.enerjigazetesi.ist\/en\/wp-json\/wp\/v2\/tags?post=56233"}],"curies":[{"name":"wp","href":"https:\/\/api.w.org\/{rel}","templated":true}]}}