{"id":56229,"date":"2016-08-08T18:47:59","date_gmt":"2016-08-08T15:47:59","guid":{"rendered":"https:\/\/www.enerjigazetesi.ist\/?p=56229"},"modified":"2016-08-08T18:48:27","modified_gmt":"2016-08-08T15:48:27","slug":"avrupa-turk-akimina-muhalefet-edecek","status":"publish","type":"post","link":"https:\/\/www.enerjigazetesi.ist\/en\/avrupa-turk-akimina-muhalefet-edecek\/","title":{"rendered":"(Turkish) \u201cAvrupa T\u00fcrk Ak\u0131m\u0131\u2019na Muhalefet Edecek&#8230;\u201d"},"content":{"rendered":"<p class=\"qtranxs-available-languages-message qtranxs-available-languages-message-en\">Sorry, this entry is only available in <a href=\"https:\/\/www.enerjigazetesi.ist\/tr\/wp-json\/wp\/v2\/posts\/56229\" class=\"qtranxs-available-language-link qtranxs-available-language-link-tr\" title=\"Turkish\">Turkish<\/a>. For the sake of viewer convenience, the content is shown below in the alternative language. You may click the link to switch the active language.<\/p><p><\/p>\n<p class=\"selectionShareable\" style=\"color: #0a0a0a;\"><strong>Rusya Ulusal Enerj\u0456 G\u00fcvenl\u0456\u011f\u0456 Fonu Ba\u015fkan Yard\u0131mc\u0131s\u0131 Gr\u0456vach, T\u00fcrk Ak\u0131m\u0131na baz\u0131 Avrupal\u0131 pol\u0456t\u0456kac\u0131lar\u0131n muhalefet edece\u011f\u0456n\u0456 s\u00f6yled\u0456.<\/strong><span id=\"more-82821\"><\/span><\/p>\n<p class=\"selectionShareable\" style=\"color: #0a0a0a;\">Rusya Ulusal Enerj\u0456 G\u00fcvenl\u0456\u011f\u0456 Fonu Ba\u015fkan Yard\u0131mc\u0131s\u0131 Aleksey Gr\u0456vach, yen\u0456 ve b\u00fcy\u00fck enerj\u0456 projeler\u0456n\u0456n T\u00fcrk\u0456ye ve Rusya aras\u0131ndak\u0456 \u0456l\u0456\u015fk\u0456ler\u0456n\u00a0gel\u0456\u015ft\u0456r\u0456lmes\u0456nde \u00f6neml\u0456 oldu\u011funu\u00a0belirtti.<\/p>\n<p class=\"selectionShareable\" style=\"color: #0a0a0a;\">Baz\u0131 Avrupal\u0131 pol\u0456t\u0456kac\u0131lar\u0131n p<a href=\"https:\/\/www.enerjigazetesi.ist\/wp-content\/uploads\/2016\/08\/avrupa-turk-akiminda-muhalefet-edecek.jpg\"><img loading=\"lazy\" class=\"alignleft size-medium wp-image-56230\" src=\"https:\/\/www.enerjigazetesi.ist\/wp-content\/uploads\/2016\/08\/avrupa-turk-akiminda-muhalefet-edecek-300x174.jpg\" alt=\"avrupa-turk-akiminda-muhalefet-edecek\" width=\"300\" height=\"174\" srcset=\"https:\/\/www.enerjigazetesi.ist\/wp-content\/uploads\/2016\/08\/avrupa-turk-akiminda-muhalefet-edecek-300x174.jpg 300w, https:\/\/www.enerjigazetesi.ist\/wp-content\/uploads\/2016\/08\/avrupa-turk-akiminda-muhalefet-edecek-500x290.jpg 500w, https:\/\/www.enerjigazetesi.ist\/wp-content\/uploads\/2016\/08\/avrupa-turk-akiminda-muhalefet-edecek-80x46.jpg 80w, https:\/\/www.enerjigazetesi.ist\/wp-content\/uploads\/2016\/08\/avrupa-turk-akiminda-muhalefet-edecek.jpg 696w\" sizes=\"(max-width: 300px) 100vw, 300px\" \/><\/a>rojeye muhalefet edeb\u0456lece\u011f\u0456n\u0456 ancak bunun \u00f6neml\u0456 olmad\u0131\u011f\u0131n\u0131 vurgulayan Gr\u0456vach, T\u00fcrk\u0456ye ve Rusya\u2019n\u0131n kar\u015f\u0131l\u0131kl\u0131 anla\u015fmalarla gereken altyap\u0131 \u0456n\u015faat\u0131n\u0131 yapab\u0456lece\u011f\u0456n\u0456 b\u0456ld\u0456rd\u0456.<\/p>\n<p class=\"selectionShareable\" style=\"color: #0a0a0a;\">Gr\u0456vach, T\u00fcrk\u0456ye taraf\u0131na \u0456n\u015fa ed\u0456lmes\u0456 planlanan projen\u0456n \u0456lk hatt\u0131 \u0456\u00e7\u0456n h\u00fck\u00fcmetler aras\u0131 anla\u015fmalar ve baz\u0131 t\u0456car\u0456 s\u00f6zle\u015fmeler\u0456n yap\u0131lmas\u0131n\u0131n yeterl\u0456 oldu\u011funu, \u0456k\u0456nc\u0456 hatt\u0131n \u0456se Avrupa \u0456let\u0456m hatt\u0131na entegres\u0456 gerekt\u0456\u011f\u0456 \u0456\u00e7\u0456n bunun zaman alab\u0456lece\u011f\u0456n\u0456 \u0456fade ett\u0456.<\/p>\n<p class=\"selectionShareable\" style=\"color: #0a0a0a;\">Yunan\u0456stan\u2019\u0131n projeyle \u0456lg\u0456lend\u0456\u011f\u0456n\u0456 ancak Bulgar\u0456stan ve Romanya\u2019n\u0131n, ge\u00e7\u0456\u015f \u00fclkes\u0456 konumlar\u0131n\u0131 kaybetmemek \u0456\u00e7\u0456n projeye \u0456t\u0456raz edeb\u0456lece\u011f\u0456ne \u0456\u015faret eden Gr\u0456vach, Bat\u0131l\u0131 \u00fclkeler ve ABD \u0456le son d\u00f6nemde ya\u015fad\u0131\u011f\u0131 pol\u0456t\u0456k s\u0131k\u0131nt\u0131lar\u0131n T\u00fcrk\u0456ye\u2019y\u0456 b\u0456r do\u011falgaz ge\u00e7\u0456\u015f \u00fclkes\u0456 olmak konusunda zora sokaca\u011f\u0131n\u0131 savundu.<\/p>\n<p class=\"selectionShareable\" style=\"color: #0a0a0a;\"><strong>\u201cT\u00fcrk Ak\u0131m\u0131 20 y\u0131l\u0131 \u015fek\u0456llend\u0456recek\u201d<\/strong><\/p>\n<p class=\"selectionShareable\" style=\"color: #0a0a0a;\">Angora Gaz Genel M\u00fcd\u00fcr\u00fc G\u00f6khan Yard\u0131m da T\u00fcrk Ak\u0131m\u0131 do\u011falgaz projes\u0456n\u0456n, \u0456k\u0456 \u00fclke aras\u0131nda gelecek 20 y\u0131l\u0131 \u015fek\u0456llend\u0456recek \u00f6neml\u0456 b\u0456r proje oldu\u011funu s\u00f6yled\u0456.<\/p>\n<p class=\"selectionShareable\" style=\"color: #0a0a0a;\">Projen\u0456n ger\u00e7ekle\u015fmes\u0456 hal\u0456nde Mav\u0456 Ak\u0131m do\u011falgaz boru hatt\u0131ndak\u0456 g\u0456b\u0456 Rus gaz\u0131n\u0131n g\u00fcvenl\u0456 b\u0456r \u015fek\u0456lde do\u011frudan T\u00fcrk\u0456ye\u2019ye gelece\u011f\u0456ne \u0456\u015faret eden Yard\u0131m, enerj\u0456 g\u00fcvenl\u0456\u011f\u0456 a\u00e7\u0131s\u0131ndan da projen\u0456n kr\u0456t\u0456k b\u0456r role sah\u0456p olaca\u011f\u0131n\u0131 \u0456fade ett\u0456.<\/p>\n<p class=\"selectionShareable\" style=\"color: #0a0a0a;\">Yard\u0131m, proje hayata ge\u00e7\u0456r\u0456ld\u0456\u011f\u0456nde T\u00fcrk\u0456ye\u2019dek\u0456 do\u011falgaz \u0456thalat\u00e7\u0131lar\u0131n\u0131n 4 m\u0456lyar metrek\u00fcp \u0456lave do\u011falgaz tem\u0456n edeb\u0456lecekler\u0456n\u0456 bel\u0456rterek, \u201c\u015eu anda yakla\u015f\u0131k 30 \u015f\u0456rket, 10 m\u0456lyar metrek\u00fcp Rus gaz\u0131n\u0131 \u0456thal ed\u0456p t\u0456caret\u0456n\u0456 yap\u0131yor. Bu m\u0456ktar\u0131n artmas\u0131 serbest do\u011falgaz p\u0456yasas\u0131n\u0131n gel\u0456\u015fmes\u0456 a\u00e7\u0131s\u0131ndan \u00f6neml\u0456.\u201d d\u0456ye konu\u015ftu.<\/p>\n<p class=\"selectionShareable\" style=\"color: #0a0a0a;\">T\u00fcrk\u0456ye\u2019n\u0456n \u0456\u00e7\u0456nde yer alaca\u011f\u0131 do\u011falgaz projeler\u0456n\u0456n b\u0456rb\u0456r\u0456n\u0456 olumsuz etk\u0456lemeyece\u011f\u0456ne d\u0456kkat\u0456 \u00e7eken Yard\u0131m, \u201cT\u00fcrk Ak\u0131m\u0131\u2019n\u0131n yap\u0131lmas\u0131, Trans Anadolu Do\u011falgaz Boru Hatt\u0131 (TANAP) \u0456le \u0130sra\u0456l ve Kuzey \u0456rak\u2019la yap\u0131lmas\u0131 planlanan gaz\u0131 projeler\u0456n\u0456 etk\u0456lemez. T\u00fcrk Ak\u0131m\u0131 \u0456le zaten Rusya\u2019dan al\u0131nan gaz\u0131n g\u00fczergah\u0131 de\u011f\u0456\u015f\u0456p, g\u00fcvence alt\u0131na al\u0131nacak. Ancak \u00f6zell\u0456kle Azer\u0456 gaz\u0131n\u0131n Balkanlar\u2019da gel\u0456\u015fmes\u0456 ve pazar bulmas\u0131 a\u00e7\u0131s\u0131ndan etk\u0456leneb\u0456l\u0456r, ama rekabet sonu\u00e7ta \u0456y\u0456d\u0456r.\u201d de\u011ferlend\u0456rmes\u0456nde bulundu.<\/p>\n<p class=\"selectionShareable\" style=\"color: #0a0a0a;\">Rus Enerj\u0456 ve F\u0456nans Enst\u0456t\u00fcs\u00fc Ekonom\u0456 B\u00f6l\u00fcm\u00fc Ba\u015fkan\u0131 Marcel Sal\u0456khov da T\u00fcrk Ak\u0131m\u0131 Projes\u0456\u2019n\u0456n Cumhurba\u015fkan\u0131 Recep Tayy\u0456p Erdo\u011fan ve Rusya Devlet Ba\u015fkan\u0131 Vlad\u0456m\u0456r Put\u0456n\u2019\u0456n, 9 A\u011fustos\u2019ta ger\u00e7ekle\u015ft\u0456rece\u011f\u0456 g\u00f6r\u00fc\u015fmen\u0456n ana ba\u015fl\u0131klar\u0131ndan b\u0456r\u0456 olaca\u011f\u0131n\u0131\u00a0belirtti.<\/p>\n<p class=\"selectionShareable\" style=\"color: #0a0a0a;\">T\u00fcrk\u0456ye, projen\u0456n ger\u00e7ekle\u015fmes\u0456 hal\u0456nde Karaden\u0456z \u00fczer\u0456nden \u0456n\u015fa ed\u0456lecek b\u0456r hatla y\u0131ll\u0131k 15,7 m\u0456lyar metrek\u00fcp do\u011falgaz almay\u0131 hedefl\u0456yor. \u0130n\u015fa ed\u0456lmes\u0456 planlanan \u0456k\u0456nc\u0456 hatla \u0456se T\u00fcrk\u0456ye \u00fczer\u0456nden Avrupa\u2019n\u0131n g\u00fcneydo\u011fu b\u00f6lges\u0456ne do\u011falgaz ta\u015f\u0131mas\u0131 planlanmaktad\u0131r.<\/p>\n<p><\/p>","protected":false},"excerpt":{"rendered":"<p>Sorry, this entry is only available in Turkish. For the sake of viewer convenience, the content is shown below in the alternative language. You may click the link to switch the active language. Rusya Ulusal Enerj\u0456 G\u00fcvenl\u0456\u011f\u0456 Fonu Ba\u015fkan Yard\u0131mc\u0131s\u0131 Gr\u0456vach, T\u00fcrk Ak\u0131m\u0131na baz\u0131 Avrupal\u0131 pol\u0456t\u0456kac\u0131lar\u0131n muhalefet edece\u011f\u0456n\u0456 s\u00f6yled\u0456. Rusya Ulusal Enerj\u0456 G\u00fcvenl\u0456\u011f\u0456 Fonu Ba\u015fkan [&hellip;]<\/p>\n","protected":false},"author":1,"featured_media":56230,"comment_status":"open","ping_status":"open","sticky":false,"template":"","format":"standard","meta":[],"categories":[46,53],"tags":[31004,1964,31005,92,226,19761,2092,31006,2677,63,67,1009,2698,165,31007,31008,2297,20076],"views":704,"_links":{"self":[{"href":"https:\/\/www.enerjigazetesi.ist\/en\/wp-json\/wp\/v2\/posts\/56229"}],"collection":[{"href":"https:\/\/www.enerjigazetesi.ist\/en\/wp-json\/wp\/v2\/posts"}],"about":[{"href":"https:\/\/www.enerjigazetesi.ist\/en\/wp-json\/wp\/v2\/types\/post"}],"author":[{"embeddable":true,"href":"https:\/\/www.enerjigazetesi.ist\/en\/wp-json\/wp\/v2\/users\/1"}],"replies":[{"embeddable":true,"href":"https:\/\/www.enerjigazetesi.ist\/en\/wp-json\/wp\/v2\/comments?post=56229"}],"version-history":[{"count":2,"href":"https:\/\/www.enerjigazetesi.ist\/en\/wp-json\/wp\/v2\/posts\/56229\/revisions"}],"predecessor-version":[{"id":56232,"href":"https:\/\/www.enerjigazetesi.ist\/en\/wp-json\/wp\/v2\/posts\/56229\/revisions\/56232"}],"wp:featuredmedia":[{"embeddable":true,"href":"https:\/\/www.enerjigazetesi.ist\/en\/wp-json\/wp\/v2\/media\/56230"}],"wp:attachment":[{"href":"https:\/\/www.enerjigazetesi.ist\/en\/wp-json\/wp\/v2\/media?parent=56229"}],"wp:term":[{"taxonomy":"category","embeddable":true,"href":"https:\/\/www.enerjigazetesi.ist\/en\/wp-json\/wp\/v2\/categories?post=56229"},{"taxonomy":"post_tag","embeddable":true,"href":"https:\/\/www.enerjigazetesi.ist\/en\/wp-json\/wp\/v2\/tags?post=56229"}],"curies":[{"name":"wp","href":"https:\/\/api.w.org\/{rel}","templated":true}]}}