{"id":56179,"date":"2016-08-07T12:13:49","date_gmt":"2016-08-07T09:13:49","guid":{"rendered":"https:\/\/www.enerjigazetesi.ist\/?p=56179"},"modified":"2016-08-07T12:24:52","modified_gmt":"2016-08-07T09:24:52","slug":"izmirdeki-biyodizel-tesisi-atik-bitkisel-yag-kullaniminda-artis-saglayacak","status":"publish","type":"post","link":"https:\/\/www.enerjigazetesi.ist\/en\/izmirdeki-biyodizel-tesisi-atik-bitkisel-yag-kullaniminda-artis-saglayacak\/","title":{"rendered":"(Turkish) \u0130zmir&#8217;deki Biyodizel Tesisi At\u0131k Bitkisel Ya\u011f Kullan\u0131m\u0131n\u0131 Artt\u0131racak&#8230;"},"content":{"rendered":"<p class=\"qtranxs-available-languages-message qtranxs-available-languages-message-en\">Sorry, this entry is only available in <a href=\"https:\/\/www.enerjigazetesi.ist\/tr\/wp-json\/wp\/v2\/posts\/56179\" class=\"qtranxs-available-language-link qtranxs-available-language-link-tr\" title=\"Turkish\">Turkish<\/a>. For the sake of viewer convenience, the content is shown below in the alternative language. You may click the link to switch the active language.<\/p><p><strong>DB Tar\u0131msal Enerji&#8217;nin \u0130zmir&#8217;de bulunan Biyodizel Yak\u0131t \u00dcretim Tesisi tek hammadde olarak kulland\u0131\u011f\u0131 at\u0131k bitkisel ya\u011f kullan\u0131m\u0131nda art\u0131\u015f sa\u011flayacak.<\/strong><\/p>\n<p>DB Tar\u0131msal Enerji San. ve Tic. A.\u015e. taraf\u0131ndan \u0130zmir \u0130li, Torbal\u0131 \u0130l\u00e7esi, 7 Eyl\u00fcl Mah. adresinde toplam 27.605,62 m2&#8217;lik alanda faaliyet g\u00f6steren Biyodizel Yak\u0131t \u00dcretimi ve Bitkisel At\u0131kya\u011f Geri Kazan\u0131m Tesisi tek hammadde olarak kulland\u0131\u011f\u0131 at\u0131k bitkisel ya\u011f kullan\u0131m\u0131n\u0131 y\u0131lda 1550 tondan y\u0131<a href=\"https:\/\/www.enerjigazetesi.ist\/wp-content\/uploads\/2016\/08\/izmirde-bulunan-biyodizel-tesisi-atik-bitkisel-yag-kullanimini-arttiracak.jpg\"><img loading=\"lazy\" class=\"alignleft size-full wp-image-56180\" src=\"https:\/\/www.enerjigazetesi.ist\/wp-content\/uploads\/2016\/08\/izmirde-bulunan-biyodizel-tesisi-atik-bitkisel-yag-kullanimini-arttiracak.jpg\" alt=\"izmirde-bulunan-biyodizel-tesisi-atik-bitkisel-yag-kullanimini-arttiracak\" width=\"300\" height=\"200\" srcset=\"https:\/\/www.enerjigazetesi.ist\/wp-content\/uploads\/2016\/08\/izmirde-bulunan-biyodizel-tesisi-atik-bitkisel-yag-kullanimini-arttiracak.jpg 300w, https:\/\/www.enerjigazetesi.ist\/wp-content\/uploads\/2016\/08\/izmirde-bulunan-biyodizel-tesisi-atik-bitkisel-yag-kullanimini-arttiracak-75x50.jpg 75w\" sizes=\"(max-width: 300px) 100vw, 300px\" \/><\/a>lda 12.000 tona\u00a0y\u00fckselecek.<\/p>\n<p>Yap\u0131lmas\u0131 planlanan bu de\u011fi\u015fiklik sadece firman\u0131n hammadde kullan\u0131m oran\u0131n\u0131 de\u011fi\u015ftirecek. Proje kapsam\u0131nda herhangi bir makine ekipman ilavesi yap\u0131lmayacak.<\/p>\n<p>\u0130\u015fletme \u015fu anki mevcut durumu ile, d\u0131\u015far\u0131dan sat\u0131n ald\u0131\u011f\u0131 1550 ton ham ya\u011f\u0131 n\u00f6tralize ederek ve n\u00f6tr ya\u011f\u0131 direkt olarak i\u015fleyerek y\u0131ll\u0131k 62.136 ton biyodizel ve 8.100 ton gliserin \u00fcretimi ger\u00e7ekle\u015ftiriyor.<\/p>\n<p>Projenin ger\u00e7ekle\u015fmesi ile bitkisel at\u0131kya\u011f kullan\u0131m oran\u0131 artacak ve ham bitkisel at\u0131kya\u011f kullan\u0131m oran\u0131 ayn\u0131 oranda d\u00fc\u015fecek.<\/p>\n<p>Proje sadece kullan\u0131lacak hammadde miktar\u0131ndaki art\u0131\u015f\u0131 i\u00e7erdi\u011fi i\u00e7in proje bedeli sadece makine ekipman ba\u011flant\u0131 revize i\u015flemlerinin hesaplanmas\u0131 ile belirlendi. Buna g\u00f6re projenin bedeli 20 Bin TL olarak belirlendi.<\/p>\n<p>Proje ile ilgili olarak \u00c7ED s\u00fcreci de ba\u015flad\u0131. \u00c7evresel Etki De\u011ferlendirmesi s\u00fcreci tamamlanana kadar s\u00fcre\u00e7 ile ilgili her t\u00fcrl\u00fc bilgiler ve projeye ili\u015fkin g\u00f6r\u00fc\u015f, soru ve \u00f6neriler \u0130ZM\u0130R Valili\u011fine (\u00c7evre ve \u015eehircilik \u0130l M\u00fcd\u00fcrl\u00fc\u011f\u00fc) veya \u00c7evre ve \u015eehircilik Bakanl\u0131\u011f\u0131na g\u00f6nderilecek.<\/p>\n<p>Kaynak: <a href=\"http:\/\/www.enerjigunlugu.net\/icerik\/19348\/izmirdeki-biyodizel-tesisi-atik-bitkisel-yag-kullanimini-arttiracak.html\" target=\"_blank\" rel=\"nofollow\">Enerji G\u00fcnl\u00fc\u011f\u00fc<\/a><\/p>","protected":false},"excerpt":{"rendered":"<p>Sorry, this entry is only available in Turkish. For the sake of viewer convenience, the content is shown below in the alternative language. You may click the link to switch the active language.DB Tar\u0131msal Enerji&#8217;nin \u0130zmir&#8217;de bulunan Biyodizel Yak\u0131t \u00dcretim Tesisi tek hammadde olarak kulland\u0131\u011f\u0131 at\u0131k bitkisel ya\u011f kullan\u0131m\u0131nda art\u0131\u015f sa\u011flayacak. DB Tar\u0131msal Enerji San. [&hellip;]<\/p>\n","protected":false},"author":1,"featured_media":56180,"comment_status":"open","ping_status":"open","sticky":false,"template":"","format":"standard","meta":[],"categories":[22893,53],"tags":[30995,30992,30991,30994,30993,63,67,1009,2698,165,25627,2689],"views":1300,"_links":{"self":[{"href":"https:\/\/www.enerjigazetesi.ist\/en\/wp-json\/wp\/v2\/posts\/56179"}],"collection":[{"href":"https:\/\/www.enerjigazetesi.ist\/en\/wp-json\/wp\/v2\/posts"}],"about":[{"href":"https:\/\/www.enerjigazetesi.ist\/en\/wp-json\/wp\/v2\/types\/post"}],"author":[{"embeddable":true,"href":"https:\/\/www.enerjigazetesi.ist\/en\/wp-json\/wp\/v2\/users\/1"}],"replies":[{"embeddable":true,"href":"https:\/\/www.enerjigazetesi.ist\/en\/wp-json\/wp\/v2\/comments?post=56179"}],"version-history":[{"count":3,"href":"https:\/\/www.enerjigazetesi.ist\/en\/wp-json\/wp\/v2\/posts\/56179\/revisions"}],"predecessor-version":[{"id":56183,"href":"https:\/\/www.enerjigazetesi.ist\/en\/wp-json\/wp\/v2\/posts\/56179\/revisions\/56183"}],"wp:featuredmedia":[{"embeddable":true,"href":"https:\/\/www.enerjigazetesi.ist\/en\/wp-json\/wp\/v2\/media\/56180"}],"wp:attachment":[{"href":"https:\/\/www.enerjigazetesi.ist\/en\/wp-json\/wp\/v2\/media?parent=56179"}],"wp:term":[{"taxonomy":"category","embeddable":true,"href":"https:\/\/www.enerjigazetesi.ist\/en\/wp-json\/wp\/v2\/categories?post=56179"},{"taxonomy":"post_tag","embeddable":true,"href":"https:\/\/www.enerjigazetesi.ist\/en\/wp-json\/wp\/v2\/tags?post=56179"}],"curies":[{"name":"wp","href":"https:\/\/api.w.org\/{rel}","templated":true}]}}