{"id":56133,"date":"2016-08-06T11:53:21","date_gmt":"2016-08-06T08:53:21","guid":{"rendered":"https:\/\/www.enerjigazetesi.ist\/?p=56133"},"modified":"2016-08-06T11:58:06","modified_gmt":"2016-08-06T08:58:06","slug":"apple-a-elektrik-iletimi-gerceklestirebilmesi-icin-onay-verildi","status":"publish","type":"post","link":"https:\/\/www.enerjigazetesi.ist\/en\/apple-a-elektrik-iletimi-gerceklestirebilmesi-icin-onay-verildi\/","title":{"rendered":"(Turkish) Apple&#8217;a Elektrik \u0130letimi Ger\u00e7ekle\u015ftirebilmesi \u0130\u00e7in \u0130zin Verildi&#8230;"},"content":{"rendered":"<p class=\"qtranxs-available-languages-message qtranxs-available-languages-message-en\">Sorry, this entry is only available in <a href=\"https:\/\/www.enerjigazetesi.ist\/tr\/wp-json\/wp\/v2\/posts\/56133\" class=\"qtranxs-available-language-link qtranxs-available-language-link-tr\" title=\"Turkish\">Turkish<\/a>. For the sake of viewer convenience, the content is shown below in the alternative language. You may click the link to switch the active language.<\/p><p><\/p>\n<p class=\"selectionShareable\" style=\"color: #0a0a0a;\"><strong>ABD\u2019li Federal Enerji D\u00fczenleyici Komisyonunca (FERC) yap\u0131lan a\u00e7\u0131klamada, Apple\u2019\u0131n alt kurulu\u015fu olan Apple Energy\u2019nin elektrik iletimi ger\u00e7ekle\u015ftirebilmesi i\u00e7in yap\u0131lan ba\u015fvurusunun onayland\u0131\u011f\u0131\u00a0s\u00f6ylendi.<\/strong><span id=\"more-82798\"><\/span><\/p>\n<p class=\"selectionShareable\" style=\"color: #0a0a0a;\">A\u00e7\u0131klamada, Apple Energy\u2019nin ba\u015fvurusunun, komisyonun piyasa tabanl\u0131 fiyat oran ko\u015fullar\u0131na uydu\u011fu belirtilerek, \u015firketin yar\u0131ndan itibaren elektrik iletimine hemen ba\u015flayabilece\u011fi de belirtildi.<img loading=\"lazy\" class=\"alignright size-medium wp-image-54178\" src=\"https:\/\/www.enerjigazetesi.ist\/wp-content\/uploads\/2016\/06\/apple-dan-gunes-enerjisi-satma-hazirligi-300x166.jpg\" alt=\"apple-dan-gunes-enerjisi-satma-hazirligi\" width=\"300\" height=\"166\" srcset=\"https:\/\/www.enerjigazetesi.ist\/wp-content\/uploads\/2016\/06\/apple-dan-gunes-enerjisi-satma-hazirligi-300x166.jpg 300w, https:\/\/www.enerjigazetesi.ist\/wp-content\/uploads\/2016\/06\/apple-dan-gunes-enerjisi-satma-hazirligi-500x276.jpg 500w, https:\/\/www.enerjigazetesi.ist\/wp-content\/uploads\/2016\/06\/apple-dan-gunes-enerjisi-satma-hazirligi-80x44.jpg 80w, https:\/\/www.enerjigazetesi.ist\/wp-content\/uploads\/2016\/06\/apple-dan-gunes-enerjisi-satma-hazirligi.jpg 880w\" sizes=\"(max-width: 300px) 100vw, 300px\" \/><\/p>\n<p class=\"selectionShareable\" style=\"color: #0a0a0a;\">Apple Energy, ge\u00e7en y\u0131l Kaliforniya\u2019n\u0131n San Francisco \u015fehrinde 130 megavatl\u0131k bir g\u00fcne\u015f enerjisi santraline 850 milyon dolarl\u0131k yat\u0131r\u0131m yapm\u0131\u015f ve ayr\u0131ca \u015firketin Nevada eyaletinde bulunan Nevada Power Company adl\u0131 firmada 19,9 megavatl\u0131k, Arizona eyaletindeki Salt River Project\u2019de 50 megavatl\u0131k, California Ba\u011f\u0131ms\u0131z Sistem Operat\u00f6r\u00fcn\u2019de de 130 megavatl\u0131k elektrik \u00fcretim kapasitesi hakk\u0131\u00a0da bulunmaktad\u0131r.<\/p>\n<p class=\"selectionShareable\" style=\"color: #0a0a0a;\">FERC\u2019in elektrik \u00fcretim izni, Apple Energy\u2019nin s\u00f6z konusu santrallerinden elektrik iletimine art\u0131k izin vermektedir.<\/p>\n<p class=\"selectionShareable\" style=\"color: #0a0a0a;\">Apple \u015fu anda g\u00fcne\u015f enerjisinden \u00fcretti\u011fi elektri\u011fi kendi ofislerinin, data merkezlerinin ve altyap\u0131s\u0131n\u0131n enerji ihtiyac\u0131n\u0131 kar\u015f\u0131lamak i\u00e7in kullanmaktad\u0131r.<\/p>\n<p class=\"selectionShareable\" style=\"color: #0a0a0a;\">Uzmanlar, Apple\u2019\u0131n Amerikal\u0131 t\u00fcketicilere elektrik satabilmesi i\u00e7in daha b\u00fcy\u00fck yat\u0131r\u0131mlara gereksinimi oldu\u011funa dikkati \u00e7ekerken, FERC onay\u0131 sayesinde, Apple\u2019\u0131n kendi \u00fcretip kullanmad\u0131\u011f\u0131 elektri\u011fi yerel da\u011f\u0131t\u0131m \u015firketlerine pazarlayabilece\u011fini de belirtiyorlar.<\/p>\n<p><\/p>","protected":false},"excerpt":{"rendered":"<p>Sorry, this entry is only available in Turkish. For the sake of viewer convenience, the content is shown below in the alternative language. You may click the link to switch the active language. ABD\u2019li Federal Enerji D\u00fczenleyici Komisyonunca (FERC) yap\u0131lan a\u00e7\u0131klamada, Apple\u2019\u0131n alt kurulu\u015fu olan Apple Energy\u2019nin elektrik iletimi ger\u00e7ekle\u015ftirebilmesi i\u00e7in yap\u0131lan ba\u015fvurusunun onayland\u0131\u011f\u0131\u00a0s\u00f6ylendi. A\u00e7\u0131klamada, [&hellip;]<\/p>\n","protected":false},"author":1,"featured_media":54178,"comment_status":"open","ping_status":"open","sticky":false,"template":"","format":"standard","meta":[],"categories":[51,53],"tags":[2655,30979,2479,63,67,1009,2698,165],"views":894,"_links":{"self":[{"href":"https:\/\/www.enerjigazetesi.ist\/en\/wp-json\/wp\/v2\/posts\/56133"}],"collection":[{"href":"https:\/\/www.enerjigazetesi.ist\/en\/wp-json\/wp\/v2\/posts"}],"about":[{"href":"https:\/\/www.enerjigazetesi.ist\/en\/wp-json\/wp\/v2\/types\/post"}],"author":[{"embeddable":true,"href":"https:\/\/www.enerjigazetesi.ist\/en\/wp-json\/wp\/v2\/users\/1"}],"replies":[{"embeddable":true,"href":"https:\/\/www.enerjigazetesi.ist\/en\/wp-json\/wp\/v2\/comments?post=56133"}],"version-history":[{"count":5,"href":"https:\/\/www.enerjigazetesi.ist\/en\/wp-json\/wp\/v2\/posts\/56133\/revisions"}],"predecessor-version":[{"id":56138,"href":"https:\/\/www.enerjigazetesi.ist\/en\/wp-json\/wp\/v2\/posts\/56133\/revisions\/56138"}],"wp:featuredmedia":[{"embeddable":true,"href":"https:\/\/www.enerjigazetesi.ist\/en\/wp-json\/wp\/v2\/media\/54178"}],"wp:attachment":[{"href":"https:\/\/www.enerjigazetesi.ist\/en\/wp-json\/wp\/v2\/media?parent=56133"}],"wp:term":[{"taxonomy":"category","embeddable":true,"href":"https:\/\/www.enerjigazetesi.ist\/en\/wp-json\/wp\/v2\/categories?post=56133"},{"taxonomy":"post_tag","embeddable":true,"href":"https:\/\/www.enerjigazetesi.ist\/en\/wp-json\/wp\/v2\/tags?post=56133"}],"curies":[{"name":"wp","href":"https:\/\/api.w.org\/{rel}","templated":true}]}}