{"id":5612,"date":"2013-01-25T10:06:22","date_gmt":"2013-01-25T07:06:22","guid":{"rendered":"https:\/\/www.enerjigazetesi.ist\/?p=5612"},"modified":"2013-01-25T10:06:22","modified_gmt":"2013-01-25T07:06:22","slug":"enerji-verimliligi-turkiyenin-gelecegi","status":"publish","type":"post","link":"https:\/\/www.enerjigazetesi.ist\/en\/enerji-verimliligi-turkiyenin-gelecegi\/","title":{"rendered":"(Turkish) Enerji Verimlili\u011fi T\u00fcrkiye\u2019nin Gelece\u011fi"},"content":{"rendered":"<p class=\"qtranxs-available-languages-message qtranxs-available-languages-message-en\">Sorry, this entry is only available in <a href=\"https:\/\/www.enerjigazetesi.ist\/tr\/wp-json\/wp\/v2\/posts\/5612\" class=\"qtranxs-available-language-link qtranxs-available-language-link-tr\" title=\"Turkish\">Turkish<\/a>. For the sake of viewer convenience, the content is shown below in the alternative language. You may click the link to switch the active language.<\/p><p><strong>BUS\u0130AD \u00c7evre ve \u0130\u015f G\u00fcvenli\u011fi Uzmanl\u0131k Grubu ile Bursa ENVER Derne\u011fi taraf\u0131ndan BUS\u0130AD Evi\u2019nde, Enerji Verimlili\u011fi Paneli\u2019nin ikincisine kat\u0131ld\u0131k. Panel, BUS\u0130AD \u00fcyesi i\u015fadamlar\u0131, Bursa ve kom\u015fu illerin sanayi odalar\u0131 \u00fcyeleri, sivil toplum kurulu\u015flar\u0131 ve sekt\u00f6r yetkililerinin kat\u0131l\u0131m\u0131yla ger\u00e7ekle\u015fti. Panele ilgi b\u00fcy\u00fckt\u00fc.<\/strong><\/p>\n<p><img loading=\"lazy\" class=\"alignright size-full wp-image-5613\" title=\"163908-dunyada-oyunlar-enerji-uzerine-kuruluyor-510118bc5b317\" src=\"https:\/\/www.enerjigazetesi.ist\/wp-content\/uploads\/2013\/01\/163908-dunyada-oyunlar-enerji-uzerine-kuruluyor-510118bc5b317.jpg\" alt=\"\" width=\"300\" height=\"200\" srcset=\"https:\/\/www.enerjigazetesi.ist\/wp-content\/uploads\/2013\/01\/163908-dunyada-oyunlar-enerji-uzerine-kuruluyor-510118bc5b317.jpg 300w, https:\/\/www.enerjigazetesi.ist\/wp-content\/uploads\/2013\/01\/163908-dunyada-oyunlar-enerji-uzerine-kuruluyor-510118bc5b317-75x50.jpg 75w\" sizes=\"(max-width: 300px) 100vw, 300px\" \/>De\u011fi\u015fen enerji yasalar\u0131, artan enerji maliyetleri, son y\u0131llarda g\u00fcndeme gelen alternatif enerji kaynaklar\u0131, sanayicinin avantajlar\u0131n\u0131n ve dezavantajlar\u0131n\u0131n neler oldu\u011funu anlatmay\u0131 ama\u00e7 edinmi\u015fti.<\/p>\n<p>G\u00fcndemi, son g\u00fcnlerde s\u0131k\u00e7a var olu\u015fu ile <strong>karbon piyasas\u0131, yenilenebilir enerji kaynaklar\u0131 ve enerji verimlili\u011fi mevzuat\u0131<\/strong> ile ilgili konular idi. Ama \u00f6nerilen kavram enerji tasarrufu de\u011fil <strong>enerji verimlili\u011fi<\/strong> \u00fczerineydi.<\/p>\n<p>Neden enerji tasarrufu de\u011fil de enerji verimlili\u011fi \u00fczerine oldu\u011funun alt\u0131n\u0131 \u00e7izdim \u00f6zellikle, g\u00f6steriyor ki h\u00e2l\u00e2 aradaki fark\u0131 ciddi ay\u0131rt etmek gerekiyor.<\/p>\n<p>Zira enerji tasarrufu, ihtiya\u00e7lardan \u00f6d\u00fcn vererek daha az enerji kullanmaksa, enerji verimlili\u011fi ise ya\u015fam standard\u0131m\u0131z ve \u00fcretim kalitesinden \u00f6d\u00fcn vermeden ayn\u0131 miktarda mal ve hizmet i\u00e7in daha az enerji ki; <strong>hadi iki lambadan birini s\u00f6nd\u00fcrmeyelim, daha verimli ayd\u0131nlatma teknolojileri geli\u015ftirelim T\u00fcrkiye\u2019nin gelece\u011fi i\u00e7in\u2026<\/strong><\/p>\n<p>\u00dclkemiz bu kadar enerji a\u00e7l\u0131\u011f\u0131 konusunda i\u00e7ler ac\u0131s\u0131yken, enerji talebi art\u0131\u015f\u0131nda OECD \u00fclkeleri aras\u0131nda ilk s\u0131rada yer al\u0131yormu\u015fuz. Son 10 y\u0131la bakt\u0131\u011f\u0131m\u0131zda ise, <strong>elektrik ve do\u011falgaz talep art\u0131\u015f\u0131nda ise \u00c7in\u2019in ard\u0131ndan d\u00fcnya ikincisiymi\u015fiz.<\/strong> Ki\u015fi ba\u015f\u0131na enerji t\u00fcketiminde de AB \u00fclkeleri aras\u0131nda h\u00e2l\u00e2 <strong>son s\u0131raday\u0131z<\/strong>. Oh ne g\u00fczel! Ne mutlu, <strong>\u00f6n\u00fcm\u00fczdeki y\u0131llarda da enerji ihtiyac\u0131m\u0131z maalesef daha da artacak.<\/strong><\/p>\n<p>\u00dclkemizin cari a\u00e7\u0131\u011f\u0131n\u0131n olmas\u0131n\u0131n en \u00f6nemli nedeni de enerjide d\u0131\u015fa ba\u011f\u0131ml\u0131 olmam\u0131zd\u0131r. Biliyor muydunuz; \u00fclke olarak enerji faturam\u0131z bu y\u0131l 65 milyar Dolar\u2019a \u00e7\u0131km\u0131\u015f. Petrol ve do\u011falgaz boru hatlar\u0131yla ald\u0131\u011f\u0131m\u0131z enerjiye kar\u015f\u0131l\u0131k ayn\u0131 \u015fekilde Rusya ve Ortado\u011fu \u00fclkelerine Dolar ak\u0131t\u0131rken, sanal Dolar boru hatt\u0131ndan bu \u00fclkelere saatte ortalama 7,5 milyon Dolar pompal\u0131yormu\u015fuz.<\/p>\n<p><strong>Kurulu d\u00fczen \u00e7ark\u0131n\u0131 \u00e7evirmek, enerjide d\u0131\u015fa ba\u011f\u0131ml\u0131l\u0131k kaderimiz olmamal\u0131d\u0131r.<\/strong> Paneldeki \u00e7\u0131k\u0131\u015f yolundan yola \u00e7\u0131karak enerji verimlili\u011fi, yenilenebilir enerji kaynaklar\u0131na y\u00f6nelme, yerli k\u00f6m\u00fcr ve hidroelektrik gibi \u00f6z kaynaklar\u0131m\u0131zdan daha verimli yararlanma ile mak\u00fbs talihimizi yenebiliriz.<\/p>\n<p>Bilimsel de\u011ferlendirmelere g\u00f6re, \u00fclkemizin bu kadar ciddi bir enerji verimlili\u011fi potansiyeli varken, sekt\u00f6rlerde ula\u015f\u0131mda %15, sanayide %20, in\u015faatta ise %30 var. B\u00f6ylelikle enerji verimlili\u011fi aktifli\u011fi ile 2020 y\u0131l\u0131 enerji talebi %20 oran\u0131nda azalt\u0131labilirmi\u015f.<\/p>\n<p>Oturum bitiminde ben de d\u00e2hil olmak \u00fczere \u00f6ncelikle herkese \u00e7ok fazla g\u00f6rev d\u00fc\u015f\u00fcyor. \u0130\u015f yerlerinde ciddi bir enerji et\u00fcd\u00fc yaparak verimlilik f\u0131rsatlar\u0131n\u0131 belirlemek, hedefler koymak gereklili\u011fi ve daha verimli ayd\u0131nlatma teknolojileri kullanmak \u00f6nceli\u011fimiz olmal\u0131.<\/p>\n<p>Bursa\u2019da 3 y\u0131l, T\u00fcrkiye\u2019de 7-8 y\u0131l, di\u011fer \u00fclkelerde ise 20 y\u0131ld\u0131r enerji verimlili\u011fi duyurulmaya \u00e7al\u0131\u015f\u0131l\u0131yor. Biz yine gecikmedeyiz ne de olsa\u2026 <strong>D\u00fcnyadaki b\u00fct\u00fcn politikalar\u0131 enerji \u00fczerineyken, biz tam enerji \u00fcretenle t\u00fcketenler aras\u0131nda kalm\u0131\u015f\u0131z.<\/strong> D\u00fcnya \u015fehirlere ak\u0131yor, \u015fehirleri y\u00f6netmek zorla\u015f\u0131yor. Ayd\u0131nlatandan \u00e7ok \u201cayd\u0131nl\u0131k\u201d i\u00e7in hayat\u0131n her alan\u0131nda tasarruf de\u011fil, enerji verimlili\u011fi diyorum. Hen\u00fcz g\u00fcndemde olmayan di\u011fer bir a\u015fama da enerji verimlili\u011finden sonra su verimlili\u011fi olacakt\u0131r.<\/p>\n<p>Toplant\u0131n\u0131n sonunda panelistlere birer plaket sunuldu. D\u00fcnya ye\u015fil ekonominin yolunda giderken, hayat\u0131 etkileyecek sanayiler de haz\u0131r olmal\u0131, \u00fcretim s\u00fcre\u00e7leri organize edilmeli. <strong>Akla enerji deyince ilk elektrik tak\u0131lmamal\u0131, otomotiv, ula\u015f\u0131m, binalar vs. \u00fcst\u00fcnde fazlas\u0131yla durulmal\u0131.<\/strong><\/p>\n<p>Kaynak: <a href=\"http:\/\/www.kentgazetesi.com\/?p=45214\" target=\"_blank\">Kent Gazetesi<\/a><\/p>","protected":false},"excerpt":{"rendered":"<p>Sorry, this entry is only available in Turkish. For the sake of viewer convenience, the content is shown below in the alternative language. You may click the link to switch the active language.BUS\u0130AD \u00c7evre ve \u0130\u015f G\u00fcvenli\u011fi Uzmanl\u0131k Grubu ile Bursa ENVER Derne\u011fi taraf\u0131ndan BUS\u0130AD Evi\u2019nde, Enerji Verimlili\u011fi Paneli\u2019nin ikincisine kat\u0131ld\u0131k. Panel, BUS\u0130AD \u00fcyesi i\u015fadamlar\u0131, [&hellip;]<\/p>\n","protected":false},"author":1,"featured_media":5613,"comment_status":"open","ping_status":"open","sticky":false,"template":"","format":"standard","meta":[],"categories":[53,52],"tags":[1985,67,12,1526,1986,1988,846,133,1987],"views":509,"_links":{"self":[{"href":"https:\/\/www.enerjigazetesi.ist\/en\/wp-json\/wp\/v2\/posts\/5612"}],"collection":[{"href":"https:\/\/www.enerjigazetesi.ist\/en\/wp-json\/wp\/v2\/posts"}],"about":[{"href":"https:\/\/www.enerjigazetesi.ist\/en\/wp-json\/wp\/v2\/types\/post"}],"author":[{"embeddable":true,"href":"https:\/\/www.enerjigazetesi.ist\/en\/wp-json\/wp\/v2\/users\/1"}],"replies":[{"embeddable":true,"href":"https:\/\/www.enerjigazetesi.ist\/en\/wp-json\/wp\/v2\/comments?post=5612"}],"version-history":[{"count":1,"href":"https:\/\/www.enerjigazetesi.ist\/en\/wp-json\/wp\/v2\/posts\/5612\/revisions"}],"predecessor-version":[{"id":5614,"href":"https:\/\/www.enerjigazetesi.ist\/en\/wp-json\/wp\/v2\/posts\/5612\/revisions\/5614"}],"wp:featuredmedia":[{"embeddable":true,"href":"https:\/\/www.enerjigazetesi.ist\/en\/wp-json\/wp\/v2\/media\/5613"}],"wp:attachment":[{"href":"https:\/\/www.enerjigazetesi.ist\/en\/wp-json\/wp\/v2\/media?parent=5612"}],"wp:term":[{"taxonomy":"category","embeddable":true,"href":"https:\/\/www.enerjigazetesi.ist\/en\/wp-json\/wp\/v2\/categories?post=5612"},{"taxonomy":"post_tag","embeddable":true,"href":"https:\/\/www.enerjigazetesi.ist\/en\/wp-json\/wp\/v2\/tags?post=5612"}],"curies":[{"name":"wp","href":"https:\/\/api.w.org\/{rel}","templated":true}]}}