{"id":56113,"date":"2016-08-05T14:53:42","date_gmt":"2016-08-05T11:53:42","guid":{"rendered":"https:\/\/www.enerjigazetesi.ist\/?p=56113"},"modified":"2016-08-05T14:54:59","modified_gmt":"2016-08-05T11:54:59","slug":"elektrik-piyasasi-tuketici-hizmetleri-yonetmeliginde-degisiklik-yapildi","status":"publish","type":"post","link":"https:\/\/www.enerjigazetesi.ist\/en\/elektrik-piyasasi-tuketici-hizmetleri-yonetmeliginde-degisiklik-yapildi\/","title":{"rendered":"(Turkish) Elektrik Piyasas\u0131 T\u00fcketici Hizmetleri Y\u00f6netmeli\u011fi\u2019nde De\u011fi\u015fiklik Yap\u0131ld\u0131!"},"content":{"rendered":"<p class=\"qtranxs-available-languages-message qtranxs-available-languages-message-en\">Sorry, this entry is only available in <a href=\"https:\/\/www.enerjigazetesi.ist\/tr\/wp-json\/wp\/v2\/posts\/56113\" class=\"qtranxs-available-language-link qtranxs-available-language-link-tr\" title=\"Turkish\">Turkish<\/a>. For the sake of viewer convenience, the content is shown below in the alternative language. You may click the link to switch the active language.<\/p><p><\/p>\n<p class=\"selectionShareable\" style=\"color: #0a0a0a;\"><strong>Enerji Piyasas\u0131 D\u00fczenleme Kurumu (EPDK) taraf\u0131ndan elektrik kullan\u0131m\u0131nda, mevzuat\u0131n gerektirdi\u011fi \u00f6zel haller d\u0131\u015f\u0131nda, t\u00fcketiciye ayn\u0131 d\u00f6nem i\u00e7inde birden fazla fatura gelmesinin \u00f6n\u00fcne ge\u00e7mek i\u00e7in d\u00fczenlemeler yap\u0131ld\u0131.<\/strong><span id=\"more-82769\"><\/span><\/p>\n<p class=\"selectionShareable\" style=\"color: #0a0a0a;\">EPDK\u2019n\u0131n, Elektrik Piyasas\u0131 T\u00fcketici Hizmetleri Y\u00f6netmeli\u011fi\u2019nde De\u011fi\u015fiklik Yap\u0131lmas\u0131na Dair Y\u00f6netmeli\u011fi, Resmi Gazete\u2019nin bug\u00fcnk\u00fc say\u0131s\u0131nda yay\u0131mland\u0131.<img loading=\"lazy\" class=\"alignright size-medium wp-image-35334\" src=\"https:\/\/www.enerjigazetesi.ist\/wp-content\/uploads\/2015\/01\/elektrik-faturas\u0131-239782333323-300x224.jpg\" alt=\"elektrik-faturas\u0131-239782333323\" width=\"300\" height=\"224\" srcset=\"https:\/\/www.enerjigazetesi.ist\/wp-content\/uploads\/2015\/01\/elektrik-faturas\u0131-239782333323-300x224.jpg 300w, https:\/\/www.enerjigazetesi.ist\/wp-content\/uploads\/2015\/01\/elektrik-faturas\u0131-239782333323-500x374.jpg 500w, https:\/\/www.enerjigazetesi.ist\/wp-content\/uploads\/2015\/01\/elektrik-faturas\u0131-239782333323-66x50.jpg 66w, https:\/\/www.enerjigazetesi.ist\/wp-content\/uploads\/2015\/01\/elektrik-faturas\u0131-239782333323.jpg 870w\" sizes=\"(max-width: 300px) 100vw, 300px\" \/><\/p>\n<p class=\"selectionShareable\" style=\"color: #0a0a0a;\">Bununla birlikte, elektrik da\u011f\u0131t\u0131m \u015firketleri, elektrik saya\u00e7lar\u0131n\u0131 en az 25 en fazla 35 g\u00fcn olarak belirleyecekleri d\u00f6nemler i\u00e7inde her takvim ay\u0131nda bir defa okuyacak ve bu, ayl\u0131k okuma olarak kabul edilecektir.<\/p>\n<p class=\"selectionShareable\" style=\"color: #0a0a0a;\">Ayr\u0131ca elektrik t\u00fcketim miktar\u0131n\u0131n tespiti, okuma ve fatura d\u00f6nemlerine ili\u015fkin \u00f6n \u00f6demeli saya\u00e7 kullan\u0131lmas\u0131 gibi haller d\u0131\u015f\u0131nda, \u00f6deme bildirimine esas fatura d\u00f6nemi, ayl\u0131k olarak veya bir y\u0131l\u0131 ge\u00e7memek \u00fczere daha uzun d\u00f6nemlerle perakende sat\u0131\u015f s\u00f6zle\u015fmesi veya ikili anla\u015fmada belirlenecektir.<\/p>\n<p class=\"selectionShareable\" style=\"color: #0a0a0a;\">Perakende Sat\u0131\u015f S\u00f6zle\u015fmesi kapsam\u0131 ile; ayn\u0131 ay i\u00e7inde enerjinin bor\u00e7tan dolay\u0131 kesilmesi, s\u00f6zle\u015fmenin sona ermesi veya feshi veya tedarik\u00e7i de\u011fi\u015fikli\u011fi nedeniyle yap\u0131lacak faturalamalar gibi mevzuatta \u00f6zel olarak tan\u0131mlanan haller d\u0131\u015f\u0131nda, birden fazla faturalama\u00a0yap\u0131lamayacakt\u0131r.<\/p>\n<p class=\"selectionShareable\" style=\"color: #0a0a0a;\">De\u011fi\u015fiklikle, t\u00fcketicinin talebi halinde, faturalaman\u0131n 3 ay\u0131 ge\u00e7mesi durumunda, d\u00f6nemi i\u00e7indeki ay say\u0131s\u0131n\u0131 a\u015fmamak \u00fczere, t\u00fcketiciye vade fark\u0131 uygulanmaks\u0131z\u0131n taksit imkan\u0131 da sa\u011flanm\u0131\u015f oldu.<\/p>\n<p class=\"selectionShareable\" style=\"color: #0a0a0a;\">Mevzuat\u0131n gerektirdi\u011fi \u00f6zel haller d\u0131\u015f\u0131nda ayn\u0131 ay i\u00e7inde birden fazla faturalama yap\u0131lmas\u0131na engel olacak de\u011fi\u015fiklikle, zaman\u0131nda \u00f6denmeyen bor\u00e7lara ili\u015fkin olarak, uygulamada t\u00fcketicilerin \u00e7ok d\u00fc\u015f\u00fck miktardaki bedeller i\u00e7in yasal takibe al\u0131n\u0131p vekalet \u00fccreti ve icra masraflar\u0131n\u0131n eklenerek ma\u011fdur edilmesinin \u00f6n\u00fcne ge\u00e7ilmesi\u00a0de hedeflenmektedir.<\/p>\n<p><\/p>","protected":false},"excerpt":{"rendered":"<p>Sorry, this entry is only available in Turkish. For the sake of viewer convenience, the content is shown below in the alternative language. You may click the link to switch the active language. Enerji Piyasas\u0131 D\u00fczenleme Kurumu (EPDK) taraf\u0131ndan elektrik kullan\u0131m\u0131nda, mevzuat\u0131n gerektirdi\u011fi \u00f6zel haller d\u0131\u015f\u0131nda, t\u00fcketiciye ayn\u0131 d\u00f6nem i\u00e7inde birden fazla fatura gelmesinin \u00f6n\u00fcne [&hellip;]<\/p>\n","protected":false},"author":1,"featured_media":35819,"comment_status":"open","ping_status":"open","sticky":false,"template":"","format":"standard","meta":[],"categories":[51,53],"tags":[68,61,19638,1451,2873,63,67,1009,2698,165,30964],"views":807,"_links":{"self":[{"href":"https:\/\/www.enerjigazetesi.ist\/en\/wp-json\/wp\/v2\/posts\/56113"}],"collection":[{"href":"https:\/\/www.enerjigazetesi.ist\/en\/wp-json\/wp\/v2\/posts"}],"about":[{"href":"https:\/\/www.enerjigazetesi.ist\/en\/wp-json\/wp\/v2\/types\/post"}],"author":[{"embeddable":true,"href":"https:\/\/www.enerjigazetesi.ist\/en\/wp-json\/wp\/v2\/users\/1"}],"replies":[{"embeddable":true,"href":"https:\/\/www.enerjigazetesi.ist\/en\/wp-json\/wp\/v2\/comments?post=56113"}],"version-history":[{"count":3,"href":"https:\/\/www.enerjigazetesi.ist\/en\/wp-json\/wp\/v2\/posts\/56113\/revisions"}],"predecessor-version":[{"id":56116,"href":"https:\/\/www.enerjigazetesi.ist\/en\/wp-json\/wp\/v2\/posts\/56113\/revisions\/56116"}],"wp:featuredmedia":[{"embeddable":true,"href":"https:\/\/www.enerjigazetesi.ist\/en\/wp-json\/wp\/v2\/media\/35819"}],"wp:attachment":[{"href":"https:\/\/www.enerjigazetesi.ist\/en\/wp-json\/wp\/v2\/media?parent=56113"}],"wp:term":[{"taxonomy":"category","embeddable":true,"href":"https:\/\/www.enerjigazetesi.ist\/en\/wp-json\/wp\/v2\/categories?post=56113"},{"taxonomy":"post_tag","embeddable":true,"href":"https:\/\/www.enerjigazetesi.ist\/en\/wp-json\/wp\/v2\/tags?post=56113"}],"curies":[{"name":"wp","href":"https:\/\/api.w.org\/{rel}","templated":true}]}}