{"id":56090,"date":"2016-08-05T13:59:03","date_gmt":"2016-08-05T10:59:03","guid":{"rendered":"https:\/\/www.enerjigazetesi.ist\/?p=56090"},"modified":"2016-08-05T13:59:03","modified_gmt":"2016-08-05T10:59:03","slug":"en-buyuk-biyokutle-fabrikasi-balikesirde-faaliyete-geciyor","status":"publish","type":"post","link":"https:\/\/www.enerjigazetesi.ist\/en\/en-buyuk-biyokutle-fabrikasi-balikesirde-faaliyete-geciyor\/","title":{"rendered":"(Turkish) En B\u00fcy\u00fck Biyok\u00fctle Fabrikas\u0131 Bal\u0131kesir\u2019de Faaliyete Ge\u00e7iyor&#8230;"},"content":{"rendered":"<p class=\"qtranxs-available-languages-message qtranxs-available-languages-message-en\">Sorry, this entry is only available in <a href=\"https:\/\/www.enerjigazetesi.ist\/tr\/wp-json\/wp\/v2\/posts\/56090\" class=\"qtranxs-available-language-link qtranxs-available-language-link-tr\" title=\"Turkish\">Turkish<\/a>. For the sake of viewer convenience, the content is shown below in the alternative language. You may click the link to switch the active language.<\/p><p><\/p>\n<p class=\"selectionShareable\" style=\"color: #0a0a0a;\"><strong>Bal\u0131kesir\u2019in G\u00f6nen il\u00e7esinde kurulan T\u00fcrkiye\u2019nin en b\u00fcy\u00fck biyok\u00fctle fabrikas\u0131 Eyl\u00fcl ay\u0131nda \u00fcretime ge\u00e7iyor.\u00a0<\/strong><strong>M\u0131s\u0131r, kanola, \u00e7eltik sap\u0131 gibi \u00fcr\u00fcnlerle hayvansal at\u0131klar\u0131n yak\u0131t olarak de\u011ferlendirilece\u011fi fabrika, T\u00fcrkiye\u2019nin enerji \u00fcretimine b\u00fcy\u00fck katk\u0131lar sa\u011flayacak.<\/strong><\/p>\n<p class=\"selectionShareable\" style=\"color: #0a0a0a;\">\n<p class=\"selectionShareable\" style=\"color: #0a0a0a;\">Bal\u0131kesir\u2019in G\u00f6nen il\u00e7esi T\u00fcrkiye\u2019nin en b\u00fcy\u00fck biyok\u00fctle fabrikas\u0131n\u0131 \u00fcretime ge\u00e7irmenin heyecan\u0131n\u0131 ya\u015f\u0131yor. Eyl\u00fcl ay\u0131nda \u015falteri indirecek fabrikan\u0131n projesi Avrupa Yat\u0131r\u0131m Bankas\u0131 (EIB) ile Avrupa Komisyonunun (EC) deste\u011fiyle Avrupa \u0130mar ve Kalk\u0131nma <a href=\"https:\/\/www.enerjigazetesi.ist\/wp-content\/uploads\/2016\/08\/en-buyuk-biyokutle-fabrikasi-balikesirde-faaliyete-geciyor.jpg\"><img loading=\"lazy\" class=\"alignright size-medium wp-image-56091\" src=\"https:\/\/www.enerjigazetesi.ist\/wp-content\/uploads\/2016\/08\/en-buyuk-biyokutle-fabrikasi-balikesirde-faaliyete-geciyor-300x168.jpg\" alt=\"en-buyuk-biyokutle-fabrikasi-balikesirde-faaliyete-geciyor\" width=\"300\" height=\"168\" srcset=\"https:\/\/www.enerjigazetesi.ist\/wp-content\/uploads\/2016\/08\/en-buyuk-biyokutle-fabrikasi-balikesirde-faaliyete-geciyor-300x168.jpg 300w, https:\/\/www.enerjigazetesi.ist\/wp-content\/uploads\/2016\/08\/en-buyuk-biyokutle-fabrikasi-balikesirde-faaliyete-geciyor-500x280.jpg 500w, https:\/\/www.enerjigazetesi.ist\/wp-content\/uploads\/2016\/08\/en-buyuk-biyokutle-fabrikasi-balikesirde-faaliyete-geciyor-80x44.jpg 80w, https:\/\/www.enerjigazetesi.ist\/wp-content\/uploads\/2016\/08\/en-buyuk-biyokutle-fabrikasi-balikesirde-faaliyete-geciyor.jpg 696w\" sizes=\"(max-width: 300px) 100vw, 300px\" \/><\/a>Bankas\u0131 (EBRD) taraf\u0131ndan uygulamaya konan T\u00fcrkiye Orta \u00d6l\u00e7ekli S\u00fcrd\u00fcr\u00fclebilir Enerji Finansman Program\u0131\u2019n\u0131n (MIDSEFF) vizyon projesi se\u00e7ildi. Mutlular Enerji imzas\u0131 ta\u015f\u0131yan fabrika 30 MW kapasitesi ile T\u00fcrkiye\u2019nin de \u00f6nemli enerji ihtiyac\u0131n\u0131 kar\u015f\u0131layacak. Eyl\u00fcl ay\u0131nda enerji \u00fcretimine ba\u015flanaca\u011f\u0131n\u0131 bildiren yat\u0131r\u0131mc\u0131 \u0130brahim Mutlu, \u201c\u00c7in\u2019den hafta sonunda 36 ki\u015filik i\u015f\u00e7i grubu geliyor. Yeni gelecek grupla in\u015faat\u0131m\u0131zda 110\u2019u T\u00fcrk 100\u2019\u00fc \u00c7inli olmak \u00fczere 210 i\u015f\u00e7i \u00e7al\u0131\u015facak\u201d dedi.<\/p>\n<p class=\"selectionShareable\" style=\"color: #0a0a0a;\">T\u00fcrkiye\u2019nin en b\u00fcy\u00fck biyok\u00fctle enerji santralini G\u00f6nen\u2019e kazand\u0131ran Mutlular Enerji \u015eirketinin, Deri Karma \u0130htisas Sanayi B\u00f6lgesindeki yat\u0131r\u0131m\u0131 Eyl\u00fcl ay\u0131nda \u015falteri indirecek. Bitkisel ve hayvansal at\u0131klar\u0131n geri d\u00f6n\u00fc\u015f\u00fcmle, enerjiye d\u00f6n\u00fc\u015ft\u00fcr\u00fclece\u011fi tesisin M\u0130DSEFF taraf\u0131ndan vizyon projesi \u00f6d\u00fcl\u00fc ald\u0131\u011f\u0131n\u0131 hat\u0131rlatan yat\u0131r\u0131mc\u0131 \u0130brahim Mutlu, \u201c60 Milyon dolara mal olan Enerji tesisi in\u015faat\u0131m\u0131zda sona geldik. Eyl\u00fcl ay\u0131nda hizmete a\u00e7aca\u011f\u0131z. G\u00f6nen\u2019e, Bal\u0131kesir\u2019e, T\u00fcrkiye\u2019ye hay\u0131rl\u0131 olsun\u201d \u015feklinde konu\u015ftu.<br \/>\nHain darbe giri\u015fiminin yat\u0131r\u0131mlar\u0131n\u0131 aksatmad\u0131\u011f\u0131n\u0131 da aktaran i\u015f adam\u0131 \u0130brahim Mutlu, Biyok\u00fctle enerji santrali ile \u00fclke ekonomisine katma de\u011fer sa\u011flarken, b\u00f6lge \u00e7ift\u00e7isinin de kazanaca\u011f\u0131na de\u011finerek, \u201cEnerji tesisimiz ile hem \u00fclkemiz hem de \u00e7ift\u00e7imiz kazanacak. M\u0131s\u0131r, kanalo, \u00e7eltik sap\u0131n\u0131n yan\u0131 s\u0131ra orman alt\u0131n\u0131n da yak\u0131t olarak kullan\u0131laca\u011f\u0131 tesisimizde, hayvansal at\u0131klarda yak\u0131t olarak de\u011ferlendirilecek. \u00c7ift\u00e7imizden ald\u0131\u011f\u0131m\u0131z m\u0131s\u0131r, kanalo ve \u00e7eltik sap\u0131 i\u00e7in kendilerine bedel \u00f6deyece\u011fiz\u201d dedi.<\/p>\n<p class=\"selectionShareable\" style=\"color: #0a0a0a;\">65 MW kurulu g\u00fcce sahip ikinci b\u00fcyok\u00fctle enerji tesisinin projesinin haz\u0131r olup\u00a0hafriyat i\u015fleri devem eden ikinci tesisin \u00c7ED s\u00fcrecinin devam etti\u011fini belirten\u00a0Mutlular Enerji \u015eirketi Y\u00f6netim Kurulu Ba\u015fkan\u0131 \u0130brahim Mutlu, \u201c100 Milyon dolara mal olacak 2. enerji tesisimizin temelini de 2017 y\u0131l\u0131n\u0131n ilk aylar\u0131nda atmay\u0131 planl\u0131yoruz. Mutlular Eneri olarak, Bal\u0131kesir\u2019in t\u00fcketti\u011fi enerjiyi \u00fcretece\u011fiz\u201d\u00a0dedi.<\/p>\n<p class=\"selectionShareable\" style=\"color: #0a0a0a;\">Kaynak: Enerji Enstit\u00fcs\u00fc<\/p>\n<p><\/p>","protected":false},"excerpt":{"rendered":"<p>Sorry, this entry is only available in Turkish. For the sake of viewer convenience, the content is shown below in the alternative language. You may click the link to switch the active language. Bal\u0131kesir\u2019in G\u00f6nen il\u00e7esinde kurulan T\u00fcrkiye\u2019nin en b\u00fcy\u00fck biyok\u00fctle fabrikas\u0131 Eyl\u00fcl ay\u0131nda \u00fcretime ge\u00e7iyor.\u00a0M\u0131s\u0131r, kanola, \u00e7eltik sap\u0131 gibi \u00fcr\u00fcnlerle hayvansal at\u0131klar\u0131n yak\u0131t olarak [&hellip;]<\/p>\n","protected":false},"author":1,"featured_media":56091,"comment_status":"open","ping_status":"open","sticky":false,"template":"","format":"standard","meta":[],"categories":[22893,53],"tags":[1678,30951,63,67,1009,2698,165,23707,22929],"views":1302,"_links":{"self":[{"href":"https:\/\/www.enerjigazetesi.ist\/en\/wp-json\/wp\/v2\/posts\/56090"}],"collection":[{"href":"https:\/\/www.enerjigazetesi.ist\/en\/wp-json\/wp\/v2\/posts"}],"about":[{"href":"https:\/\/www.enerjigazetesi.ist\/en\/wp-json\/wp\/v2\/types\/post"}],"author":[{"embeddable":true,"href":"https:\/\/www.enerjigazetesi.ist\/en\/wp-json\/wp\/v2\/users\/1"}],"replies":[{"embeddable":true,"href":"https:\/\/www.enerjigazetesi.ist\/en\/wp-json\/wp\/v2\/comments?post=56090"}],"version-history":[{"count":2,"href":"https:\/\/www.enerjigazetesi.ist\/en\/wp-json\/wp\/v2\/posts\/56090\/revisions"}],"predecessor-version":[{"id":56093,"href":"https:\/\/www.enerjigazetesi.ist\/en\/wp-json\/wp\/v2\/posts\/56090\/revisions\/56093"}],"wp:featuredmedia":[{"embeddable":true,"href":"https:\/\/www.enerjigazetesi.ist\/en\/wp-json\/wp\/v2\/media\/56091"}],"wp:attachment":[{"href":"https:\/\/www.enerjigazetesi.ist\/en\/wp-json\/wp\/v2\/media?parent=56090"}],"wp:term":[{"taxonomy":"category","embeddable":true,"href":"https:\/\/www.enerjigazetesi.ist\/en\/wp-json\/wp\/v2\/categories?post=56090"},{"taxonomy":"post_tag","embeddable":true,"href":"https:\/\/www.enerjigazetesi.ist\/en\/wp-json\/wp\/v2\/tags?post=56090"}],"curies":[{"name":"wp","href":"https:\/\/api.w.org\/{rel}","templated":true}]}}